{"id":565408,"date":"2022-11-11T00:06:00","date_gmt":"2022-11-11T06:06:00","guid":{"rendered":"https:\/\/www.diarioimagen.net\/?p=565408"},"modified":"2022-11-14T03:21:56","modified_gmt":"2022-11-14T09:21:56","slug":"arranco-con-exito-el-primer-concurso-jovenes-solistas-mexiquenses-2022-de-la-autonoma-mexiquense","status":"publish","type":"post","link":"https:\/\/www.diarioimagen.net\/?p=565408","title":{"rendered":"Arranc\u00f3 con \u00e9xito el Primer Concurso \u201cJ\u00f3venes Solistas Mexiquenses 2022\u201d de la Aut\u00f3noma mexiquense"},"content":{"rendered":"<p><em>\u00a0<\/em><\/p>\n<ul>\n<li><strong><em>Los ganadores de este a\u00f1o: Jos\u00e9 Enrique Loera Mej\u00eda, en violoncello; Tadeo Garc\u00eda Flores, en contrabajo, y Jos\u00e9 Antonio Meza Romero, en clarinete; se presentaron en concierto con la Orquesta Sinf\u00f3nica Juvenil de la UAEM\u00e9x<\/em><\/strong><\/li>\n<\/ul>\n<p>&nbsp;<\/p>\n<div id=\"attachment_565459\" style=\"width: 470px\" class=\"wp-caption aligncenter\"><img loading=\"lazy\" decoding=\"async\" aria-describedby=\"caption-attachment-565459\" class=\"size-full wp-image-565459\" src=\"https:\/\/www.diarioimagen.net\/wp-content\/uploads\/2022\/11\/uaem-jovenes.jpg\" alt=\"\" width=\"460\" height=\"270\" \/><p id=\"caption-attachment-565459\" class=\"wp-caption-text\">Como resultado del Primer Concurso \u201cJ\u00f3venes m\u00fasicos mexiquenses y comunidad musical del Estado de M\u00e9xico\u201d, se realiz\u00f3 el concierto de la Orquesta Sinf\u00f3nica Juvenil de la UAEM\u00e9x<\/p><\/div>\n<p>&nbsp;<\/p>\n<p><strong>Toluca, Estado de M\u00e9xico.\u2014 <\/strong>En el nuevo Centro Tolz\u00fa, la Orquesta Sinf\u00f3nica Juvenil de la Universidad Aut\u00f3noma del Estado de M\u00e9xico (UAEM\u00e9x) realiz\u00f3 el concierto \u201cJ\u00f3venes Solistas Mexiquenses 2022\u201d, donde se presentaron los tres seleccionados del Primer Concurso \u201cJ\u00f3venes m\u00fasicos mexiquenses y comunidad musical del Estado de M\u00e9xico\u201d.<\/p>\n<p>Hilda Saquicoray \u00c1vila, directora de la Orquesta universitaria, asegur\u00f3 que dicha convocatoria, que surgi\u00f3 con apoyo de la Secretar\u00eda de Difusi\u00f3n Cultural, tiene el objetivo de visibilizar a los nuevos talentos en el mundo de la m\u00fasica; adem\u00e1s, afirm\u00f3 que tras el inter\u00e9s mostrado por j\u00f3venes de todo el pa\u00eds, la pr\u00f3xima invitaci\u00f3n a participar ser\u00e1 a nivel nacional en marzo de 2023.<\/p>\n<p>Los j\u00f3venes ganadores de este a\u00f1o fueron Jos\u00e9 Enrique Loera Mej\u00eda, en violoncello; Tadeo Garc\u00eda Flores, en contrabajo, y Jos\u00e9 Antonio Meza Romero, en clarinete, quienes interpretaron la obertura festiva del compositor Dimitri Shostak\u00f3vich, el primer movimiento del concierto no. 2 para violonchelo de Joseph Haydn, el concierto para contrabajo de Bottesini y el concierto no. 2 para clarinete de Carl Mar\u00eda Von Weber.<\/p>\n<p>Los tres seleccionados coincidieron que la m\u00fasica ha sido un factor muy importante en sus vidas gracias al apoyo de sus familiares y profesores; asimismo, ganar esta convocatoria represent\u00f3 una gran oportunidad para presentarse como solistas y que esperan un futuro pr\u00f3spero en el \u00e1mbito musical.<\/p>\n<p>La directora de la Orquesta Sinf\u00f3nica Juvenil de la UAEM\u00e9x, Hilda Saquicoray, expres\u00f3 que el aprendizaje es un proceso y, en el caso de los j\u00f3venes, el trabajo musical es un paso decisivo para ser solistas, el cual inicia en un cub\u00edculo con un maestro de m\u00fasica y de ah\u00ed se tiene el potencial para producir nuevos talentos.<\/p>\n<p>Para conocer m\u00e1s sobre los eventos y convocatorias de la orquesta auriverde, se pueden visitar sus redes sociales en Facebook, Orquesta Sinf\u00f3nica Juvenil de la UAEM\u00e9x, y en Instagram @OSJUAEMEX.<\/p>\n<p>&nbsp;<\/p>\n<blockquote>\n<h2 style=\"text-align: center;\">Campa\u00f1a \u201cLlenando el Plato y el Coraz\u00f3n\u201d<\/h2>\n<p><img loading=\"lazy\" decoding=\"async\" class=\"aligncenter size-full wp-image-565460\" src=\"https:\/\/www.diarioimagen.net\/wp-content\/uploads\/2022\/11\/uaem-pie-foto.jpg\" alt=\"\" width=\"460\" height=\"270\" \/><\/p>\n<div><b>Toluca, Estado de M\u00e9xico.\u2014 <\/b>En respuesta a la campa\u00f1a \u201cLlenando el Plato y el Coraz\u00f3n\u201d y en un acto de solidaridad, la comunidad de la Universidad Aut\u00f3noma del Estado de M\u00e9xico (UAEM\u00e9x) hizo acopio de 3.2 toneladas de alimentos no perecederos, las cuales fueron entregadas, en representaci\u00f3n del rector, Carlos Eduardo Barrera D\u00edaz por el secretario de Rector\u00eda, Marco Aurelio Cienfuegos Terr\u00f3n a la representante del Banco de Alimentos del Estado de M\u00e9xico, Alejandra Mercado Dom\u00ednguez.<\/div>\n<\/blockquote>\n","protected":false},"excerpt":{"rendered":"<p>En el nuevo Centro Tolz\u00fa, la Orquesta Sinf\u00f3nica Juvenil de la Universidad Aut\u00f3noma del Estado de M\u00e9xico (UAEM\u00e9x) realiz\u00f3 el concierto \u201cJ\u00f3venes Solistas Mexiquenses 2022\u201d, donde se presentaron los tres seleccionados del Primer Concurso \u201cJ\u00f3venes m\u00fasicos mexiquenses y comunidad musical del Estado de M\u00e9xico\u201d.<\/p>\n","protected":false},"author":3,"featured_media":565459,"comment_status":"open","ping_status":"open","sticky":false,"template":"","format":"standard","meta":{"_monsterinsights_skip_tracking":false,"_monsterinsights_sitenote_active":false,"_monsterinsights_sitenote_note":"","_monsterinsights_sitenote_category":0,"footnotes":""},"categories":[5],"tags":[43675,452,67878],"class_list":["post-565408","post","type-post","status-publish","format-standard","has-post-thumbnail","hentry","category-estado-de-mexico","tag-estado-de-mexico","tag-toluca","tag-uaemex"],"_links":{"self":[{"href":"https:\/\/www.diarioimagen.net\/index.php?rest_route=\/wp\/v2\/posts\/565408","targetHints":{"allow":["GET"]}}],"collection":[{"href":"https:\/\/www.diarioimagen.net\/index.php?rest_route=\/wp\/v2\/posts"}],"about":[{"href":"https:\/\/www.diarioimagen.net\/index.php?rest_route=\/wp\/v2\/types\/post"}],"author":[{"embeddable":true,"href":"https:\/\/www.diarioimagen.net\/index.php?rest_route=\/wp\/v2\/users\/3"}],"replies":[{"embeddable":true,"href":"https:\/\/www.diarioimagen.net\/index.php?rest_route=%2Fwp%2Fv2%2Fcomments&post=565408"}],"version-history":[{"count":0,"href":"https:\/\/www.diarioimagen.net\/index.php?rest_route=\/wp\/v2\/posts\/565408\/revisions"}],"wp:featuredmedia":[{"embeddable":true,"href":"https:\/\/www.diarioimagen.net\/index.php?rest_route=\/wp\/v2\/media\/565459"}],"wp:attachment":[{"href":"https:\/\/www.diarioimagen.net\/index.php?rest_route=%2Fwp%2Fv2%2Fmedia&parent=565408"}],"wp:term":[{"taxonomy":"category","embeddable":true,"href":"https:\/\/www.diarioimagen.net\/index.php?rest_route=%2Fwp%2Fv2%2Fcategories&post=565408"},{"taxonomy":"post_tag","embeddable":true,"href":"https:\/\/www.diarioimagen.net\/index.php?rest_route=%2Fwp%2Fv2%2Ftags&post=565408"}],"curies":[{"name":"wp","href":"https:\/\/api.w.org\/{rel}","templated":true}]}}