{"id":565424,"date":"2022-11-11T00:01:59","date_gmt":"2022-11-11T06:01:59","guid":{"rendered":"https:\/\/www.diarioimagen.net\/?p=565424"},"modified":"2022-11-11T02:41:11","modified_gmt":"2022-11-11T08:41:11","slug":"designa-el-papa-francisco-a-obispo-en-cuautitlan-estado-de-mexico","status":"publish","type":"post","link":"https:\/\/www.diarioimagen.net\/?p=565424","title":{"rendered":"Designa el Papa Francisco a obispo en Cuautitl\u00e1n, Estado de M\u00e9xico"},"content":{"rendered":"<p>&nbsp;<\/p>\n<p><img loading=\"lazy\" decoding=\"async\" class=\"aligncenter size-full wp-image-565480\" src=\"https:\/\/www.diarioimagen.net\/wp-content\/uploads\/2022\/11\/designa-papa.jpg\" alt=\"\" width=\"460\" height=\"270\" \/><\/p>\n<p>&nbsp;<\/p>\n<p><strong>Cuautitl\u00e1n, Estado de M\u00e9xico.\u2014 <\/strong>La Nunciatura Apost\u00f3lica a trav\u00e9s del secretario general de la Conferencia del Episcopado Mexicano, Ram\u00f3n Castro Castro, inform\u00f3 a la comunidad cat\u00f3lica de Cuautitl\u00e1n, que el Papa Francisco, design\u00f3 Obispo de la Di\u00f3cesis de Cuautitl\u00e1n a monse\u00f1or Efra\u00edn Mendoza Cruz, hasta ayer Obispo Auxiliar de Tlalnepantla, luego de que dicha Di\u00f3cesis habr\u00eda quedado ac\u00e9fala a la muerte del obispo Guillermo Ortiz Mondrag\u00f3n en septiembre de 2021.<\/p>\n<p>El nuevo obispo se ha desempe\u00f1ado como formador del Seminario; p\u00e1rroco en varias parroquias; Coordinador de la Pastoral Diocesana y Provincial; Vicario Episcopal de la III Zona Pastoral de Tlalnepantla y Rector del Seminario Mayor Arquidiocesano.<\/p>\n","protected":false},"excerpt":{"rendered":"<p>La Nunciatura Apost\u00f3lica a trav\u00e9s del secretario general de la Conferencia del Episcopado Mexicano, Ram\u00f3n Castro Castro, inform\u00f3 a la comunidad cat\u00f3lica de Cuautitl\u00e1n, que el Papa Francisco, design\u00f3 Obispo de la Di\u00f3cesis de Cuautitl\u00e1n a monse\u00f1or Efra\u00edn Mendoza Cruz,, hasta ayer Obispo Auxiliar de Tlalnepantla, luego de que dicha Di\u00f3cesis habr\u00eda quedado ac\u00e9fala a la muerte del obispo Guillermo Ortiz Mondrag\u00f3n en septiembre de 2021.<\/p>\n","protected":false},"author":3,"featured_media":565480,"comment_status":"open","ping_status":"open","sticky":false,"template":"","format":"standard","meta":{"_monsterinsights_skip_tracking":false,"_monsterinsights_sitenote_active":false,"_monsterinsights_sitenote_note":"","_monsterinsights_sitenote_category":0,"footnotes":""},"categories":[5],"tags":[681,96794,43675],"class_list":["post-565424","post","type-post","status-publish","format-standard","has-post-thumbnail","hentry","category-estado-de-mexico","tag-cuautitlan","tag-efrain-mendoza-cruz","tag-estado-de-mexico"],"_links":{"self":[{"href":"https:\/\/www.diarioimagen.net\/index.php?rest_route=\/wp\/v2\/posts\/565424","targetHints":{"allow":["GET"]}}],"collection":[{"href":"https:\/\/www.diarioimagen.net\/index.php?rest_route=\/wp\/v2\/posts"}],"about":[{"href":"https:\/\/www.diarioimagen.net\/index.php?rest_route=\/wp\/v2\/types\/post"}],"author":[{"embeddable":true,"href":"https:\/\/www.diarioimagen.net\/index.php?rest_route=\/wp\/v2\/users\/3"}],"replies":[{"embeddable":true,"href":"https:\/\/www.diarioimagen.net\/index.php?rest_route=%2Fwp%2Fv2%2Fcomments&post=565424"}],"version-history":[{"count":0,"href":"https:\/\/www.diarioimagen.net\/index.php?rest_route=\/wp\/v2\/posts\/565424\/revisions"}],"wp:featuredmedia":[{"embeddable":true,"href":"https:\/\/www.diarioimagen.net\/index.php?rest_route=\/wp\/v2\/media\/565480"}],"wp:attachment":[{"href":"https:\/\/www.diarioimagen.net\/index.php?rest_route=%2Fwp%2Fv2%2Fmedia&parent=565424"}],"wp:term":[{"taxonomy":"category","embeddable":true,"href":"https:\/\/www.diarioimagen.net\/index.php?rest_route=%2Fwp%2Fv2%2Fcategories&post=565424"},{"taxonomy":"post_tag","embeddable":true,"href":"https:\/\/www.diarioimagen.net\/index.php?rest_route=%2Fwp%2Fv2%2Ftags&post=565424"}],"curies":[{"name":"wp","href":"https:\/\/api.w.org\/{rel}","templated":true}]}}