{"id":565451,"date":"2022-11-11T00:00:26","date_gmt":"2022-11-11T06:00:26","guid":{"rendered":"https:\/\/www.diarioimagen.net\/?p=565451"},"modified":"2022-11-11T02:20:51","modified_gmt":"2022-11-11T08:20:51","slug":"dia-de-la-diabetes-datos-de-inegi","status":"publish","type":"post","link":"https:\/\/www.diarioimagen.net\/?p=565451","title":{"rendered":"D\u00eda de la Diabetes, datos de Inegi"},"content":{"rendered":"<h2>Hora 14<\/h2>\n<h5>Mauricio Conde Olivares<\/h5>\n<p>&nbsp;<\/p>\n<p>La Presidenta Municipal de Benito Ju\u00e1rez, Ana Patricia Peralta, nombr\u00f3 oficialmente ayer jueves a los titulares de las Direcciones Generales de Desarrollo Social, Salud y Educaci\u00f3n, quienes trabajar\u00e1n por el bienestar de las y los cancunenses<\/p>\n<p>La Direcci\u00f3n General de Desarrollo Social ser\u00e1 encabezada por Mirna del Carmen Mengual Medina, quien es licenciada en Trabajo Social por la Universidad del Sur. Adem\u00e1s, cuenta con diversos cursos en materia de Derechos Humanos; as\u00ed como con experiencia en el Instituto Mexicano del Seguro Social (IMSS) y tambi\u00e9n en el sector privado.<\/p>\n<p>Asimismo, Adriana Hern\u00e1ndez G\u00f3mez, licenciada en Trabajo Social por la Universidad Veracruzana, fue designada como titular de la Direcci\u00f3n General de Salud y cuenta con una trayectoria de 27 a\u00f1os en el Instituto Mexicano del Seguro Social (IMSS), desempe\u00f1ando el puesto de Jefe de Trabajo Social M\u00e9dico; asimismo, cuenta con experiencia como docente en diversas universidades.<\/p>\n<p>Como titular de la Direcci\u00f3n General de Educaci\u00f3n Municipal, la Primera Autoridad Municipal nombr\u00f3 a Francisco Samaniego Gonz\u00e1lez, quien es licenciado en Sociolog\u00eda y se encuentra cursando la maestr\u00eda en Educaci\u00f3n; adem\u00e1s, se ha desempe\u00f1ado como Coordinador Estatal de Programas de Educaci\u00f3n Inicial y Coordinador Estatal de Cursos Comunitarios, entre otros.<\/p>\n<p>En evento aparte, la Presidenta Municipal, Ana Patricia Peralta, subray\u00f3 que \u201cel mensaje que tenemos para todos los y las cancunenses es cuidar nuestros espacios, para vivir plenamente y felices. Felicidades a nuestro emblem\u00e1tico Parque Ecol\u00f3gico Estatal Kabah en sus 27 a\u00f1os de creaci\u00f3n\u201d.<\/p>\n<p>Durante el evento conmemorativo al aniversario del sitio, realizado en la explanada \u201cChac\u00e1\u201d, la Primera Autoridad Municipal coment\u00f3 que este lugar decretado el 10 de noviembre de 1995 fue conocido originalmente simplemente como Parque Kabah, ya que es un \u00e1rea natural protegida sumamente concurrida y apreciada por la comunidad.<\/p>\n<p>\u201cLos cancunenses vienen y disfrutan \u00e9ste que es su espacio, es su casa, ya que aqu\u00ed se sienten tranquilos, vienen a meditar y despejarse o empezar su d\u00eda con la mejor energ\u00eda y qu\u00e9 mejor hacerlo que aqu\u00ed en esta hermosa reserva que tenemos en Canc\u00fan\u201d, dijo.<\/p>\n<p>Agreg\u00f3 que se promover\u00e1 el trabajo en equipo, con corresponsabilidad entre sociedad y gobierno, por un mismo objetivo que es seguir cuidando y protegiendo este lugar de 414,892.20 metros cuadrados de superficie, que recibe 15 mil visitantes al mes.<\/p>\n<p>Luego del corte del pastel conmemorativo con la comunidad local y servidores p\u00fablicos asistentes, la Presidente Municipal realiz\u00f3 un recorrido por el mercado artesanal instalado como parte de los festejos.<\/p>\n<p>Ahora, d\u00e9jeme contarle que de acuerdo con un estudio de <strong>HEI Data,<\/strong> una plataforma web de consulta y an\u00e1lisis de informaci\u00f3n en tiempo real especializada en el sector inmobiliario, en el que destacan los proyectos calificados como vivienda o residencial premium, Quintana Roo tiene dos de las mejores cinco zonas mexicanas para invertir en bienes ra\u00edces:<\/p>\n<ol>\n<li><strong>PLAYA DEL CARMEN<\/strong><\/li>\n<\/ol>\n<p>Destino tur\u00edstico que enamora a nacionales y extranjeros es Playa del Carmen, una casa en venta en el centro de Playa del Carmen, as\u00ed como en las zonas cercanas a la Quinta Avenida representa una oportunidad \u00fanica para invertir en un negocio redituable. La relaci\u00f3n plusval\u00eda y precio permite obtener un mayor margen de ganancias, especialmente, aquellas unidades que est\u00e1n en pre-venta. Lo anterior converge con la alta demanda tur\u00edstica adem\u00e1s de ser una excelente opci\u00f3n para el retiro.<\/p>\n<p>Precio de renta promedio: $22,500.00<\/p>\n<p>Precio de venta promedio: $5,270,425.90<\/p>\n<p>Precio de tarifa por d\u00eda: $4,600.00<\/p>\n<p>Tama\u00f1o promedio por unidad: 90.58 tendencia a bajar<\/p>\n<p>ROI Vacacional: 11% &#8211; 15%<\/p>\n<p>ROI Tradicional: 5% &#8211; 7%<\/p>\n<p>Plusval\u00eda: 7.47%<\/p>\n<ol start=\"2\">\n<li><strong>RIVIERA MAYA-TULUM<\/strong><\/li>\n<\/ol>\n<p>No solo es un para\u00edso gracias a sus playas, la plusval\u00eda y retorno de inversi\u00f3n tambi\u00e9n son factores clave para posicionar a Tulum como una de las mejores zonas para invertir. El mercado inmobiliario en este lugar contin\u00faa creciendo al ser uno de los mejores destinos vacacionales del pa\u00eds, por ello, para el retiro o renta, Tulum es la mejor opci\u00f3n para invertir.<\/p>\n<p>Precio de renta promedio: $20,470.00<\/p>\n<p>Precio de venta promedio: $4,362,875.00<\/p>\n<p>Precio de tarifa por d\u00eda: $4,200.00<\/p>\n<p>Tama\u00f1o promedio por unidad: 91.78 con tendencia a bajar<\/p>\n<p>ROI Vacacional: 11% &#8211; 16%<\/p>\n<p>ROI Tradicional: 6% &#8211; 8%<\/p>\n<p>Plusval\u00eda: 10.68%<\/p>\n<p>De acuerdo con un estudio de <strong>HEI Data,<\/strong> una plataforma web de consulta y an\u00e1lisis de informaci\u00f3n en tiempo real especializada en el sector inmobiliario, en el que destacan los proyectos calificados como vivienda o residencial premium, las mejores cinco zonas mexicanas para invertir en bienes ra\u00edces son:<\/p>\n<p>El pr\u00f3ximo d\u00eda 14 de noviembre se conmemora el D\u00eda de la Diabetes y seg\u00fan Inegi, en 2021, 13 % de las defunciones en M\u00e9xico fue por diabetes (140 729), de acuerdo con las Estad\u00edsticas de Defunciones Registradas. De las personas que fallecieron por diabetes, 74.9 % no era insulinodependiente (105 395) y 2.2 % lo era (3 109).<\/p>\n<p>En 2021, del total de defunciones por diabetes, 51 % correspondi\u00f3 a hombres (71 330) y 49 % a mujeres (69 396). A nivel nacional, la tasa de mortalidad por diabetes mellitus fue de 11.0 por cada 10 mil habitantes. De la poblaci\u00f3n afiliada a servicios de salud que falleci\u00f3 por diabetes mellitus, 67 % ten\u00eda derechohabiencia al IMSS (45 146) y 14 % al ISSSTE (9 767).<\/p>\n<p>El an\u00e1lisis de defunciones por diabetes mellitus, seg\u00fan sexo, muestra que, en 2021, 51 % de las muertes ocurri\u00f3 en hombres (71 330) y 49 %, en mujeres (69 396).<\/p>\n<p>En el grupo de adultos mayores se concentr\u00f3 la mayor cantidad de muertes por diabetes mellitus. En los hombres de 15 a 64 a\u00f1os se registraron m\u00e1s muertes que en las mujeres de las mismas edades. No obstante, esta tendencia se invirti\u00f3 en los adultos mayores, pues fallecieron m\u00e1s mujeres que hombres (45 592 frente a 40 997, respectivamente).<\/p>\n<p>Por entidad federativa, Puebla present\u00f3 la tasa de mortalidad m\u00e1s alta (15.7); le sigui\u00f3 Veracruz (15.6) y Tlaxcala (14.5). Seg\u00fan los par\u00e1metros anteriores, los estados con la tasa de mortalidad m\u00e1s baja para esta enfermedad fueron: Baja California Sur (5.1), Sinaloa (5.8) y Quintana Roo (5.9).<\/p>\n<p>En 2021, del total de defunciones por diabetes, 48 % (67 788) era derechohabiente de alguna instituci\u00f3n de salud y 38 % (52 846) no estaban afiliadas en alguna instituci\u00f3n de salud. De las personas fallecidas por diabetes mellitus que contaban con afiliaci\u00f3n en alguna instituci\u00f3n de servicios de salud, 67 % (45 146) ten\u00eda derechohabiencia al Instituto Mexicano del Seguro Social (IMSS) y 14 % (9 767) al Instituto de Seguridad y Servicios Sociales de los Trabajadores del Estado (ISSSTE).<\/p>\n<p>A su vez, los resultados de las Encuestas de Viajeros Internacionales (EVI) \u2014Encuesta de Turismo de Internaci\u00f3n (ETI) y Encuesta de Viajeros Fronterizos (EVF)\u2014 dan a conocer el n\u00famero de visitantes internacionales que ingresaron y salieron del pa\u00eds, as\u00ed como sus gastos.<\/p>\n<p>Durante septiembre de 2022, ingresaron al pa\u00eds 4 865 808 visitantes. De estos, 2 772 648 fueron turistas internacionales. En septiembre pasado, el ingreso de divisas referente al gasto total de visitantes internacionales ascendi\u00f3 a 1 784.5 millones de d\u00f3lares. Un a\u00f1o antes, el monto fue de 1 472.2 millones de d\u00f3lares y, en el mismo mes de 2020, de 599.8 millones de d\u00f3lares.<\/p>\n<p>En el noveno mes de 2022, el gasto medio de las y los turistas de internaci\u00f3n que ingresaron v\u00eda a\u00e9rea fue de 1 056.70 d\u00f3lares. En el mismo mes de 2021, de 1 123.45 d\u00f3lares y en septiembre de 2020 alcanz\u00f3 957.35 d\u00f3lares.<\/p>\n<p>En el mes de referencia, las y los residentes en M\u00e9xico que visitaron el extranjero gastaron un monto equivalente a 650.7 millones de d\u00f3lares. En septiembre de 2021, gastaron 417.9 millones y en el mismo mes de 2020, 187.8 millones de d\u00f3lares.<\/p>\n<p>Adicionalmente, le participo esta alerta. Los cibercriminales utilizan la excusa del Black Friday, una fecha de promociones y descuentos para realizar compras para Navidad, para atraer a nuevas v\u00edctimas.<\/p>\n<p>El objetivo de esta estafa es robar datos personales de las personas, como pueden ser su direcci\u00f3n de correo, contrase\u00f1a, nombre completo, n\u00famero de tel\u00e9fono, fecha de nacimiento, entre otros. Adem\u00e1s, busca que la v\u00edctima acepte notificaciones maliciosas para desplegar publicidad invasiva en su dispositivo que lleva a sitios que buscan robar datos personales o incluso instalar alguna app o extensi\u00f3n maliciosa.<\/p>\n<p>Como sucede con la mayor\u00eda de los enga\u00f1os que circulan en WhatsApp que utilizan el nombre de marcas conocidas ofreciendo regalos o sorteos, el mensaje llega desde un contacto conocido que cay\u00f3 previamente en la trampa y lo reenvi\u00f3. Si se observa la URL se puede apreciar que no tiene nada que ver con la URL oficial. Si la persona igualmente decide abrir el enlace, ser\u00e1 redirigida a una p\u00e1gina en la que deber\u00e1 completar una encuesta de cuatro preguntas y luego participar de un juego que supuestamente determinar\u00e1 si ganar\u00e1 o no los pasajes.<\/p>\n<p>Luego de las preguntas es necesario participar de un juego para obtener los boletos. Sin embargo, para recibir el supuesto premio el enga\u00f1o solicita que primero se comparta el concurso con sus contactos de WhatsApp. Es por este requisito tan com\u00fan que este tipo de campa\u00f1as se vuelven tan masivas, ya que son los contactos que cayeron en la trampa quienes terminan distribuyendo el mensaje fraudulento y las personas que lo reciben, confiadas, terminan accediendo; empero, lo anterior ser\u00e1 motivo de otro an\u00e1lisis en posterior entrega de <strong><em>Hora 14<\/em><\/strong>.<\/p>\n<p><em><a href=\"mailto:%20mauricio_conde@msn.com\" target=\"_blank\" rel=\"noopener noreferrer\">mauricioconde59@outlook.com<\/a><\/em><\/p>\n","protected":false},"excerpt":{"rendered":"<p><span style=\"color: #005497;\"><strong>Mauricio Conde Olivares<\/strong><\/span><\/p>\n","protected":false},"author":3,"featured_media":0,"comment_status":"open","ping_status":"open","sticky":false,"template":"","format":"standard","meta":{"_monsterinsights_skip_tracking":false,"_monsterinsights_sitenote_active":false,"_monsterinsights_sitenote_note":"","_monsterinsights_sitenote_category":0,"footnotes":""},"categories":[35889],"tags":[43712,43674,44860],"class_list":["post-565451","post","type-post","status-publish","format-standard","hentry","category-mauricio-conde-olivares","tag-mauricio-conde-olivares","tag-opinion","tag-hora-14"],"_links":{"self":[{"href":"https:\/\/www.diarioimagen.net\/index.php?rest_route=\/wp\/v2\/posts\/565451","targetHints":{"allow":["GET"]}}],"collection":[{"href":"https:\/\/www.diarioimagen.net\/index.php?rest_route=\/wp\/v2\/posts"}],"about":[{"href":"https:\/\/www.diarioimagen.net\/index.php?rest_route=\/wp\/v2\/types\/post"}],"author":[{"embeddable":true,"href":"https:\/\/www.diarioimagen.net\/index.php?rest_route=\/wp\/v2\/users\/3"}],"replies":[{"embeddable":true,"href":"https:\/\/www.diarioimagen.net\/index.php?rest_route=%2Fwp%2Fv2%2Fcomments&post=565451"}],"version-history":[{"count":0,"href":"https:\/\/www.diarioimagen.net\/index.php?rest_route=\/wp\/v2\/posts\/565451\/revisions"}],"wp:attachment":[{"href":"https:\/\/www.diarioimagen.net\/index.php?rest_route=%2Fwp%2Fv2%2Fmedia&parent=565451"}],"wp:term":[{"taxonomy":"category","embeddable":true,"href":"https:\/\/www.diarioimagen.net\/index.php?rest_route=%2Fwp%2Fv2%2Fcategories&post=565451"},{"taxonomy":"post_tag","embeddable":true,"href":"https:\/\/www.diarioimagen.net\/index.php?rest_route=%2Fwp%2Fv2%2Ftags&post=565451"}],"curies":[{"name":"wp","href":"https:\/\/api.w.org\/{rel}","templated":true}]}}