{"id":565510,"date":"2022-11-11T00:03:26","date_gmt":"2022-11-11T06:03:26","guid":{"rendered":"https:\/\/www.diarioimagen.net\/?p=565510"},"modified":"2022-11-11T03:40:59","modified_gmt":"2022-11-11T09:40:59","slug":"en-marcha-pro-ine-no-habra-acarreados","status":"publish","type":"post","link":"https:\/\/www.diarioimagen.net\/?p=565510","title":{"rendered":"En marcha pro INE, no habr\u00e1 acarreados"},"content":{"rendered":"<h2>Espacio Electoral<\/h2>\n<h5>Eleazar Flores<\/h5>\n<p>&nbsp;<\/p>\n<p><strong>DON TEOFILITO-.<\/strong> A escasas 48 horas de la marcha nacional \u201cEL INE NO SE TOCA\u201d y ante su insistencia, tuve que darle voz al acucioso don Teofilito para responder -lo hubiera querido hacer en una ma\u00f1anera-, al corolario de \u201cdescalificativos\u201d presidenciales, que por diarios y corrientes\u00a0 terminar\u00e1n siendo como \u201cllamadas a misa\u201d.<\/p>\n<p>Todo en relaci\u00f3n a los discursos ma\u00f1aneros del presidente Andr\u00e9s Manuel L\u00f3pez Obrador dirigidos a quienes no piensan igual que \u00e9l,\u00a0 autodenomin\u00e1ndolos \u201cadversarios pol\u00edticos\u201d.<\/p>\n<p>Yo podr\u00eda decir que el Presidente es no s\u00f3lo el m\u00e1s lento en hablar, el de lenguaje ret\u00f3rico m\u00e1s pobre, el abusador de la preposici\u00f3n DE, \u2014que significa pertenencia o propiedad, seg\u00fan el espa\u00f1ol de las conjugaciones prepositivas y no las desinenciales como en Lat\u00edn\u2014, el m\u00e1s corriente al incluir en su lenguaje palabras como \u201cfuchi caca\u201d, olvid\u00e1ndose cuidar la imagen presidencial como lo recalca s\u00f3lo cuando le conviene, dice don Teofilito, el peticionario de este espacio.<\/p>\n<p>\u201cAcepto aclaraciones de sus simpatizantes\u201d, reta el conspicuo interlocutor, incluida su sonrisa socarrona.<\/p>\n<p>Todo por la marcha en defensa del Instituto Nacional Electoral, que el gobierno con sus reformas quiere hacerlo suyo, controlarlo mediante el debilitamiento econ\u00f3mico, pero sobre todo, controlar el padr\u00f3n electoral y proponiendo elegir consejeros mediante consulta popular -estilo amlover-, pues los primeros en apuntar para esos cargos ser\u00edan los filopejistas y morenos.<\/p>\n<p>Yo s\u00ed ir\u00e9 a la marcha, pero que quede claro, no ser\u00e1 contra el Presidente sino contra las reformas que se proponen para debilitar a la instituci\u00f3n. Advierto que seremos menos que los \u201cacarreados\u201d de los eventos \u201cmorenos\u201d, pero nosotros iremos por nuestra voluntad, nadie nos va a poner transporte, ni nos entregar\u00e1 tortas, ni nos pasar\u00e1n lista, abunda don Teofilito.<\/p>\n<p><strong>MARCHAS Y N\u00daMEROS-.<\/strong> La mayor parte de los medios se concentrar\u00e1n en la marcha de la capital del pa\u00eds, pero habr\u00e1 eventos similares en casi todas las capitales de los estados y otras ciudades.<\/p>\n<p>En principio, se tiene el registro de 51 organizaciones, as\u00ed como el inter\u00e9s de organizadores en 31 ciudades, seg\u00fan informes de Gabriela Sterling, cabeza visible de la organizaci\u00f3n PODER CIUDADANO, uno de los muchos interesados y apuntados para marchar este domingo 13 , quien dice que no es el momento ni la forma de modificar el marco jur\u00eddico del INE.<\/p>\n<p>No somos enemigos de nadie, somos ciudadanos ejerciendo nuestras libertades y nuestros derechos que hemos conquistado y no estamos dispuestos a perder, reitera la cabeza visible de la organizaci\u00f3n PODER CIUDADANO.<\/p>\n<p><strong>ORADOR-.<\/strong> La participaci\u00f3n de Jos\u00e9 Woldenberg, que ni presentaci\u00f3n necesita, como \u00fanico orador el domingo en la capital del pa\u00eds, es garant\u00eda de escuchar un mensaje de fondo, aunque no guste a ya sabe qui\u00e9n.<\/p>\n<p><em><a href=\"mailto:elefa44@gmail.com\" target=\"_blank\" rel=\"noopener noreferrer\">elefa44@gmail.com<\/a><\/em><\/p>\n","protected":false},"excerpt":{"rendered":"<p><span style=\"color: #005497;\"><strong>Eleazar Flores<\/strong><\/span><\/p>\n","protected":false},"author":3,"featured_media":0,"comment_status":"open","ping_status":"open","sticky":false,"template":"","format":"standard","meta":{"_monsterinsights_skip_tracking":false,"_monsterinsights_sitenote_active":false,"_monsterinsights_sitenote_note":"","_monsterinsights_sitenote_category":0,"footnotes":""},"categories":[81743],"tags":[81744,81776,43674],"class_list":["post-565510","post","type-post","status-publish","format-standard","hentry","category-eleazar-flores","tag-eleazar-flores","tag-espacio-electoral","tag-opinion"],"_links":{"self":[{"href":"https:\/\/www.diarioimagen.net\/index.php?rest_route=\/wp\/v2\/posts\/565510","targetHints":{"allow":["GET"]}}],"collection":[{"href":"https:\/\/www.diarioimagen.net\/index.php?rest_route=\/wp\/v2\/posts"}],"about":[{"href":"https:\/\/www.diarioimagen.net\/index.php?rest_route=\/wp\/v2\/types\/post"}],"author":[{"embeddable":true,"href":"https:\/\/www.diarioimagen.net\/index.php?rest_route=\/wp\/v2\/users\/3"}],"replies":[{"embeddable":true,"href":"https:\/\/www.diarioimagen.net\/index.php?rest_route=%2Fwp%2Fv2%2Fcomments&post=565510"}],"version-history":[{"count":0,"href":"https:\/\/www.diarioimagen.net\/index.php?rest_route=\/wp\/v2\/posts\/565510\/revisions"}],"wp:attachment":[{"href":"https:\/\/www.diarioimagen.net\/index.php?rest_route=%2Fwp%2Fv2%2Fmedia&parent=565510"}],"wp:term":[{"taxonomy":"category","embeddable":true,"href":"https:\/\/www.diarioimagen.net\/index.php?rest_route=%2Fwp%2Fv2%2Fcategories&post=565510"},{"taxonomy":"post_tag","embeddable":true,"href":"https:\/\/www.diarioimagen.net\/index.php?rest_route=%2Fwp%2Fv2%2Ftags&post=565510"}],"curies":[{"name":"wp","href":"https:\/\/api.w.org\/{rel}","templated":true}]}}