{"id":565545,"date":"2022-11-14T00:02:18","date_gmt":"2022-11-14T06:02:18","guid":{"rendered":"https:\/\/www.diarioimagen.net\/?p=565545"},"modified":"2022-11-13T23:21:31","modified_gmt":"2022-11-14T05:21:31","slug":"el-presidente-lopez-obrador-paso-un-amargo-cumpleanos","status":"publish","type":"post","link":"https:\/\/www.diarioimagen.net\/?p=565545","title":{"rendered":"El presidente L\u00f3pez Obrador pas\u00f3 un amargo cumplea\u00f1os"},"content":{"rendered":"<h2>La Retaguardia<\/h2>\n<h5>Adriana Moreno Cordero<\/h5>\n<p>&nbsp;<\/p>\n<p>Seguramente, el presidente <strong>Andr\u00e9s Manuel L\u00f3pez Obrador<\/strong> pas\u00f3 su cumplea\u00f1os n\u00famero 69, de manera muy amarga y con un coraje \u201centripado\u201d de pron\u00f3stico reservado, ya que miles y miles de ciudadanos acudieron a la convocatoria en defensa al Instituto Nacional Electoral (INE) y llegaron a la marcha, a pesar de que tanto el gobierno del tabasque\u00f1o, como el de la Ciudad de M\u00e9xico, que encabeza la flamante\u00a0 <strong>Claudia Sheinbaum<\/strong>, no pudieron desalentar la participaci\u00f3n.<\/p>\n<p>As\u00ed, de nada vali\u00f3 que provocadores se instalaran en las inmediaciones, por ejemplo de la estatua a Cuauht\u00e9moc con pancartas provocadores porque pudieron m\u00e1s las consignas de: \u201cEl INE no se toca\u201d, \u201c\u00a1a eso vine, a defender el INE!\u201d, as\u00ed como el grito de \u201c\u00a1M\u00e9-xi-co!\u201d. Tampoco le result\u00f3 el efecto esperado a esta errada y llamada cuarta transformaci\u00f3n de inventarse una contingencia ambiental; aun as\u00ed, la gente lleg\u00f3 hasta las inmediaciones de El \u00c1ngel de la Independencia, ni tampoco, que en los sistemas de transporte, tanto del Metrobus como del Metro, la actividad y circulaci\u00f3n se hiciera mucho m\u00e1s lenta.<\/p>\n<p>Menos a\u00fan le funcion\u00f3 a esta errada y llamada Cuarta Transformaci\u00f3n, el haber difundido por las \u201cex benditas redes sociales\u201d que supuestamente, el consejero presidente de dicho Instituto estaba \u201cen Francia de vacaciones\u201d.<\/p>\n<p>La movilizaci\u00f3n se desarroll\u00f3 de manera pac\u00edfica, conforme a las recomendaciones que por las diferentes redes se difundieron y que, de manera general, hac\u00eda hincapi\u00e9 en que no se deber\u00edan aceptar las provocaciones.<\/p>\n<p>Miles y miles de voces entonaron el Himno Nacional, luego de que el ex consejero presidente del entonces Instituto Federal Electoral, (IFE), <strong>Jos\u00e9 Woldenberg<\/strong>, fuera el \u00fanico orador en dicha concentraci\u00f3n y que subray\u00f3 que: \u201cLo construido merece elecciones aut\u00e9nticas\u201d.<\/p>\n<p>Era impresionante ver c\u00f3mo personas de todas las edades se dieron cita en la marcha que se denomin\u00f3 \u201cEn defensa de la democracia\u201d, que ante la imposibilidad de caminar, en las laterales de la avenida de Paseo de la Reforma, extend\u00edan sus cartulinas con consignas en defensa del INE.<\/p>\n<p>En su alocuci\u00f3n, Jos\u00e9 Woldenberg se\u00f1al\u00f3 que: \u201cM\u00e9xico vivir\u00eda conflictos evitables, innecesarios, interminables y costosos si las normas electorales no son producto del consenso de las principales fuerzas pol\u00edticas del pa\u00eds\u2026 Nuestro futuro no puede ser resultado de la seducci\u00f3n por un pasado que en buena hora fue desterrado, las pr\u00f3ximas citas electorales deben contar con las mismas garant\u00edas que las del pasado inmediato, padr\u00f3n confiable, equidad en las condiciones de la competencia, imparcialidad (&#8230;), conteo pulcro de los votos, resultados preliminares la misma noche de la elecci\u00f3n\u201d.<\/p>\n<p>Esta es sin duda, una excelente respuesta que le viene \u201ccomo anillo al dedo\u201d ni m\u00e1s ni menos que al inquilino de Palacio Nacional, que de manera amarga, pas\u00f3 su cumplea\u00f1os n\u00famero 69, porque muy preocupante debi\u00f3 haber sido para \u00e9l, percatarse del enorme poder de convocatoria que tuvo esta defensa al INE y se reitera, como sus artima\u00f1as no le sirvieron de nada.<\/p>\n<p>Con raz\u00f3n, el maestro Roger Batra defini\u00f3 al Presidente como a un \u201cpopulista autoritario\u201d, esto caus\u00f3 la ira del de Tepetit\u00e1n\u00a0 y por eso, a lo largo de la semana pasada, tambi\u00e9n lo meti\u00f3 a la lista de los intelectuales org\u00e1nicos contra los que arremeti\u00f3 solamente al ritmo de los insultos.<\/p>\n<p>En resumen, el maestro Woldenberg hizo un exhorto para anteponer un contundente \u201cno\u201d a la intentona del tabasque\u00f1o por destruir del INE y de la pretensi\u00f3n de esta errada y llamada Cuarta Transformaci\u00f3n de alinear a los \u00f3rganos electorales a la voluntad del gobierno y al autoritarismo. \u201cPero s\u00ed a la democracia y a un M\u00e9xico democr\u00e1tico\u201d.<\/p>\n<p style=\"text-align: center;\"><strong>Municiones<\/strong><\/p>\n<p>*** En el marco de la presentaci\u00f3n de su libro <em>Desaf\u00edos. El Senado en la Cuarta Transformaci\u00f3n<\/em>, el presidente de la Junta de Coordinaci\u00f3n Pol\u00edtica del Senado de la Rep\u00fablica, <strong>Ricardo Monreal \u00c1vila<\/strong> hizo un llamado para consolidar a Morena y evitar que los odios, rencores y divisiones lleven al colapso del partido, pues ser\u00eda muy grave que, por decisiones personales, se fracture un movimiento que cost\u00f3 muchos a\u00f1os de lucha e incluso vidas para construirlo. Adem\u00e1s, afirm\u00f3 que \u00e9ste es el mejor movimiento social que \u201chemos construido y no podemos permitir que la ambici\u00f3n desmedida o que la violencia, el rencor y el odio se apoderen de nuestro movimiento\u201d.\u00a0Por cierto, fue bien recibido en la CDMX el pol\u00edtico zacatecano por miles de simpatizantes entre los que que se encontraban Cecilio de los Santos y Adri\u00e1n Ch\u00e1vez, ex seleccionados nacionales y del Club Am\u00e9rica, quienes le entregaron una playera al senador Monreal como agradecimiento a su apoyo a la comunidad de la alcald\u00eda. A su vez, el coordinador morenista en la C\u00e1mara alta refrend\u00f3 su intenci\u00f3n de participar, cuando llegue el momento, en la contienda interna para suceder en el cargo al presidente L\u00f3pez Obrador y luchar por construir un M\u00e9xico justo, menos desigual, m\u00e1s equitativo y digno.<\/p>\n<p>*** Por cierto, la Junta General Ejecutiva del INE es el \u00f3rgano t\u00e9cnico responsable de conducir los procesos electorales federales y coadyuvar en la ejecuci\u00f3n de los locales en M\u00e9xico. Este \u00f3rgano, con el apoyo de personas especialistas en la materia electoral, incluyendo el servicio profesional electoral de carrera, organiz\u00f3 18 procesos electorales nacionales de 1991 a 2012.\u00a0 A partir de 2014, ya como INE, ha conducido m\u00e1s de 330 elecciones nacionales y locales. Pues dicha Junta, se pronunci\u00f3 porque Las elecciones libres y aut\u00e9nticas fueran una conquista de generaciones de mexicanas y mexicanos que creyeron y creen que la democracia y por ende, es el \u00fanico camino a la paz y al desarrollo sostenible, basados en la igualdad, la libertad y el pleno ejercicio de los derechos civiles. La sociedad civil y las y los actores pol\u00edticos han delineado y perfeccionando, tras casi cuatro d\u00e9cadas, las reglas del juego democr\u00e1tico y una instituci\u00f3n eficaz y profesional que ha permitido que, a trav\u00e9s de las elecciones, cualquiera pueda obtener el triunfo, pues son las y los ciudadanos los \u00fanicos que lo deciden con el poder de su voto y haciendo uso de su INE.<\/p>\n<p>*** El senador pri\u00edsta <strong>Jorge Carlos Ram\u00edrez Mar\u00edn<\/strong>, por las redes sociales, dio respuesta a la pregunta de que si deber\u00edan asistir o no a la marcha de ayer, a lo que el legislador yucateco respondi\u00f3: \u201cSi no marchas, ya marchaste, porque dicha movilizaci\u00f3n representa una gran oportunidad de dejar claro el sentir de la ciudadan\u00eda. El senador Ram\u00edrez Mar\u00edn explic\u00f3 que se requiere un INE con suficientes recursos para hacer valer su autoridad, ya que es un \u00e1rbitro en el que debemos confiar, \u201cno podemos retroceder, cualquier cambio es para que el INE se fortalezca\u201d. Agreg\u00f3 el legislador yucateco que \u201csiempre sabemos que los resultados se tienen que defender con las leyes porque el INE es una fortaleza para la democracia\u2026 As\u00ed que sin pensar en elecciones, hay que cuidar al INE\u201d.<\/p>\n<p><u><a href=\"mailto:morcora@gmail.com\" target=\"_blank\" rel=\"noopener noreferrer\"><em>morcora@gmail.com<\/em><\/a><\/u><\/p>\n","protected":false},"excerpt":{"rendered":"<p><span style=\"color: #005497;\"><strong>Adriana Moreno Cordero<\/strong><\/span><\/p>\n","protected":false},"author":3,"featured_media":0,"comment_status":"open","ping_status":"open","sticky":false,"template":"","format":"standard","meta":{"_monsterinsights_skip_tracking":false,"_monsterinsights_sitenote_active":false,"_monsterinsights_sitenote_note":"","_monsterinsights_sitenote_category":0,"footnotes":""},"categories":[69370],"tags":[78468],"class_list":["post-565545","post","type-post","status-publish","format-standard","hentry","category-adriana-moreno-cordero","tag-la-retaguardia-adriana-moreno-cordero"],"_links":{"self":[{"href":"https:\/\/www.diarioimagen.net\/index.php?rest_route=\/wp\/v2\/posts\/565545","targetHints":{"allow":["GET"]}}],"collection":[{"href":"https:\/\/www.diarioimagen.net\/index.php?rest_route=\/wp\/v2\/posts"}],"about":[{"href":"https:\/\/www.diarioimagen.net\/index.php?rest_route=\/wp\/v2\/types\/post"}],"author":[{"embeddable":true,"href":"https:\/\/www.diarioimagen.net\/index.php?rest_route=\/wp\/v2\/users\/3"}],"replies":[{"embeddable":true,"href":"https:\/\/www.diarioimagen.net\/index.php?rest_route=%2Fwp%2Fv2%2Fcomments&post=565545"}],"version-history":[{"count":0,"href":"https:\/\/www.diarioimagen.net\/index.php?rest_route=\/wp\/v2\/posts\/565545\/revisions"}],"wp:attachment":[{"href":"https:\/\/www.diarioimagen.net\/index.php?rest_route=%2Fwp%2Fv2%2Fmedia&parent=565545"}],"wp:term":[{"taxonomy":"category","embeddable":true,"href":"https:\/\/www.diarioimagen.net\/index.php?rest_route=%2Fwp%2Fv2%2Fcategories&post=565545"},{"taxonomy":"post_tag","embeddable":true,"href":"https:\/\/www.diarioimagen.net\/index.php?rest_route=%2Fwp%2Fv2%2Ftags&post=565545"}],"curies":[{"name":"wp","href":"https:\/\/api.w.org\/{rel}","templated":true}]}}