{"id":565547,"date":"2022-11-14T00:01:45","date_gmt":"2022-11-14T06:01:45","guid":{"rendered":"https:\/\/www.diarioimagen.net\/?p=565547"},"modified":"2022-11-13T23:23:07","modified_gmt":"2022-11-14T05:23:07","slug":"la-vulgarizacion-de-la-politica","status":"publish","type":"post","link":"https:\/\/www.diarioimagen.net\/?p=565547","title":{"rendered":"La vulgarizaci\u00f3n de la pol\u00edtica"},"content":{"rendered":"<h2>De pe a pa<\/h2>\n<h5>Alberto Vieyra G.<\/h5>\n<p>&nbsp;<\/p>\n<p>Con AMLO, la pol\u00edtica azteca entr\u00f3 en una peligrosa fase de vulgarizaci\u00f3n. Lo prueban los sistem\u00e1ticos y odiadores ataques a sus adversarios pol\u00edticos y cr\u00edticos a los que no baja de \u201ccretinos\u201d, \u201ccorruptazos\u201d, \u201cracistas\u201d, \u201cclasistas\u201d e <em>hijos de su<\/em> o \u201ctengan para que se entretengan\u201d.<\/p>\n<p>\u00bfTendr\u00e1 esta vulgarizaci\u00f3n de la pol\u00edtica un fundamento en la degradaci\u00f3n social que vive la naci\u00f3n azteca y a la cual ha contribuido decididamente una corrupta e ignorante clase pol\u00edtica que no sabe distinguir el uso del singular masculino y seg\u00fan ellos para estar a tono con la igualdad de g\u00e9nero, se han dado a la tarea de prostituir el idioma espa\u00f1ol con el uso indiscriminado de \u201clas y los\u201d, \u201clas diputadas y los diputados\u201d, \u201clas ni\u00f1as y los ni\u00f1os\u201d y de \u201ctodas y todos\u201d, cuando que la Real Academia de la Lengua Espa\u00f1ola ha condenado dicha prostituci\u00f3n porque cuando se habla de todos los mexicanos, se est\u00e1 generalizando porque se habla de ambos g\u00e9neros, es decir hombres y mujeres y cuando se refiere a la clase pol\u00edtica se utiliza el g\u00e9nero masculino de los diputados y punto?<\/p>\n<p>Soci\u00f3logos, antrop\u00f3logos, polit\u00f3logos, estudiosos del car\u00e1cter y juristas coindicen que en M\u00e9xico impera la vulgarizaci\u00f3n de la pol\u00edtica, a raz\u00f3n de la carencia en materia de ciencia pol\u00edtica e insensibilidad humana. Para el jurista Jos\u00e9 Antonio Lozano D\u00edez, AMLO ha profundizado en esa degradaci\u00f3n y vulgaridad del lenguaje pol\u00edtico. A\u00f1ade:<\/p>\n<p>\u201cLa p\u00e9rdida del lenguaje, su pobreza, reduce la capacidad de reflexi\u00f3n y de pensamiento, debilita el di\u00e1logo y, por ende, afecta la libertad, promueve la decadencia social y su vulgarizaci\u00f3n. Por eso, ante la pobreza innegable de lenguaje, ha reducido su capacidad de reflexi\u00f3n y pensamiento, debilitando el di\u00e1logo y, por ende, los sistemas democr\u00e1ticos, afectando la libertad, lo que reviste como revoluci\u00f3n de conciencias\u201d.<\/p>\n<p>La cuesti\u00f3n es que AMLO pareciera haber enloquecido, pues durante 4 d\u00edas de esta semana se dedic\u00f3 a destilar odios contra los organizadores de la marcha en defensa del INE y el jueves, les toc\u00f3 el turno de recibir lodo pol\u00edtico a los conservadores e intelectuales org\u00e1nicos que, seg\u00fan \u00e9l, validaron el fraude electoral de 2006, pero hasta hoy AMLO no ha presentado y seguramente jam\u00e1s la presentar\u00e1 ninguna prueba de que le hayan robado la Presidencia de la Rep\u00fablica, pero \u00e9l utiliza facciosamente ese discurso de odios para seguir dividiendo a los mexicanos, pues el Presidente sigue en campa\u00f1a electoral y no faltan ya los anuncios panor\u00e1micos que piden que la gente refrende su voto para que AMLO gobierne hasta 2030.<\/p>\n<p>Ni Dios lo mande. Acabar\u00eda con este M\u00e9xico macabro en el que ya van m\u00e1s de 14 mil 500 mujeres asesinadas en lo que va de este aberrante sexenio, para ser un total de m\u00e1s de 130 mil v\u00edctimas de la imparable barbarie que campea en M\u00e9xico, sin que se vea para qu\u00e9 sirve el Ej\u00e9rcito y la pomposa Guardia Nacional.<\/p>\n<p>En la ma\u00f1anera se dan explicaciones de lo m\u00e1s absurdo que pareciera ir dirigidas a retrasados mentales, como las que ayer dieron los responsables de la seguridad nacional, argumentado que la espiral de violencia que vivi\u00f3 Guanajuato en las \u00faltimas horas se debi\u00f3 a que en Tijuana fue detenido Juan Rodolfo Y\u00e9pez \u201cel Rudy\u201d, hermano de \u201cEl Marro\u201d, atorado desde hace 2 a\u00f1os. \u00a1Vaya descubrimiento tan genial! Pero eso s\u00ed, \u201cla situaci\u00f3n ya est\u00e1 bajo control\u201d, dir\u00eda Ricardo Mej\u00eda Berdeja, subsecretario de Seguridad Ciudadana, un ineptazo que busca ser gobernador de Coahuila.<\/p>\n<p>De manera imprudente, AMLO vulgariza el quehacer pol\u00edtico y lo peor es que para agredir a los mexicanos que no piensan igual que \u00e9l, utiliza todo el poder del Estado a trav\u00e9s de los medios de comunicaci\u00f3n del gobierno y podr\u00edamos estar ante la configuraci\u00f3n de delitos como el abuso de autoridad y la calumnia.<\/p>\n<p><em><a href=\"mailto:info@agenciamn.com\" target=\"_blank\" rel=\"noopener noreferrer\">info@agenciamn.com<\/a><\/em><\/p>\n","protected":false},"excerpt":{"rendered":"<p><span style=\"color: #005497;\"><strong>Alberto Vieyra G.<\/strong><\/span><\/p>\n","protected":false},"author":3,"featured_media":0,"comment_status":"open","ping_status":"open","sticky":false,"template":"","format":"standard","meta":{"_monsterinsights_skip_tracking":false,"_monsterinsights_sitenote_active":false,"_monsterinsights_sitenote_note":"","_monsterinsights_sitenote_category":0,"footnotes":""},"categories":[4596],"tags":[43697,4597,43674],"class_list":["post-565547","post","type-post","status-publish","format-standard","hentry","category-alberto-vieyra-g","tag-alberto-vieyra-g","tag-de-pe-a-pa","tag-opinion"],"_links":{"self":[{"href":"https:\/\/www.diarioimagen.net\/index.php?rest_route=\/wp\/v2\/posts\/565547","targetHints":{"allow":["GET"]}}],"collection":[{"href":"https:\/\/www.diarioimagen.net\/index.php?rest_route=\/wp\/v2\/posts"}],"about":[{"href":"https:\/\/www.diarioimagen.net\/index.php?rest_route=\/wp\/v2\/types\/post"}],"author":[{"embeddable":true,"href":"https:\/\/www.diarioimagen.net\/index.php?rest_route=\/wp\/v2\/users\/3"}],"replies":[{"embeddable":true,"href":"https:\/\/www.diarioimagen.net\/index.php?rest_route=%2Fwp%2Fv2%2Fcomments&post=565547"}],"version-history":[{"count":0,"href":"https:\/\/www.diarioimagen.net\/index.php?rest_route=\/wp\/v2\/posts\/565547\/revisions"}],"wp:attachment":[{"href":"https:\/\/www.diarioimagen.net\/index.php?rest_route=%2Fwp%2Fv2%2Fmedia&parent=565547"}],"wp:term":[{"taxonomy":"category","embeddable":true,"href":"https:\/\/www.diarioimagen.net\/index.php?rest_route=%2Fwp%2Fv2%2Fcategories&post=565547"},{"taxonomy":"post_tag","embeddable":true,"href":"https:\/\/www.diarioimagen.net\/index.php?rest_route=%2Fwp%2Fv2%2Ftags&post=565547"}],"curies":[{"name":"wp","href":"https:\/\/api.w.org\/{rel}","templated":true}]}}