{"id":565580,"date":"2022-11-14T00:01:01","date_gmt":"2022-11-14T06:01:01","guid":{"rendered":"https:\/\/www.diarioimagen.net\/?p=565580"},"modified":"2022-11-15T02:24:15","modified_gmt":"2022-11-15T08:24:15","slug":"pjcdmx-refrenda-su-responsabilidad-con-una-justicia-con-enfoque-de-genero-y-derechos-humanos","status":"publish","type":"post","link":"https:\/\/www.diarioimagen.net\/?p=565580","title":{"rendered":"PJCDMX refrenda su responsabilidad con una justicia con enfoque de g\u00e9nero y derechos humanos"},"content":{"rendered":"<p>&nbsp;<\/p>\n<ul>\n<li><strong><em>As\u00ed lo enfatiz\u00f3 el presidente del \u00f3rgano judicial, magistrado Rafael Guerra \u00c1lvarez, en el marco de las actividades efectuadas con motivo del cierre de trabajos del Comit\u00e9 para Incluir la Perspectiva de G\u00e9nero<\/em><\/strong><\/li>\n<\/ul>\n<p>&nbsp;<\/p>\n<div id=\"attachment_565618\" style=\"width: 470px\" class=\"wp-caption aligncenter\"><img loading=\"lazy\" decoding=\"async\" aria-describedby=\"caption-attachment-565618\" class=\"size-full wp-image-565618\" src=\"https:\/\/www.diarioimagen.net\/wp-content\/uploads\/2022\/11\/tribunal-4.jpg\" alt=\"\" width=\"460\" height=\"270\" \/><p id=\"caption-attachment-565618\" class=\"wp-caption-text\">El magistrado Rafael Guerra \u00c1lvarez inform\u00f3 que el comit\u00e9 ha dado puntual seguimiento a las quejas recibidas por hostigamiento, acoso sexual y\/o laboral y discriminaci\u00f3n en la instituci\u00f3n, y que 87.5 por ciento de los procedimientos iniciados entre diciembre de 2021 y octubre pasado han sido debidamente atendidos.<\/p><\/div>\n<p>&nbsp;<\/p>\n<p>Al lamentar los recientes hechos de violencia contra las mujeres, el presidente del Poder Judicial de la Ciudad de M\u00e9xico (PJCDMX), magistrado Rafael Guerra \u00c1lvarez, subray\u00f3 que el \u00f3rgano judicial capitalino refrenda su responsabilidad con la protecci\u00f3n de sus derechos humanos y en garantizar una impartici\u00f3n de justicia con enfoque de g\u00e9nero, sin estereotipos y sin discriminaci\u00f3n.<\/p>\n<p>En el marco de actividades efectuadas en el PJCDMX con motivo del cierre de trabajos del Comit\u00e9 para Incluir la Perspectiva de G\u00e9nero, inform\u00f3 que ese grupo de trabajo ha dado puntual seguimiento a las quejas recibidas por hostigamiento, acoso sexual y\/o laboral y discriminaci\u00f3n en la instituci\u00f3n, y precis\u00f3 que de los procedimientos iniciados entre diciembre de 2021 y octubre pasado, 87.5 por ciento fueron debidamente atendidos.<\/p>\n<p>\u201cNo debe de soslayarse que nos encontramos en un momento cr\u00edtico generado por la violencia, pero debemos luchar con \u00edmpetu\u201d, enfatiz\u00f3 Guerra \u00c1lvarez, en una jornada en la que inaugur\u00f3 la Feria de Servicios, Inclusi\u00f3n y Derechos Humanos y una exhibici\u00f3n del Equipo Internacional de Acrobacia de Tr\u00e1nsito de la Secretar\u00eda de Seguridad Ciudadana de la Ciudad de M\u00e9xico (SSC-CDMX).<\/p>\n<p>Acompa\u00f1ado por consejeros de la Judicatura, magistrados, jueces y personal de \u00e1reas administrativas y de apoyo judicial; de servidores p\u00fablicos de la SSC-CDMX y de la Secretar\u00eda de Inclusi\u00f3n y Bienestar Social, as\u00ed como de representantes de organizaciones de la sociedad, el magistrado reconoci\u00f3 que en los \u00faltimos 20 a\u00f1os se ha presenciado una evoluci\u00f3n importante cuyos postulados han servido para garantizar que las mujeres gocen de los mismos derechos humanos que los hombres y que sean tratadas con igualdad y sin discriminaci\u00f3n.<\/p>\n<p>Sin embargo, advirti\u00f3 de la necesidad de continuar librando obst\u00e1culos, a fin de lograr una realidad m\u00e1s satisfactoria para ni\u00f1as, adolescentes y mujeres; tambi\u00e9n de ind\u00edgenas, aquellas con discapacidad y las de la diversidad sexual.<\/p>\n<p>Record\u00f3 que, en lo interno, en el \u00f3rgano judicial capitalino tambi\u00e9n se lucha para que las mujeres trabajadoras cuenten con un espacio laboral digno y libre de violencia, y que, de ser v\u00edctimas, cuenten con redes de acompa\u00f1amiento y seguridad.<\/p>\n<p>\u201cAprovecho este espacio para recordar a las personas trabajadoras que, de sentirse afectadas en sus derechos de esa naturaleza, no duden en acercarse a la Direcci\u00f3n Ejecutiva de Orientaci\u00f3n Ciudadana y Derechos Humanos donde recibir\u00e1n el acompa\u00f1amiento y atenci\u00f3n que requieran para resoluci\u00f3n de sus planteamientos\u201d, coment\u00f3.<\/p>\n<p>El tambi\u00e9n presidente del Consejo de la Judicatura de la Ciudad de M\u00e9xico asegur\u00f3 que el Comit\u00e9 para Incluir la Perspectiva de G\u00e9nero del \u00f3rgano judicial, que preside la consejera de la Judicatura, Irma Guadalupe Garc\u00eda Mendoza, es pilar para garantizar la igualdad sustantiva en la construcci\u00f3n de una instituci\u00f3n igualitaria, libre de discriminaci\u00f3n y violencia, as\u00ed como protectora de derechos humanos.<\/p>\n<p>Al cortar el list\u00f3n inaugural de la Feria de Servicios, Inclusi\u00f3n y Derechos Humanos, en la sede de Ni\u00f1os H\u00e9roes 132, Guerra \u00c1lvarez destac\u00f3 el papel del PJCDMX como generador de paz social, y subray\u00f3 que sus integrantes ahora incluyen la perspectiva de g\u00e9nero, por lo que se trata de una instituci\u00f3n abierta a toda la sociedad.<\/p>\n<p>Esta jornada en el PJCDMX incluy\u00f3 una exhibici\u00f3n del Equipo Internacional de Acrobacia de Tr\u00e1nsito de la SSC-CDMX, cuyos elementos, a bordo de motos Harley-Davidson, con un peso de media tonelada, ejecutaron suertes como la bandera, el Ariel, y otras tantas, que remataron con la que llamaron \u201cla Poder Judicial\u201d, que fue presenciada por el magistrado Guerra \u00c1lvarez, y cientos de personas sobre avenida Ni\u00f1os H\u00e9roes.<\/p>\n<p>Tambi\u00e9n se dictaron las conferencias magistrales Protocolo de Estambul en las mujeres privadas de la libertad, a cargo del perito de la Secretar\u00eda de Salud de la Ciudad de M\u00e9xico, Jos\u00e9 Ram\u00f3n Silva S\u00e1nchez, y La diversidad de g\u00e9nero en lo jur\u00eddico, por parte de Tania Nieves Canales, coordinadora de Capacitaci\u00f3n de la Direcci\u00f3n Ejecutiva de Aplicaci\u00f3n de Programas Preventivos Interinstitucionales de la SSC-CDMX, y de la magistrada Rebeca Pujol Rosas, integrante de la Primera Sala Familiar.<\/p>\n<p>En el acto inaugural participaron el integrante del Comit\u00e9 para Incluir la Perspectiva de G\u00e9nero, consejero de la Judicatura Andr\u00e9s Linares Carranza; el director ejecutivo de Administraci\u00f3n de Programas Preventivos Institucionales de la SSC-CDMX, Wilfrido Lescas Morga; la coordinadora de Capacitaci\u00f3n de la Direcci\u00f3n Ejecutiva de Aplicaci\u00f3n de Programas de Prevenci\u00f3n Interinstitucionales de esa dependencia, Tania Nieves Canales, y la coordinadora de Salud Mental Comunitaria de la Unidad de Salud Integral para Personas Trans, Oyuki Mart\u00ednez Col\u00edn, entre otros.<\/p>\n","protected":false},"excerpt":{"rendered":"<p>Al lamentar los recientes hechos de violencia contra las mujeres, el presidente del Poder Judicial de la Ciudad de M\u00e9xico (PJCDMX), magistrado Rafael Guerra \u00c1lvarez, subray\u00f3 que el \u00f3rgano judicial capitalino refrenda su responsabilidad con la protecci\u00f3n de sus derechos humanos y en garantizar una impartici\u00f3n de justicia con enfoque de g\u00e9nero, sin estereotipos y sin discriminaci\u00f3n.<\/p>\n","protected":false},"author":3,"featured_media":565618,"comment_status":"open","ping_status":"open","sticky":false,"template":"","format":"standard","meta":{"_monsterinsights_skip_tracking":false,"_monsterinsights_sitenote_active":false,"_monsterinsights_sitenote_note":"","_monsterinsights_sitenote_category":0,"footnotes":""},"categories":[6],"tags":[87379,87380,47286,16831],"class_list":["post-565580","post","type-post","status-publish","format-standard","has-post-thumbnail","hentry","category-cd-de-mexico","tag-pjcdmx","tag-poder-judicial-de-la-ciudad-de-mexico","tag-refrenda","tag-responsabilidad"],"_links":{"self":[{"href":"https:\/\/www.diarioimagen.net\/index.php?rest_route=\/wp\/v2\/posts\/565580","targetHints":{"allow":["GET"]}}],"collection":[{"href":"https:\/\/www.diarioimagen.net\/index.php?rest_route=\/wp\/v2\/posts"}],"about":[{"href":"https:\/\/www.diarioimagen.net\/index.php?rest_route=\/wp\/v2\/types\/post"}],"author":[{"embeddable":true,"href":"https:\/\/www.diarioimagen.net\/index.php?rest_route=\/wp\/v2\/users\/3"}],"replies":[{"embeddable":true,"href":"https:\/\/www.diarioimagen.net\/index.php?rest_route=%2Fwp%2Fv2%2Fcomments&post=565580"}],"version-history":[{"count":0,"href":"https:\/\/www.diarioimagen.net\/index.php?rest_route=\/wp\/v2\/posts\/565580\/revisions"}],"wp:featuredmedia":[{"embeddable":true,"href":"https:\/\/www.diarioimagen.net\/index.php?rest_route=\/wp\/v2\/media\/565618"}],"wp:attachment":[{"href":"https:\/\/www.diarioimagen.net\/index.php?rest_route=%2Fwp%2Fv2%2Fmedia&parent=565580"}],"wp:term":[{"taxonomy":"category","embeddable":true,"href":"https:\/\/www.diarioimagen.net\/index.php?rest_route=%2Fwp%2Fv2%2Fcategories&post=565580"},{"taxonomy":"post_tag","embeddable":true,"href":"https:\/\/www.diarioimagen.net\/index.php?rest_route=%2Fwp%2Fv2%2Ftags&post=565580"}],"curies":[{"name":"wp","href":"https:\/\/api.w.org\/{rel}","templated":true}]}}