{"id":565582,"date":"2022-11-14T00:01:22","date_gmt":"2022-11-14T06:01:22","guid":{"rendered":"https:\/\/www.diarioimagen.net\/?p=565582"},"modified":"2022-11-15T02:23:52","modified_gmt":"2022-11-15T08:23:52","slug":"se-les-complica-comprar-la-canasta-basica-a-7-de-cada-10-familias-anpec","status":"publish","type":"post","link":"https:\/\/www.diarioimagen.net\/?p=565582","title":{"rendered":"Se les complica comprar la canasta b\u00e1sica a 7 de cada 10 familias: Anpec"},"content":{"rendered":"<p><strong>\u00a0<\/strong><\/p>\n<h3 style=\"text-align: center;\">Optan por reducir consumo o pedir fiado, seg\u00fan encuesta<\/h3>\n<p><em>\u00a0<\/em><\/p>\n<ul>\n<li><strong><em>Siguen sin dar resultados los acuerdos para contrarrestar inflaci\u00f3n, dice l\u00edder de comerciantes<\/em><\/strong><\/li>\n<\/ul>\n<p>&nbsp;<\/p>\n<div id=\"attachment_565616\" style=\"width: 470px\" class=\"wp-caption aligncenter\"><img loading=\"lazy\" decoding=\"async\" aria-describedby=\"caption-attachment-565616\" class=\"size-full wp-image-565616\" src=\"https:\/\/www.diarioimagen.net\/wp-content\/uploads\/2022\/11\/CARESTIA-ALIMENTOS.jpg\" alt=\"\" width=\"460\" height=\"270\" \/><p id=\"caption-attachment-565616\" class=\"wp-caption-text\">Familias de escasos recursos reducen compra de alimentos, ante escalada inflacionaria, seg\u00fan datos de la Anpec.<\/p><\/div>\n<p>&nbsp;<\/p>\n<p>Ante la escalada de precios en alimentos, siete de cada 10 familias tienen dificultades econ\u00f3micas para comprar la canasta b\u00e1sica, lo que las ha obligado a tomar medidas como pedir fiado, reducir su consumo, entre otras, report\u00f3 la Asociaci\u00f3n Nacional de Peque\u00f1os Comercios (Anpec).<\/p>\n<p>Cuauht\u00e9moc Rivera, presidente del organismo privado, enfatiz\u00f3 en que los resultados son una muestra del momento complicado que atraviesan las familias a causa del constante incremento de precios y una prueba de que las medidas del gobierno no han funcionado.<\/p>\n<p>En lo que se refiere a la situaci\u00f3n de los peque\u00f1os comercios, la nueva edici\u00f3n de la Encuesta Inflaci\u00f3n y Carest\u00eda 2022 revel\u00f3 que 82 por ciento no ha tenido incrementos en sus ganancias, producto de que las ventas muestran una ca\u00edda de aproximadamente 30 por ciento.<\/p>\n<p>El 72 por ciento de los due\u00f1os de los peque\u00f1os comercios dice haber notado un menor consumo por parte de sus clientes, los cuales hacen una compra promedio inferior a los 100 pesos cada vez que asisten al establecimiento, eso a consecuencia del encarecimiento de los productos y de su debilidad econ\u00f3mica.<\/p>\n<p>El dirigente de los comerciantes indic\u00f3 que ante la carest\u00eda, las empresas han dise\u00f1ado productos de menor tama\u00f1o, a los cuales han recurrido muchas de las familias mexicanas, no obstante, estos mantienen los mismos precios que cuando eran m\u00e1s grandes, e inclusive, algunos son hasta m\u00e1s caros, lo que es un reflejo de la elevada inflaci\u00f3n por la que atraviesa el pa\u00eds.<\/p>\n<p>Otra medida por la que han optado los consumidores es comprar marcas no reconocidas, optar por productos gen\u00e9ricos o bien, comprar a granel, sobre todo granos. Adem\u00e1s, ante el encarecimiento de la carne, buscan variantes m\u00e1s baratas, como son los interiores, es decir, tripas, h\u00edgado y dem\u00e1s v\u00edsceras.<\/p>\n<p>\u201cEl consumo de los clientes ha sido bajo, pobre. La tendencia de compra es del diario y hasta cada vez m\u00e1s espor\u00e1dico; adem\u00e1s consumen de acuerdo al poder adquisitivo, no se considera marca, nutrici\u00f3n o pesaje y los alimentos se consumen en menor cantidades, en el caso de los c\u00e1rnicos tienden a no comprar\u201d, apunt\u00f3 el presidente de la Anpec.<\/p>\n<p style=\"text-align: center;\"><strong>Acuerdos contra la inflaci\u00f3n, sin resultados<\/strong><\/p>\n<p>El Paquete contra la inflaci\u00f3n y la carest\u00eda (Pacic) y el Acuerdo de Apertura contra la Inflaci\u00f3n y Carest\u00eda (Apacic), \u201cha pasado de noche\u201d, afirm\u00f3 el l\u00edder de los peque\u00f1os comerciantes, pues desde su punto de vista los beneficios no aterrizan en las familias que m\u00e1s lo necesitan.<\/p>\n<p>\u201cLa verdad es que el Pacic ha pasado de noche, esta estrategia pactada por el estado y por algunos sectores de los distribuidores y productores del pa\u00eds no ha servido porque los precios siguen en aumento, no hay evidencia que muestre su aplicaci\u00f3n y no queda claro qu\u00e9 productos, qu\u00e9 marcas, qu\u00e9 presentaciones configuran la canasta b\u00e1sica, no logra aterrizar en la base de la pir\u00e1mide social\u201d, destac\u00f3.<\/p>\n","protected":false},"excerpt":{"rendered":"<p>Ante la escalada de precios en alimentos, siete de cada 10 familias tienen dificultades econ\u00f3micas para comprar la canasta b\u00e1sica, lo que las ha obligado a tomar medidas como pedir fiado, reducir su consumo, entre otras, report\u00f3 la Asociaci\u00f3n Nacional de Peque\u00f1os Comercios (Anpec).<\/p>\n","protected":false},"author":3,"featured_media":565616,"comment_status":"open","ping_status":"open","sticky":false,"template":"","format":"standard","meta":{"_monsterinsights_skip_tracking":false,"_monsterinsights_sitenote_active":false,"_monsterinsights_sitenote_note":"","_monsterinsights_sitenote_category":0,"footnotes":""},"categories":[8],"tags":[93301,33,43678],"class_list":["post-565582","post","type-post","status-publish","format-standard","has-post-thumbnail","hentry","category-finanzas","tag-anpec","tag-canasta-basica","tag-finanzas"],"_links":{"self":[{"href":"https:\/\/www.diarioimagen.net\/index.php?rest_route=\/wp\/v2\/posts\/565582","targetHints":{"allow":["GET"]}}],"collection":[{"href":"https:\/\/www.diarioimagen.net\/index.php?rest_route=\/wp\/v2\/posts"}],"about":[{"href":"https:\/\/www.diarioimagen.net\/index.php?rest_route=\/wp\/v2\/types\/post"}],"author":[{"embeddable":true,"href":"https:\/\/www.diarioimagen.net\/index.php?rest_route=\/wp\/v2\/users\/3"}],"replies":[{"embeddable":true,"href":"https:\/\/www.diarioimagen.net\/index.php?rest_route=%2Fwp%2Fv2%2Fcomments&post=565582"}],"version-history":[{"count":0,"href":"https:\/\/www.diarioimagen.net\/index.php?rest_route=\/wp\/v2\/posts\/565582\/revisions"}],"wp:featuredmedia":[{"embeddable":true,"href":"https:\/\/www.diarioimagen.net\/index.php?rest_route=\/wp\/v2\/media\/565616"}],"wp:attachment":[{"href":"https:\/\/www.diarioimagen.net\/index.php?rest_route=%2Fwp%2Fv2%2Fmedia&parent=565582"}],"wp:term":[{"taxonomy":"category","embeddable":true,"href":"https:\/\/www.diarioimagen.net\/index.php?rest_route=%2Fwp%2Fv2%2Fcategories&post=565582"},{"taxonomy":"post_tag","embeddable":true,"href":"https:\/\/www.diarioimagen.net\/index.php?rest_route=%2Fwp%2Fv2%2Ftags&post=565582"}],"curies":[{"name":"wp","href":"https:\/\/api.w.org\/{rel}","templated":true}]}}