{"id":565669,"date":"2022-11-15T00:02:36","date_gmt":"2022-11-15T06:02:36","guid":{"rendered":"https:\/\/www.diarioimagen.net\/?p=565669"},"modified":"2022-11-15T23:37:33","modified_gmt":"2022-11-16T05:37:33","slug":"congreso-de-conatrib-para-amortiguar-fisuras-de-desigualdad-y-atraso-tecnologico-mag-guerra-alvarez","status":"publish","type":"post","link":"https:\/\/www.diarioimagen.net\/?p=565669","title":{"rendered":"Congreso de Conatrib, para amortiguar fisuras de desigualdad y atraso tecnol\u00f3gico: mag. Guerra \u00c1lvarez"},"content":{"rendered":"<p>&nbsp;<\/p>\n<ul>\n<li><strong><em>As\u00ed lo destac\u00f3 el presidente de la Comisi\u00f3n Nacional de Tribunales Superiores de Justicia de los Estados Unidos Mexicanos, al inaugurar el Congreso Nacional 2022 de la organizaci\u00f3n<\/em><\/strong><\/li>\n<\/ul>\n<p>&nbsp;<\/p>\n<div id=\"attachment_565711\" style=\"width: 470px\" class=\"wp-caption aligncenter\"><img loading=\"lazy\" decoding=\"async\" aria-describedby=\"caption-attachment-565711\" class=\"size-full wp-image-565711\" src=\"https:\/\/www.diarioimagen.net\/wp-content\/uploads\/2022\/11\/tribunal-5.jpg\" alt=\"\" width=\"460\" height=\"270\" \/><p id=\"caption-attachment-565711\" class=\"wp-caption-text\">Los poderes judiciales se re\u00fanen para acortar la distancia entre la ignorancia y el conocimiento y as\u00ed encontrar las soluciones que la administraci\u00f3n de justicia requiere, destac\u00f3 el magistrado Rafael Guerra \u00c1lvarez.<\/p><\/div>\n<p>&nbsp;<\/p>\n<p>El presidente de la Comisi\u00f3n Nacional de Tribunales Superiores de Justicia de los Estados Unidos Mexicanos (Conatrib), magistrado Rafael Guerra \u00c1lvarez, asegur\u00f3 que los poderes judiciales locales se re\u00fanen para amortiguar las fisuras de desigualdad y atraso tecnol\u00f3gico, as\u00ed como acortar la distancia entre la ignorancia y el conocimiento, y as\u00ed encontrar las soluciones que la administraci\u00f3n de justicia requiere.<\/p>\n<p>Al inaugurar el Congreso Nacional 2022 de car\u00e1cter h\u00edbrido de la organizaci\u00f3n, destac\u00f3 que los \u00f3rganos judiciales que integran la Conatrib han efectuado un marcado esfuerzo para que, desde la trinchera de los tribunales, exista un control social, y que, en el marco de la legalidad y la justicia, se diriman de mejor manera las controversias jur\u00eddicas.<\/p>\n<p>En un mensaje, Guerra \u00c1lvarez mencion\u00f3, por ejemplo, el impulso a la aprobaci\u00f3n del C\u00f3digo Nacional de Procedimientos Civiles y Familiares, sobre el cual \u201cmantenemos una atenci\u00f3n profunda\u201d, para intercambiar ideas y participar en la construcci\u00f3n del mismo, tanto en la C\u00e1mara de Diputados como en la C\u00e1mara de Senadores, con la intervenci\u00f3n de los presidentes de los poderes judiciales que conforman la Conatrib.<\/p>\n<p>\u201cTan importante proyecto normativo surge de la identificaci\u00f3n de prioridades para impulsar un \u00e1mbito de mayor certeza a la justicia civil, mercantil y de extinci\u00f3n de dominio, e igualmente a la justicia familiar, siendo as\u00ed que la relevancia de este congreso de la Conatrib es una referencia obligada para la construcci\u00f3n de un mejor estado democr\u00e1tico y de derecho en M\u00e9xico\u201d, enfatiz\u00f3 ante los presidentes y representantes de los 32 poderes judiciales locales del pa\u00eds.<\/p>\n<p>El tambi\u00e9n presidente del Poder Judicial de la Ciudad de M\u00e9xico convoc\u00f3 al intercambio de conocimientos, experiencias y pr\u00e1cticas jur\u00eddicas, para honrar los sistemas de impartici\u00f3n de justicia, adem\u00e1s de alentar la cooperaci\u00f3n en la materia no s\u00f3lo nacional, sino internacional entre los cient\u00edficos del derecho que participan en el congreso.<\/p>\n<p>Destac\u00f3 la cooperaci\u00f3n que hasta ahora se ha logrado entre los poderes judiciales locales para mejorar la impartici\u00f3n de justicia en diversos \u00e1mbitos, y cit\u00f3 el caso de la Redes de Juezas y Jueces Orales, Civiles y Mercantiles y de Extinci\u00f3n de Dominio, la Red de Cooperaci\u00f3n para la Protecci\u00f3n de la Ni\u00f1ez, la Reuni\u00f3n Nacional del Sistema Integral de Justicia Penal para Adolescentes y la Red de Mecanismos Alternativos de Soluci\u00f3n de Controversias.<\/p>\n<p>Asimismo, la Red Nacional de Estad\u00edsticas Judiciales; la Red de Escuelas Judiciales de los Estados de la Rep\u00fablica Mexicana; la Red de Centros de Convivencia Familiar Supervisada y la Red Nacional de Archivos Judiciales.<\/p>\n<p>Record\u00f3 las profundas transformaciones normativas en \u201cnuestro estado de derecho\u201d, las cuales han marcado trayectorias para generar mayor eficacia y eficiencia en el plano de la jurisdicci\u00f3n, y mencion\u00f3 el caso de la oralidad.<\/p>\n<p>\u201cCon la implementaci\u00f3n de distintas herramientas procesales, como lo es la oralidad, los tiempos de la integraci\u00f3n de expedientes judiciales fueron reducidos y hoy en d\u00eda existe mayor celeridad en la resoluci\u00f3n de casos que han sido judicializados; asimismo, se observan respuestas m\u00e1s oportunas en la justicia para menores en la cual se ponderan con eficacia derechos humanos\u201d, subray\u00f3.<\/p>\n","protected":false},"excerpt":{"rendered":"<p>El presidente de la Comisi\u00f3n Nacional de Tribunales Superiores de Justicia de los Estados Unidos Mexicanos (Conatrib), magistrado Rafael Guerra \u00c1lvarez, asegur\u00f3 que los poderes judiciales locales se re\u00fanen para amortiguar las fisuras de desigualdad y atraso tecnol\u00f3gico, as\u00ed como acortar la distancia entre la ignorancia y el conocimiento, y as\u00ed encontrar las soluciones que la administraci\u00f3n de justicia requiere.<\/p>\n","protected":false},"author":3,"featured_media":565711,"comment_status":"open","ping_status":"open","sticky":false,"template":"","format":"standard","meta":{"_monsterinsights_skip_tracking":false,"_monsterinsights_sitenote_active":false,"_monsterinsights_sitenote_note":"","_monsterinsights_sitenote_category":0,"footnotes":""},"categories":[6],"tags":[34444,31311],"class_list":["post-565669","post","type-post","status-publish","format-standard","has-post-thumbnail","hentry","category-cd-de-mexico","tag-cdmx","tag-comision-nacional-de-tribunales-superiores-de-justicia-de-los-estados-unidos-mexicanos"],"_links":{"self":[{"href":"https:\/\/www.diarioimagen.net\/index.php?rest_route=\/wp\/v2\/posts\/565669","targetHints":{"allow":["GET"]}}],"collection":[{"href":"https:\/\/www.diarioimagen.net\/index.php?rest_route=\/wp\/v2\/posts"}],"about":[{"href":"https:\/\/www.diarioimagen.net\/index.php?rest_route=\/wp\/v2\/types\/post"}],"author":[{"embeddable":true,"href":"https:\/\/www.diarioimagen.net\/index.php?rest_route=\/wp\/v2\/users\/3"}],"replies":[{"embeddable":true,"href":"https:\/\/www.diarioimagen.net\/index.php?rest_route=%2Fwp%2Fv2%2Fcomments&post=565669"}],"version-history":[{"count":0,"href":"https:\/\/www.diarioimagen.net\/index.php?rest_route=\/wp\/v2\/posts\/565669\/revisions"}],"wp:featuredmedia":[{"embeddable":true,"href":"https:\/\/www.diarioimagen.net\/index.php?rest_route=\/wp\/v2\/media\/565711"}],"wp:attachment":[{"href":"https:\/\/www.diarioimagen.net\/index.php?rest_route=%2Fwp%2Fv2%2Fmedia&parent=565669"}],"wp:term":[{"taxonomy":"category","embeddable":true,"href":"https:\/\/www.diarioimagen.net\/index.php?rest_route=%2Fwp%2Fv2%2Fcategories&post=565669"},{"taxonomy":"post_tag","embeddable":true,"href":"https:\/\/www.diarioimagen.net\/index.php?rest_route=%2Fwp%2Fv2%2Ftags&post=565669"}],"curies":[{"name":"wp","href":"https:\/\/api.w.org\/{rel}","templated":true}]}}