{"id":565675,"date":"2022-11-15T00:01:57","date_gmt":"2022-11-15T06:01:57","guid":{"rendered":"https:\/\/www.diarioimagen.net\/?p=565675"},"modified":"2022-11-15T02:41:46","modified_gmt":"2022-11-15T08:41:46","slug":"la-inflacion-evaporo-en-octubre-el-avance-de-salarios-contractuales","status":"publish","type":"post","link":"https:\/\/www.diarioimagen.net\/?p=565675","title":{"rendered":"La inflaci\u00f3n evapor\u00f3 en octubre el avance de salarios contractuales"},"content":{"rendered":"<p>&nbsp;<\/p>\n<ul>\n<li><em><strong>Los aumentos a sindicalizados han sido de 4.4%, en promedio<\/strong><\/em><\/li>\n<\/ul>\n<p>&nbsp;<\/p>\n<div id=\"attachment_565727\" style=\"width: 470px\" class=\"wp-caption aligncenter\"><img loading=\"lazy\" decoding=\"async\" aria-describedby=\"caption-attachment-565727\" class=\"size-full wp-image-565727\" src=\"https:\/\/www.diarioimagen.net\/wp-content\/uploads\/2022\/11\/inflacion.jpg\" alt=\"\" width=\"460\" height=\"270\" \/><p id=\"caption-attachment-565727\" class=\"wp-caption-text\">El aumento promedio de 4 por ciento de salarios contractuales se ha desvanecido por la inflaci\u00f3n galopante.<\/p><\/div>\n<p>&nbsp;<\/p>\n<p>El avance del poder adquisitivo de los trabajadores observado en septiembre se desvaneci\u00f3, al registrarse una contracci\u00f3n de 3.68 por ciento en octubre, en t\u00e9rminos reales, pese a que el nivel inflacionario comenz\u00f3 a ser menor en el periodo de referencia.<\/p>\n<p>En octubre, el promedio nominal pactado en las negociaciones de la jurisdicci\u00f3n federal fue de 4.4 por ciento, pero al descontar el efecto de la inflaci\u00f3n se tradujo en un retroceso de 3.68 por ciento, de acuerdo con datos de la Secretar\u00eda del Trabajo y Previsi\u00f3n Social (STPS).<\/p>\n<p>El dato correspondiente al d\u00e9cimo mes se coloc\u00f3 como el m\u00e1s bajo desde abril del a\u00f1o pasado, cuando el comportamiento de las revisiones salariales comenz\u00f3 a ubicarse en terreno negativo.<\/p>\n<p>El Instituto Nacional de Estad\u00edstica y Geograf\u00eda (Inegi) inform\u00f3 que en el periodo de referencia la inflaci\u00f3n fue de 8.41 por ciento a tasa anual, monto que a\u00fan se ubica fuera del objetivo del Banco de M\u00e9xico (BdeM), el cual es 3 por ciento con un intervalo de un punto porcentual hacia arriba o hacia abajo.<\/p>\n<p>En t\u00e9rminos nominales, el promedio de los salarios contractuales fue el menor en los \u00faltimos 12 meses, pero tambi\u00e9n lo que va del a\u00f1o. El promedio real es el m\u00e1s bajo en los \u00faltimos 19 meses, pues en marzo de 2021 culmin\u00f3 el periodo m\u00e1s extenso en el que el poder adquisitivo de los trabajadores observ\u00f3 mejoras.<\/p>\n<p>El dato de octubre de este a\u00f1o tambi\u00e9n super\u00f3 al promedio real que se observ\u00f3 en igual mes de 2017, el cual fue de 2.40 por ciento.<\/p>\n<p>Aunque en septiembre el promedio real de los salarios contractuales se ubic\u00f3 en terreno negativo al ser de 0.15 por ciento, se observ\u00f3 una mejor\u00eda respecto a agosto, cuando fue de -3.38 por ciento.<\/p>\n<p>En los \u00faltimos 19 meses los salarios contractuales s\u00f3lo han sido positivos en marzo, mayo y julio de este a\u00f1o, cuando registraron incrementaron 0.97, 0.55 y 1.19 por ciento, respectivamente.<\/p>\n<p>Previo al actual periodo de altibajos, entre noviembre de 2018 y marzo del a\u00f1o pasado el poder adquisitivo observ\u00f3 mejoras, luego de que se deterior\u00f3 entre enero de 2017 e igual mes de 2018 por causa del alto nivel inflacionario que origin\u00f3 la liberalizaci\u00f3n de los precios de las gasolinas.<\/p>\n<p>En octubre se realizaron 302 revisiones salariales, las cuales involucraron a 617 mil 814 trabajadores, el mayor n\u00famero en lo que va de 2022.<\/p>\n<p>El promedio nominal acumulado en los 10 primeros meses del a\u00f1o se ubic\u00f3 en 5.8 por ciento, pero en t\u00e9rminos reales se contrajo 2.09 por ciento.<\/p>\n<p>Del total de revisiones hechas en octubre, seis corresponden al sector p\u00fablico e involucraron a 475 mil trabajadores, cuyo poder adquisitivo tuvo mayor afectaci\u00f3n, pues el promedio nominal fue de 3.5 por ciento, que al descontar la inflaci\u00f3n represent\u00f3 un retroceso de 4.50 por ciento.<\/p>\n<p>Las otras 296 negociaciones corresponden al sector privado e involucraron a 142 mil 808 empleados, quienes recibieron un aumento nominal de 7.4 por ciento, que se tradujo en una contracci\u00f3n de 0.97 por ciento real.<\/p>\n<p>Los trabajadores de servicios profesionales, cient\u00edficos y t\u00e9cnicos obtuvieron un aumento de 2.0 por ciento nominal, que signific\u00f3 un decremento de 5.91 por ciento real.<\/p>\n<p>En contraste, empleados de servicios de alojamiento temporal y de preparaci\u00f3n de alimentos y bebidas recibieron un incremento de 31 por ciento en t\u00e9rminos nominales, dato que al descontar la inflaci\u00f3n se tradujo en un avance de 20.84 por ciento.<\/p>\n","protected":false},"excerpt":{"rendered":"<p>El avance del poder adquisitivo de los trabajadores observado en septiembre se desvaneci\u00f3, al registrarse una contracci\u00f3n de 3.68 por ciento en octubre, en t\u00e9rminos reales, pese a que el nivel inflacionario comenz\u00f3 a ser menor en el periodo de referencia.<\/p>\n","protected":false},"author":3,"featured_media":565727,"comment_status":"open","ping_status":"open","sticky":false,"template":"","format":"standard","meta":{"_monsterinsights_skip_tracking":false,"_monsterinsights_sitenote_active":false,"_monsterinsights_sitenote_note":"","_monsterinsights_sitenote_category":0,"footnotes":""},"categories":[8],"tags":[2172,43678,932,78713,96806,6675],"class_list":["post-565675","post","type-post","status-publish","format-standard","has-post-thumbnail","hentry","category-finanzas","tag-avance","tag-finanzas","tag-inflacion","tag-octubre","tag-salarios-contractuaels","tag-stps"],"_links":{"self":[{"href":"https:\/\/www.diarioimagen.net\/index.php?rest_route=\/wp\/v2\/posts\/565675","targetHints":{"allow":["GET"]}}],"collection":[{"href":"https:\/\/www.diarioimagen.net\/index.php?rest_route=\/wp\/v2\/posts"}],"about":[{"href":"https:\/\/www.diarioimagen.net\/index.php?rest_route=\/wp\/v2\/types\/post"}],"author":[{"embeddable":true,"href":"https:\/\/www.diarioimagen.net\/index.php?rest_route=\/wp\/v2\/users\/3"}],"replies":[{"embeddable":true,"href":"https:\/\/www.diarioimagen.net\/index.php?rest_route=%2Fwp%2Fv2%2Fcomments&post=565675"}],"version-history":[{"count":0,"href":"https:\/\/www.diarioimagen.net\/index.php?rest_route=\/wp\/v2\/posts\/565675\/revisions"}],"wp:featuredmedia":[{"embeddable":true,"href":"https:\/\/www.diarioimagen.net\/index.php?rest_route=\/wp\/v2\/media\/565727"}],"wp:attachment":[{"href":"https:\/\/www.diarioimagen.net\/index.php?rest_route=%2Fwp%2Fv2%2Fmedia&parent=565675"}],"wp:term":[{"taxonomy":"category","embeddable":true,"href":"https:\/\/www.diarioimagen.net\/index.php?rest_route=%2Fwp%2Fv2%2Fcategories&post=565675"},{"taxonomy":"post_tag","embeddable":true,"href":"https:\/\/www.diarioimagen.net\/index.php?rest_route=%2Fwp%2Fv2%2Ftags&post=565675"}],"curies":[{"name":"wp","href":"https:\/\/api.w.org\/{rel}","templated":true}]}}