{"id":565769,"date":"2022-11-15T00:10:56","date_gmt":"2022-11-15T06:10:56","guid":{"rendered":"https:\/\/www.diarioimagen.net\/?p=565769"},"modified":"2022-11-15T03:32:24","modified_gmt":"2022-11-15T09:32:24","slug":"mexico-desperto","status":"publish","type":"post","link":"https:\/\/www.diarioimagen.net\/?p=565769","title":{"rendered":"M\u00e9xico despert\u00f3"},"content":{"rendered":"<h2>Triple Erre<\/h2>\n<h5>Francisco Reynoso<\/h5>\n<p><strong>\u00a0<\/strong><\/p>\n<p>Ni lo dude. Vendr\u00e1n los coletazos del pejelagarto. El presidente L\u00f3pez buscar\u00e1, y encontrar\u00e1 sin duda, la manera de vengar las afrentas de los cretinos y corruptazos que con su \u201cstriptease\u201d del domingo lo exhibieron ante el mundo como un aspirante a dictador que pretende apoderarse de los \u00f3rganos electorales de M\u00e9xico para manejarlos a su antojo y conveniencia, poniendo como parapeto al pueblo y a los pobres.<\/p>\n<p>En la marcha para la defensa del INE no s\u00f3lo participaron los que estuvieron en el Paseo de la Reforma, en el Monumento a la Revoluci\u00f3n y en las principales avenidas de 60 ciudades. Fueron millones los que la apoyaron desde sus casas y en las redes sociales. Mart\u00ed Batres dijo que fueron 12 mil los que llegaron a la Plaza de la Rep\u00fablica; otros funcionarios de la Sheinbaum calcularon 60 o 60 mil. El n\u00famero de los que se movilizaron en las calles es lo de menos. Lo de m\u00e1s es que el pueblo de M\u00e9xico ya despert\u00f3 y cada vez le costar\u00e1 m\u00e1s trabajo a L\u00f3pez enga\u00f1arlo y burlarlo.<\/p>\n<p>La sociedad mexicana est\u00e1 agraviada por L\u00f3pez que de las mofas y mentiras pas\u00f3 ya a los insultos. El pueblo tiene miedo que el Presidente quiera convertirse en un dictador de la cala\u00f1a de Le\u00f3nidas Trujillo, en Rep\u00fablica Dominicana; o Francoise Duvalier, Papa Doc, en Hait\u00ed. Por ello se ech\u00f3 a las calles en defensa del Instituto Nacional Electoral, \u00fanico que puede garantizar que en M\u00e9xico ning\u00fan hombre, a trav\u00e9s de sus hijos y t\u00edteres, se eternice en el poder. Las marchas de ayer fueron una probadita de que M\u00e9xico ya despert\u00f3.<\/p>\n<p>\u00bfC\u00f3mo buscar\u00e1 desquitarse L\u00f3pez? Ya lo veremos. No le faltaran formas ni recursos. \u00bfA qui\u00e9n le har\u00e1 pagar los platos rotos? A Claudio X. Gonz\u00e1lez lo trae atravesado desde hace mucho. Tambi\u00e9n a Lorenzo C\u00f3rdova. Ahora ya tambi\u00e9n mencion\u00f3 a Elba Esther Gordillo. \u00bfA qui\u00e9n le echar\u00e1 la caballer\u00eda encima, como se la ech\u00f3 a Alejandro Moreno <em>Alito<\/em>, presidente del PRI, hasta tenerlo como sedita? Pronto lo veremos<\/p>\n<p>Pero de que esto no se quedar\u00e1 as\u00ed, por supuesto que no. L\u00f3pez es demasiado visceral para aguantar y dejar pasar expresiones como los de una se\u00f1ora que le grita, entre otras chuladas, \u201c\u00a1m\u00e1tame si tienes huevos, indio tabasque\u00f1o pata rajada!\u201d.<\/p>\n<p style=\"text-align: center;\"><strong>Preparen armas, apunten\u2026<\/strong><\/p>\n<p>Otra afrenta al caudillo L\u00f3pez la hizo el Tribunal Superior de Elecciones de Costa Rica. La presidenta del mismo, Eugenia Mar\u00eda Zamora entreg\u00f3 a Lorenzo C\u00f3rdova el premio C\u00e1tedra de la Democracia, justo cuando L\u00f3pez Obrador lo acusaba por en\u00e9sima ocasi\u00f3n al INE de ser instrumento del neoliberalismo corrupto. Y d\u00edas antes, L\u00f3pez puso de ejemplo de instituci\u00f3n intachable e incorruptible al Tribunal de Costa Rica\u2026 El s\u00e1bado pr\u00f3ximo el senador Ricardo Monreal se sube al ring de la Arena M\u00e9xico, donde <em>Santo<\/em> el Enmascarado de Plata, <em>Blue Demon<\/em> y <em>Rayo de Jalisco<\/em> dieron sus mejores batallas, para desafiar a Claudia Sheinbaum en contienda a tres ca\u00eddas sin l\u00edmite de tiempo; Monreal buscar\u00e1 quitarle la m\u00e1scara de \u201cyo no fui, fue Tet\u00e9\u201d a Claudia Sheinbaum\u2026 El gobernador David Monreal y parte de su gabinete fueron acusados de traici\u00f3n a la patria en la Fiscal\u00eda General de la Rep\u00fablica. La querella la interpuso el abogado Jorge Rada, en representaci\u00f3n del Colectivo Nacional Anticorrupci\u00f3n, debido a los acuerdos del gobierno de Monreal con el embajador de Estados Unidos en M\u00e9xico, Ken Salazar, durante dos visitas que hizo \u00e9ste a Zacatecas\u2026 El m\u00e1s fortalecido con las marchas del domingo es Lorenzo C\u00f3rdova. Ha dicho el consejero presidente del INE que no ser\u00e1 candidato a la Presidencia de M\u00e9xico por ning\u00fan partido. Pero todav\u00eda hay mucho tiempo para que reconsidere. A los partidos de Va por M\u00e9xico, que fueron rebasados por la ciudadan\u00eda, les urge una figura limpia y ajena a las c\u00fapulas del PAN, PRD y sobre todo del PRI.<\/p>\n<p>&nbsp;<\/p>\n<blockquote>\n<p style=\"text-align: right;\"><em><strong>La verdad es la verdad<br \/>\ny no admite otros datos<\/strong><\/em><\/p>\n<\/blockquote>\n<p>&nbsp;<\/p>\n<p><a href=\"mailto:donrunrun@yahoo.es\" target=\"_blank\" rel=\"noopener\"><em>donrunrun@yahoo.es<\/em><\/a><\/p>\n","protected":false},"excerpt":{"rendered":"<p><span style=\"color: #005497;\"><strong>Francisco Reynoso<\/strong><\/span><\/p>\n","protected":false},"author":3,"featured_media":0,"comment_status":"open","ping_status":"open","sticky":false,"template":"","format":"standard","meta":{"_monsterinsights_skip_tracking":false,"_monsterinsights_sitenote_active":false,"_monsterinsights_sitenote_note":"","_monsterinsights_sitenote_category":0,"footnotes":""},"categories":[94855],"tags":[94857,43674,94856],"class_list":["post-565769","post","type-post","status-publish","format-standard","hentry","category-francisco-reynoso","tag-francisco-reynoso","tag-opinion","tag-triple-erre"],"_links":{"self":[{"href":"https:\/\/www.diarioimagen.net\/index.php?rest_route=\/wp\/v2\/posts\/565769","targetHints":{"allow":["GET"]}}],"collection":[{"href":"https:\/\/www.diarioimagen.net\/index.php?rest_route=\/wp\/v2\/posts"}],"about":[{"href":"https:\/\/www.diarioimagen.net\/index.php?rest_route=\/wp\/v2\/types\/post"}],"author":[{"embeddable":true,"href":"https:\/\/www.diarioimagen.net\/index.php?rest_route=\/wp\/v2\/users\/3"}],"replies":[{"embeddable":true,"href":"https:\/\/www.diarioimagen.net\/index.php?rest_route=%2Fwp%2Fv2%2Fcomments&post=565769"}],"version-history":[{"count":0,"href":"https:\/\/www.diarioimagen.net\/index.php?rest_route=\/wp\/v2\/posts\/565769\/revisions"}],"wp:attachment":[{"href":"https:\/\/www.diarioimagen.net\/index.php?rest_route=%2Fwp%2Fv2%2Fmedia&parent=565769"}],"wp:term":[{"taxonomy":"category","embeddable":true,"href":"https:\/\/www.diarioimagen.net\/index.php?rest_route=%2Fwp%2Fv2%2Fcategories&post=565769"},{"taxonomy":"post_tag","embeddable":true,"href":"https:\/\/www.diarioimagen.net\/index.php?rest_route=%2Fwp%2Fv2%2Ftags&post=565769"}],"curies":[{"name":"wp","href":"https:\/\/api.w.org\/{rel}","templated":true}]}}