{"id":565786,"date":"2022-11-15T00:12:50","date_gmt":"2022-11-15T06:12:50","guid":{"rendered":"https:\/\/www.diarioimagen.net\/?p=565786"},"modified":"2022-11-15T03:45:04","modified_gmt":"2022-11-15T09:45:04","slug":"porfa-que-alguien-le-diga-a-amlo-que-su-reforma-electoral-ya-valio","status":"publish","type":"post","link":"https:\/\/www.diarioimagen.net\/?p=565786","title":{"rendered":"Porfa, que alguien le diga a AMLO que su reforma electoral\u2026 \u00a1<em>ya vali\u00f3<\/em>!"},"content":{"rendered":"<h2>Tras la puerta del poder<\/h2>\n<h5>Roberto Vizca\u00edno<\/h5>\n<p>&nbsp;<\/p>\n<p>Pues s\u00ed, <strong>Alejandro Moreno, <em>Alito<\/em>, <\/strong>l\u00edder nacional del PRI, adelant\u00f3 ayer que sus 70 diputados federales votar\u00e1n contra la reforma electoral de <strong>AMLO<\/strong>, con lo cual \u00e9sta pasar\u00e1 al basurero legislativo, al igual que la el\u00e9ctrica.<\/p>\n<p>El cuestionad\u00edsimo pol\u00edtico campechano advirti\u00f3:<\/p>\n<p>\u201cLo que la ciudadan\u00eda sali\u00f3 a defender el domingo en las calles, el PRI lo respaldar\u00e1 en la C\u00e1mara de Diputados\u2026\u00a0 No vamos a apoyar jam\u00e1s ninguna reforma que atente en contra del INE y el Tribunal Federal Electoral\u201d, agreg\u00f3.<\/p>\n<p>Record\u00f3 que su fracci\u00f3n igual vot\u00f3 hace unos d\u00edas contra el Presupuesto de Egresos por ser corto e insuficiente para las necesidades de los mexicanos.<\/p>\n<p>Al hacer su anuncio, desde la sede nacional tricolor, <strong><em>Alito<\/em>, junto a Carolina Viggiano<\/strong>, el esposo de \u00e9sta, <strong>Rub\u00e9n Moreira,<\/strong> y otros miembros de su equipo consider\u00f3 la reforma electoral de <strong>AMLO <\/strong>como un verdadero atropello contra la democracia y las instituciones electorales mexicanas.<\/p>\n<p>Y c\u00f3mo ya es sabido, sin el voto priista Morena y sus aliados no alcanzan la mayor\u00eda calificada en San L\u00e1zaro.<\/p>\n<p>As\u00ed, el anuncio del rechazo de los diputados del PRI, es el fracaso de <strong>AMLO<\/strong> a su intento por:<\/p>\n<p>\u00ac Eliminar al INE \u2014y a todos los institutos electorales estatales\u2014, y en su lugar dejar al Instituto Nacional de Elecciones y Consultas que centralizar\u00eda todas las elecciones a realizarse en el pa\u00eds.<\/p>\n<p>\u00ac Y por reducir a menos de la mitad los presupuestos de autoridades electorales y partidos pol\u00edticos.<\/p>\n<p>\u00ac Pasar de 11 a 7 consejeros que en lugar de 9 a\u00f1os estar\u00edan s\u00f3lo 6 a\u00f1os en el cargo y que, en lugar de ser designados por el Congreso, ser\u00edan electos por voto ciudadano.<\/p>\n<p>\u00ac Igual, ya no habr\u00e1 Magistrados por voto ciudadano ni se recortar\u00e1 su gesti\u00f3n ni tampoco el Tribunal Electoral absorber\u00e1 a todos los tribunales locales.<\/p>\n<p>\u00ac La C\u00e1mara de Diputados continuar\u00e1 con 500 legisladores de los cuales 200 seguir\u00e1n siendo pluris.<\/p>\n<p>\u00ac Y el Senado ser\u00e1 de 128 y no de 96 legisladores.<\/p>\n<p>\u00ac Tampoco se recortan los Congresos locales como lo propon\u00eda AMLO.<\/p>\n<p><strong>Es decir, con el no de la fracci\u00f3n del tricolor la siguiente reforma electoral ya no se realizar\u00e1 en este sexenio<\/strong>.<\/p>\n<p style=\"text-align: center;\"><strong>No votar\u00edamos ninguna reforma regresiva: Monreal<\/strong><\/p>\n<p>Y como un seguro de segunda instancia, para que en caso de que por alguna raz\u00f3n la reforma electoral propuesta por <strong>AMLO p<\/strong>udiera ser aprobada por los diputados, <strong>Ricardo Monreal<\/strong> le indic\u00f3 al secretario de Gobernaci\u00f3n, <strong>Ad\u00e1n Augusto L\u00f3pez, <\/strong>\u2014con quien se reuni\u00f3 ayer\u2014 que en caso de llegar al Senado, \u201cse revisar\u00e1 con mucha seriedad, ecuanimidad y prudencia el proyecto que avalen las y los diputados, que es lo que exigen los ciudadanos, <strong>escuchando y consensuando, no imponiendo y no incursionando en regresiones<\/strong>, para bien del pa\u00eds, de la transparencia y de la democracia\u201d.<\/p>\n<p>O sea, puesto en cristiano, <strong>Monreal<\/strong> le anunci\u00f3 a <strong>AMLO,<\/strong> a trav\u00e9s de <strong>Ad\u00e1n Augusto L\u00f3pez,<\/strong> que su reforma no pasar\u00eda en el Senado.<\/p>\n<p>Y para confirmarlo, el zacatecano indic\u00f3 que la marcha nacional multitudinaria del domingo en defensa del INE fue una clara expresi\u00f3n de respaldo a la libertad de imprenta y de prensa, de reuni\u00f3n y manifestaci\u00f3n que son garantizadas por la Constituci\u00f3n y son parte fundamental de nuestras garant\u00edas individuales, <strong><em>y que se debe reflexionar en torno a estas expresiones y atenderlas<\/em><\/strong>.<\/p>\n<p><strong>Monreal<\/strong> reconoci\u00f3 que el domingo se manifest\u00f3 una parte de M\u00e9xico que tiene que ser escuchada en el Poder Legislativo, \u00e1mbito en el que se debate justamente a iniciativa de reforma electoral presentada por <strong>L\u00f3pez Obrador<\/strong>.<\/p>\n<p>\u201cA los que han expresado distintos puntos de vista sobre la reforma electoral, les puedo decir con toda honestidad que no se preocupen, que en el Senado habremos de hacer las cosas con seriedad y con responsabilidad constitucional, que no vamos a actuar de manera improvisada, ni vamos a actuar de manera precipitada, no vamos a actuar de manera irreflexiva.<\/p>\n<p>\u201cLo que <strong>les aseguro es que no se va a imponer por la mayor\u00eda y vamos a tratar de construir mayor\u00edas calificadas o unanimidades, para que no haya ninguna dificultad en la interpretaci\u00f3n de la norma constituciona<\/strong>l\u201d, expres\u00f3.<\/p>\n<p>Aclar\u00f3 que en su encuentro con el Secretario de Gobernaci\u00f3n revisaron algunas de las iniciativas y minutas que est\u00e1n pendientes y que son de inter\u00e9s del Ejecutivo federal para que sean votadas en este periodo de sesiones, como el C\u00f3digo Nacional de Procedimientos Civiles y Familiares, reformas a la Ley General de Salud y en materia laboral.<\/p>\n<p>\u201cY ofrecimos revisarlas\u201d, por lo que hablar\u00e1 con los grupos parlamentarios para impulsarlas, deliberar sobre estas minutas y votarlas.<\/p>\n<p>El zacatecano insisti\u00f3 en que lo \u00fanico que nos puede garantizar un clima de civilidad, de armon\u00eda y de paz, es respetar la Constituci\u00f3n y la ley, en todo momento y en toda circunstancia, algo que a <strong>AMLO<\/strong>, sus chairos y a los gobernadores de Campeche, <strong>Layda Sansores<\/strong>; y el veracruzano <strong>Cuitl\u00e1huac Garc\u00eda<\/strong> no se les da.<\/p>\n<p><em><a href=\"mailto:rvizcainoa@gmail.com\" target=\"_blank\" rel=\"noopener noreferrer\">vizcainoa@gmail.com<\/a><a href=\"mailto:rvizcainoa@gmail.com\" target=\"_blank\" rel=\"noopener noreferrer\"><br \/>\n<\/a><a href=\"http:\/\/endirecto.mx\" target=\"_blank\" rel=\"noopener noreferrer\">www.endirecto.mx<\/a><a href=\"mailto:rvizcainoa@gmail.com\" target=\"_blank\" rel=\"noopener noreferrer\"><br \/>\n<\/a><a href=\"https:\/\/twitter.com\/_rvizcaino\" target=\"_blank\" rel=\"noopener noreferrer\">@_RVizcaino<\/a><a href=\"mailto:rvizcainoa@gmail.com\" target=\"_blank\" rel=\"noopener noreferrer\"><br \/>\n<\/a><a href=\"https:\/\/www.facebook.com\/rvizcainoa\" target=\"_blank\" rel=\"noopener noreferrer\">facebook.com\/rvizcainoa<\/a><\/em><\/p>\n","protected":false},"excerpt":{"rendered":"<p><span style=\"color: #005497;\"><strong>Roberto Vizca\u00edno<\/strong><\/span><\/p>\n","protected":false},"author":3,"featured_media":0,"comment_status":"open","ping_status":"open","sticky":false,"template":"","format":"standard","meta":{"_monsterinsights_skip_tracking":false,"_monsterinsights_sitenote_active":false,"_monsterinsights_sitenote_note":"","_monsterinsights_sitenote_category":0,"footnotes":""},"categories":[136],"tags":[43674,93,94],"class_list":["post-565786","post","type-post","status-publish","format-standard","hentry","category-roberto-vizcaino-opinion","tag-opinion","tag-roberto-vizcaino","tag-tras-la-puerta-del-poder"],"_links":{"self":[{"href":"https:\/\/www.diarioimagen.net\/index.php?rest_route=\/wp\/v2\/posts\/565786","targetHints":{"allow":["GET"]}}],"collection":[{"href":"https:\/\/www.diarioimagen.net\/index.php?rest_route=\/wp\/v2\/posts"}],"about":[{"href":"https:\/\/www.diarioimagen.net\/index.php?rest_route=\/wp\/v2\/types\/post"}],"author":[{"embeddable":true,"href":"https:\/\/www.diarioimagen.net\/index.php?rest_route=\/wp\/v2\/users\/3"}],"replies":[{"embeddable":true,"href":"https:\/\/www.diarioimagen.net\/index.php?rest_route=%2Fwp%2Fv2%2Fcomments&post=565786"}],"version-history":[{"count":0,"href":"https:\/\/www.diarioimagen.net\/index.php?rest_route=\/wp\/v2\/posts\/565786\/revisions"}],"wp:attachment":[{"href":"https:\/\/www.diarioimagen.net\/index.php?rest_route=%2Fwp%2Fv2%2Fmedia&parent=565786"}],"wp:term":[{"taxonomy":"category","embeddable":true,"href":"https:\/\/www.diarioimagen.net\/index.php?rest_route=%2Fwp%2Fv2%2Fcategories&post=565786"},{"taxonomy":"post_tag","embeddable":true,"href":"https:\/\/www.diarioimagen.net\/index.php?rest_route=%2Fwp%2Fv2%2Ftags&post=565786"}],"curies":[{"name":"wp","href":"https:\/\/api.w.org\/{rel}","templated":true}]}}