{"id":565816,"date":"2022-11-16T00:01:56","date_gmt":"2022-11-16T06:01:56","guid":{"rendered":"https:\/\/www.diarioimagen.net\/?p=565816"},"modified":"2022-11-16T02:58:51","modified_gmt":"2022-11-16T08:58:51","slug":"alerta-la-cofepris-por-falsificacion-de-medicamentos-para-ninos-contra-resfrio","status":"publish","type":"post","link":"https:\/\/www.diarioimagen.net\/?p=565816","title":{"rendered":"Alerta la Cofepris por falsificaci\u00f3n de medicamentos para ni\u00f1os contra resfr\u00edo"},"content":{"rendered":"<p>&nbsp;<\/p>\n<ul>\n<li><em><strong>Desenfriol-ito y Rosel<\/strong><\/em><\/li>\n<\/ul>\n<p>&nbsp;<\/p>\n<div id=\"attachment_565893\" style=\"width: 470px\" class=\"wp-caption aligncenter\"><img loading=\"lazy\" decoding=\"async\" aria-describedby=\"caption-attachment-565893\" class=\"size-full wp-image-565893\" src=\"https:\/\/www.diarioimagen.net\/wp-content\/uploads\/2022\/11\/cofepris.jpg\" alt=\"\" width=\"460\" height=\"460\" \/><p id=\"caption-attachment-565893\" class=\"wp-caption-text\">La Cofepris emiti\u00f3 una alerta por falsificaci\u00f3n de dos f\u00e1rmacos infantiles, Desenfriol-ito y Rosel.<\/p><\/div>\n<p>&nbsp;<\/p>\n<p>Con la llegada de la temporada de influenza, son recurrentes los resfriados en la poblaci\u00f3n, principalmente infantil. Ante ello, la Comisi\u00f3n Federal para la Protecci\u00f3n Contra Riesgos Sanitarios (Cofepris) alert\u00f3 sobre la falsificaci\u00f3n de Rosel soluci\u00f3n y Desenfriol-ito plus, por lo que llam\u00f3 a los consumidores a no comprarlo ni suministrarlo.<\/p>\n<p>\u201cSe determin\u00f3 la falsificaci\u00f3n del producto Rosel (amantadina, clorfenamina, paracetamol) en presentaci\u00f3n soluci\u00f3n de 60ml, con lote 200413, que ostenta fecha de caducidad de diciembre 2024, como resultado del an\u00e1lisis que realiz\u00f3 esta autoridad con base en la informaci\u00f3n presentada por la empresa Wermar Pharmaceuticals\u201d, inform\u00f3 la Cofepris.<\/p>\n<p>La firma m\u00e9dica Wermar Pharmaceuticals S.A. de C.V. inform\u00f3 sobre la falsificaci\u00f3n del producto Rosel 60 ml soluci\u00f3n infantil, con n\u00famero de lote 200413 y fecha de caducidad de DIC 2024 y presentaci\u00f3n de caja con frasco.<\/p>\n<p>Asimismo, la empresa inform\u00f3 que el f\u00e1rmaco con el lote antes mencionado fue fabricado por ellos, sin embargo, fue marcado con la fecha de caducidad de mayo de 2022.<\/p>\n<p>Por otra parte, la firma m\u00e9dica indic\u00f3 que desde abril de 2021 no han fabricado m\u00e1s lotes de Rosel soluci\u00f3n infantil, debido a una actualizaci\u00f3n de tr\u00e1mite ante la Cofepris.<\/p>\n<p>Sobre el Desenfriol-ito Plus, con f\u00f3rmula farmac\u00e9utica tableta masticable, denominaci\u00f3n X23V7X y fecha de vencimiento de diciembre de 2023, la Cofepris dijo que Bayer, quien tiene el registro sanitario, alert\u00f3 sobre la caducidad original que fue en abril de 2021.<\/p>\n<p>\u201cOtra de las caracter\u00edsticas del producto irregular es la imagen de la caja, ya que no corresponde a la aut\u00e9ntica para este lote\u201d, expres\u00f3.<\/p>\n<p>\u201cCofepris recomienda que, previo a la compra de este tratamiento, se verifique que el lote, la fecha de caducidad e imagen correspondan a los autorizados y se eviten las falsificaciones aqu\u00ed citadas. Tambi\u00e9n se invita a distribuidores y farmacias a revisar el inventario de Desenfriol-ito Plus y en caso de contar con piezas del producto falsificado se deber\u00e1 suspender su venta y notificar a esta agencia reguladora\u201d, pidi\u00f3 Cofepris en un comunicado.<\/p>\n<p style=\"text-align: center;\"><strong>Falsificaci\u00f3n Rantudil<\/strong><\/p>\n<p>En cuanto a la falsificaci\u00f3n del antiinflamatorio Rantudil, la empresa comercializadora, Meda Pharma S. de R.L. de C.V., inform\u00f3 a la agencia regulatoria la identificaci\u00f3n de 3 n\u00fameros de lote (EAH5186, 5083817 y 4004731) no fabricados, acondicionados ni liberados por la compa\u00f1\u00eda de Rantudil (acemetacina) (60 mg presentaci\u00f3n caja de cart\u00f3n con 14 c\u00e1psulas). Tambi\u00e9n la empresa inform\u00f3 que al momento se encuentra suspendida la fabricaci\u00f3n del f\u00e1rmaco.<\/p>\n","protected":false},"excerpt":{"rendered":"<p>Con la llegada de la temporada de influenza, son recurrentes los resfriados en la poblaci\u00f3n, principalmente infantil. Ante ello, la Comisi\u00f3n Federal para la Protecci\u00f3n Contra Riesgos Sanitarios (Cofepris) alert\u00f3 sobre la falsificaci\u00f3n de Rosel soluci\u00f3n y Desenfriol-ito plus, por lo que llam\u00f3 a los consumidores a no comprarlo ni suministrarlo.<\/p>\n","protected":false},"author":3,"featured_media":565894,"comment_status":"open","ping_status":"open","sticky":false,"template":"","format":"standard","meta":{"_monsterinsights_skip_tracking":false,"_monsterinsights_sitenote_active":false,"_monsterinsights_sitenote_note":"","_monsterinsights_sitenote_category":0,"footnotes":""},"categories":[877],"tags":[4918,65150,67785],"class_list":["post-565816","post","type-post","status-publish","format-standard","has-post-thumbnail","hentry","category-salud","tag-cofepris","tag-falsificacion","tag-resfrio"],"_links":{"self":[{"href":"https:\/\/www.diarioimagen.net\/index.php?rest_route=\/wp\/v2\/posts\/565816","targetHints":{"allow":["GET"]}}],"collection":[{"href":"https:\/\/www.diarioimagen.net\/index.php?rest_route=\/wp\/v2\/posts"}],"about":[{"href":"https:\/\/www.diarioimagen.net\/index.php?rest_route=\/wp\/v2\/types\/post"}],"author":[{"embeddable":true,"href":"https:\/\/www.diarioimagen.net\/index.php?rest_route=\/wp\/v2\/users\/3"}],"replies":[{"embeddable":true,"href":"https:\/\/www.diarioimagen.net\/index.php?rest_route=%2Fwp%2Fv2%2Fcomments&post=565816"}],"version-history":[{"count":0,"href":"https:\/\/www.diarioimagen.net\/index.php?rest_route=\/wp\/v2\/posts\/565816\/revisions"}],"wp:featuredmedia":[{"embeddable":true,"href":"https:\/\/www.diarioimagen.net\/index.php?rest_route=\/wp\/v2\/media\/565894"}],"wp:attachment":[{"href":"https:\/\/www.diarioimagen.net\/index.php?rest_route=%2Fwp%2Fv2%2Fmedia&parent=565816"}],"wp:term":[{"taxonomy":"category","embeddable":true,"href":"https:\/\/www.diarioimagen.net\/index.php?rest_route=%2Fwp%2Fv2%2Fcategories&post=565816"},{"taxonomy":"post_tag","embeddable":true,"href":"https:\/\/www.diarioimagen.net\/index.php?rest_route=%2Fwp%2Fv2%2Ftags&post=565816"}],"curies":[{"name":"wp","href":"https:\/\/api.w.org\/{rel}","templated":true}]}}