{"id":565855,"date":"2022-11-16T00:15:18","date_gmt":"2022-11-16T06:15:18","guid":{"rendered":"https:\/\/www.diarioimagen.net\/?p=565855"},"modified":"2022-11-16T01:47:51","modified_gmt":"2022-11-16T07:47:51","slug":"violencia-y-medios-de-comunicacion","status":"publish","type":"post","link":"https:\/\/www.diarioimagen.net\/?p=565855","title":{"rendered":"Violencia y medios de comunicaci\u00f3n"},"content":{"rendered":"<h2>Por la Derecha..!<\/h2>\n<h5>Luis \u00c1ngel Garc\u00eda<\/h5>\n<p>&nbsp;<\/p>\n<p>Uno de los graves problemas del fen\u00f3meno de la inseguridad son los feminicidios y la violencia, en general, hacia la mujer. En los \u00faltimos d\u00edas, a trav\u00e9s de los medios de comunicaci\u00f3n, nos hemos enterado de casos terribles de muertes de jovencitas o las agresiones a ni\u00f1as dentro del c\u00edrculo familiar. La espiral de violencia parece no detenerse e incluso la prensa hace apolog\u00eda de esas acciones.<\/p>\n<p>Nada justifica las conductas que tienen a las mujeres como sus v\u00edctimas, la m\u00e1s canallesca de esas acciones es la muerte, generalmente a manos del c\u00edrculo m\u00e1s cercano a la v\u00edctima o de un depredador sexual, tambi\u00e9n en el entorno muy cercano. Tambi\u00e9n la violencia intrafamiliar se ha desatado y se incrementa el n\u00famero de menores de edad que son agredidos por sus parientes pr\u00f3ximos, incluso padres o padrastros.<\/p>\n<p>Sin embargo, no hay una pol\u00edtica p\u00fablica del gobierno que ataque la ra\u00edz del problema e incluso su inacci\u00f3n propicia la impunidad. Lejos de buscar una estrategia que combata el origen del conflicto y sancione a los presuntos responsables, utiliza esos eventos con fines de venganza pol\u00edtica. Tal es el caso de la joven encontrada debajo de un puente en la carretera a Cuernavaca, cuyo uso pol\u00edtico de su muerte por parte de las autoridades de la CDMX no se justifica e incluso se puede calificar de inmoral. Los peritos de la Fiscal\u00eda de Morelos determinaron como causa del deceso una broncoaspiraci\u00f3n por congesti\u00f3n alcoh\u00f3lica, lejos de ser un feminicidio, independientemente de las conductas que se hubieran dado antes de su muerte en un departamento de la CDMX. Pero como el fiscal morelense no es del equipo del gobernador Cuauht\u00e9moc Blanco ni simpatiza con los grupos de Morena, r\u00e1pidamente encontraron un pretexto para sacarlo del camino y que el ex futbolista puede proponer un fiscal carnal.<\/p>\n<p>La perversidad pol\u00edtica lleva a cuestionar el trabajo t\u00e9cnico cient\u00edfico de los servicios periciales de Morelos, quienes sin tintes partidistas determinaron, con base a estudios y evidencias de un equipo multidisciplinario, que muri\u00f3 por congesti\u00f3n et\u00edlica.<\/p>\n<p>Una fiscal\u00eda a modo, como lo es la de la CDMX, se presta a las presiones de la jefa de Gobierno para ayudar a su colega y \u201cpartner\u201d, el \u201cCuau\u201d.<\/p>\n<p>Igual de reprochable es el comportamiento de los medios de comunicaci\u00f3n, quienes por intereses o morbo dan seguimiento a la pol\u00e9mica entre las instituciones, sin reconocer el da\u00f1o moral que provocan a los peritos, m\u00e1s all\u00e1 de la bronca que tenga el titular de la Fiscal\u00eda con el mandatario local y ahora con la jefa de Gobierno, quien se empecina en acusarlo de corrupci\u00f3n.<\/p>\n<p>Los medios, quienes permanentemente hacen apolog\u00eda del delito, tambi\u00e9n son dados a prestarse a los conflictos pol\u00edticos y poco importa la opini\u00f3n p\u00fablica.<\/p>\n<p>Igual de deleznable es la exhibici\u00f3n de los videos con agresiones o escenas de la muerte de ni\u00f1os y adolescentes. Nada justifica esas barbaries, pero presentarlas s\u00f3lo por el morbo de que las conozca la gente, es igual de criminal que las cobardes actitudes de los trogloditas que atacan a menores.<\/p>\n<p>Pol\u00edticos y medios revictimizan a mujeres y ni\u00f1os, no buscan el hacer justicia, sino satisfacer <em>vendettas<\/em> partidistas o ganar auditorios o ventas. Los ni\u00f1os, futuro de este pa\u00eds, merecen un mejor trato de los servidores p\u00fablicos y de los comunicadores y no ser instrumento de sus intereses personales o sectarios.<\/p>\n","protected":false},"excerpt":{"rendered":"<p><span style=\"color: #005497;\"><strong>Luis \u00c1ngel Garc\u00eda<\/strong><\/span><\/p>\n","protected":false},"author":3,"featured_media":0,"comment_status":"open","ping_status":"open","sticky":false,"template":"","format":"standard","meta":{"_monsterinsights_skip_tracking":false,"_monsterinsights_sitenote_active":false,"_monsterinsights_sitenote_note":"","_monsterinsights_sitenote_category":0,"footnotes":""},"categories":[92115],"tags":[92117,43674,92116],"class_list":["post-565855","post","type-post","status-publish","format-standard","hentry","category-luis-angel-garcia","tag-luis-angel-garcia","tag-opinion","tag-por-la-derecha"],"_links":{"self":[{"href":"https:\/\/www.diarioimagen.net\/index.php?rest_route=\/wp\/v2\/posts\/565855","targetHints":{"allow":["GET"]}}],"collection":[{"href":"https:\/\/www.diarioimagen.net\/index.php?rest_route=\/wp\/v2\/posts"}],"about":[{"href":"https:\/\/www.diarioimagen.net\/index.php?rest_route=\/wp\/v2\/types\/post"}],"author":[{"embeddable":true,"href":"https:\/\/www.diarioimagen.net\/index.php?rest_route=\/wp\/v2\/users\/3"}],"replies":[{"embeddable":true,"href":"https:\/\/www.diarioimagen.net\/index.php?rest_route=%2Fwp%2Fv2%2Fcomments&post=565855"}],"version-history":[{"count":0,"href":"https:\/\/www.diarioimagen.net\/index.php?rest_route=\/wp\/v2\/posts\/565855\/revisions"}],"wp:attachment":[{"href":"https:\/\/www.diarioimagen.net\/index.php?rest_route=%2Fwp%2Fv2%2Fmedia&parent=565855"}],"wp:term":[{"taxonomy":"category","embeddable":true,"href":"https:\/\/www.diarioimagen.net\/index.php?rest_route=%2Fwp%2Fv2%2Fcategories&post=565855"},{"taxonomy":"post_tag","embeddable":true,"href":"https:\/\/www.diarioimagen.net\/index.php?rest_route=%2Fwp%2Fv2%2Ftags&post=565855"}],"curies":[{"name":"wp","href":"https:\/\/api.w.org\/{rel}","templated":true}]}}