{"id":565909,"date":"2022-11-16T00:05:06","date_gmt":"2022-11-16T06:05:06","guid":{"rendered":"https:\/\/www.diarioimagen.net\/?p=565909"},"modified":"2022-11-16T03:23:58","modified_gmt":"2022-11-16T09:23:58","slug":"deveras-se-ira-a-palenque","status":"publish","type":"post","link":"https:\/\/www.diarioimagen.net\/?p=565909","title":{"rendered":"\u00bfDeveras se ir\u00e1 a Palenque?"},"content":{"rendered":"<h2>Perfil de M\u00e9xico<\/h2>\n<h5>Armando R\u00edos Ruiz<\/h5>\n<p>&nbsp;<\/p>\n<p>\u00a1Se\u00f1or Presidente: Sepa cumplir su palabra y ya v\u00e1yase a su rancho! A finales de septiembre de 2020, dijo textualmente: \u201cEn mi caso,\u00a0a la primera manifestaci\u00f3n de 100 mil personas\u00a0y que yo vea que en las encuestas ya no tengo apoyo, a Palenque, Chiapas, ni siquiera espero la revocaci\u00f3n de mandato. Ah\u00ed nos vemos porque tengo principios e ideales.\u201d<\/p>\n<p>La incondicionalidad, el servilismo o la falta de seso de su lacayo, Mart\u00ed Batres, se acentuaron con su c\u00e1lculo de la asistencia a la manifestaci\u00f3n del domingo en defensa del INE: 10 o 12 mil personas a lo sumo. Su patr\u00f3n, que celebraba, estim\u00f3 60 mil. El ex senador Fernando Belaunzar\u00e1n unos 200 mil. Un servidor cont\u00f3, como me ense\u00f1aron en mi \u00e9poca de reportero, cerca de 500 mil y un conocedor de esos ejercicios para calcular comput\u00f3 640 mil.<\/p>\n<p>De todas formas, no se necesita m\u00e1s que ser un poco observador, para determinar que hab\u00eda m\u00e1s de 100 mil asistentes. En cuanto a las encuestas, todos los mexicanos sabemos, excepto los chairos, que endulzan el o\u00eddo de quien las paga. Para eso sirve el dinero y el gobierno en turno hace gala de exhibici\u00f3n de que tiene como para derrocharlo en todos los proyectos fallidos.<\/p>\n<p>Entrados en gastos, diremos que la Secretar\u00eda de Hacienda le acaba de inyectar al \u201cCHAIFA\u201d 54 millones de pesos para cubrir el d\u00e9ficit de este a\u00f1o. Hay d\u00edas en que no hay uno s\u00f3lo despegue y ya ni la que vende tlayudas va. El gobierno pag\u00f3 300 mil millones de pesos por deuda comprometida por la cancelaci\u00f3n del aer\u00f3dromo de Texcoco. Se tuvo que firmar un acuerdo para pagar deuda durante 14 a\u00f1os, por la suspensi\u00f3n del mismo.<\/p>\n<p>No s\u00f3lo la estad\u00eda del Presidente y esposa, asistidos por 164 criados en un palacio, con sala de cuidados intensivos, adem\u00e1s de soldados que operan como sus sirvientes, cuesta al erario. Tambi\u00e9n sus hijos, que viven en mansiones fastuosas y se pasean por todo el mundo en lugares destinados para el jet set internacional y comen y beben las viandas y bebidas m\u00e1s caras del planeta. Hay que sumar los gastos de uno de ellos, por estudiar de acuerdo a las presunciones del padre, con la pobreza franciscana, en el Reino Unido.<\/p>\n<p>Por cierto, anunci\u00f3\u00a0 en la ma\u00f1anera del lunes, un est\u00edmulo de 25 por ciento m\u00e1s a sus programas sociales. Los viejitos (los \u00fanicos que lo merecen), los estudiantes, los ninis y todos los beneficiarios recibir\u00e1n este aumento a partir del a\u00f1o pr\u00f3ximo. Obviamente, el asunto es evitar una desbandada, inspirada por lo que ocurri\u00f3 el domingo pasado y retener los votos que necesita para quedarse con dos estados m\u00e1s el a\u00f1o entrante y con la Presidencia el que sigue.<\/p>\n<p>Nadie sabe que sea experto en conteo de asistentes a manifestaciones. Es posible que haya\u00a0 discurrido que a la marcha del domingo asistieron 60 mil personas para no cumplir con su promesa. Sin embargo deber\u00eda saberlo, ya que\u00a0 es experto en concentraciones. Las hizo en el Z\u00f3calo, en Paseo de la Reforma y en donde quiso, sin que el Presidente en turno o autoridad alguna lo calificara de enemigo, de revoltoso o le impusiera alg\u00fan calificativo como los que \u00e9l ha ideado para denostar a los asistentes a la marcha a favor del INE.<\/p>\n<p>\u00bfY qui\u00e9n pag\u00f3 al grupo infiltrado que se dedic\u00f3 a insultar o a inquietar a los asistentes pro-INE? \u00bfY qui\u00e9n ech\u00f3 a andar el sistema de agua que opera en el Monumento a la Revoluci\u00f3n para regar? \u00bfY por qu\u00e9, repentinamente se reconoce una contingencia ambiental que impidi\u00f3 que los automotores circularan por las calles? \u00bfAcaso ser\u00eda su incondicional, Claudia Sheinbaum, que hoy, m\u00e1s que nunca, debe servir con mayor eficiencia al patr\u00f3n?<\/p>\n<p>Lo de irse a su rancho no fue y no contin\u00faa siendo m\u00e1s que una pose. Estaba seguro de que nadie ser\u00eda capaz de reunir a 100 mil inconformes en momentos en que FRENAAA pretend\u00eda erigirse en la agrupaci\u00f3n que lograr\u00eda su renuncia. No cont\u00f3 con que al paso del tiempo y al insistir en conservar una pol\u00edtica dedicada a destruir y a imponer sus caprichos con el cuento de gobernar para los pobres, acabar\u00eda por revelarse y hartar.<\/p>\n<p><a href=\"mailto:ariosruiz@gmail.com\" target=\"_blank\" rel=\"noopener noreferrer\"><em>ariosruiz@gmail.com<\/em><\/a><\/p>\n","protected":false},"excerpt":{"rendered":"<p><span style=\"color: #005497;\"><strong>Armando R\u00edos Ruiz<\/strong><\/span><\/p>\n","protected":false},"author":3,"featured_media":0,"comment_status":"open","ping_status":"open","sticky":false,"template":"","format":"standard","meta":{"_monsterinsights_skip_tracking":false,"_monsterinsights_sitenote_active":false,"_monsterinsights_sitenote_note":"","_monsterinsights_sitenote_category":0,"footnotes":""},"categories":[88405],"tags":[88407,43674,91193],"class_list":["post-565909","post","type-post","status-publish","format-standard","hentry","category-armando-rios-ruiz","tag-armando-rios-ruiz","tag-opinion","tag-perfil-de-mexico"],"_links":{"self":[{"href":"https:\/\/www.diarioimagen.net\/index.php?rest_route=\/wp\/v2\/posts\/565909","targetHints":{"allow":["GET"]}}],"collection":[{"href":"https:\/\/www.diarioimagen.net\/index.php?rest_route=\/wp\/v2\/posts"}],"about":[{"href":"https:\/\/www.diarioimagen.net\/index.php?rest_route=\/wp\/v2\/types\/post"}],"author":[{"embeddable":true,"href":"https:\/\/www.diarioimagen.net\/index.php?rest_route=\/wp\/v2\/users\/3"}],"replies":[{"embeddable":true,"href":"https:\/\/www.diarioimagen.net\/index.php?rest_route=%2Fwp%2Fv2%2Fcomments&post=565909"}],"version-history":[{"count":0,"href":"https:\/\/www.diarioimagen.net\/index.php?rest_route=\/wp\/v2\/posts\/565909\/revisions"}],"wp:attachment":[{"href":"https:\/\/www.diarioimagen.net\/index.php?rest_route=%2Fwp%2Fv2%2Fmedia&parent=565909"}],"wp:term":[{"taxonomy":"category","embeddable":true,"href":"https:\/\/www.diarioimagen.net\/index.php?rest_route=%2Fwp%2Fv2%2Fcategories&post=565909"},{"taxonomy":"post_tag","embeddable":true,"href":"https:\/\/www.diarioimagen.net\/index.php?rest_route=%2Fwp%2Fv2%2Ftags&post=565909"}],"curies":[{"name":"wp","href":"https:\/\/api.w.org\/{rel}","templated":true}]}}