{"id":565949,"date":"2022-11-17T00:01:56","date_gmt":"2022-11-17T06:01:56","guid":{"rendered":"https:\/\/www.diarioimagen.net\/?p=565949"},"modified":"2022-11-18T02:07:45","modified_gmt":"2022-11-18T08:07:45","slug":"analiza-la-conatrib-el-proyecto-de-codigo-nacional-de-procedimientos-civiles-y-familiares","status":"publish","type":"post","link":"https:\/\/www.diarioimagen.net\/?p=565949","title":{"rendered":"Analiza la Conatrib el proyecto de C\u00f3digo Nacional de Procedimientos Civiles y Familiares"},"content":{"rendered":"<p>&nbsp;<\/p>\n<ul>\n<li><strong><em>As\u00ed lo inform\u00f3 el coordinador de la Red de Jueces Civiles Orales, Mercantiles y de extinci\u00f3n de dominio, magistrado Marco Antonio Velasco Arredondo, en el marco del Congreso Nacional 2022 de la organizaci\u00f3n que agrupa a los poderes judiciales locales del pa\u00eds<\/em><\/strong><\/li>\n<\/ul>\n<p>&nbsp;<\/p>\n<div id=\"attachment_565992\" style=\"width: 470px\" class=\"wp-caption aligncenter\"><img loading=\"lazy\" decoding=\"async\" aria-describedby=\"caption-attachment-565992\" class=\"wp-image-565992 size-full\" src=\"https:\/\/www.diarioimagen.net\/wp-content\/uploads\/2022\/11\/conatrib.jpg\" alt=\"\" width=\"460\" height=\"270\" \/><p id=\"caption-attachment-565992\" class=\"wp-caption-text\">Destac\u00f3 el magistrado del Poder Judicial de la Ciudad de M\u00e9xico, Marco Antonio Velasco Arredondo, que la propuesta ya fue presentada como iniciativa de ley por algunos senadores, la cual propone que todas las controversias civiles y familiares se resuelvan en juicio oral.<\/p><\/div>\n<p>&nbsp;<\/p>\n<p>El coordinador de la Red de Jueces Civiles Orales, Mercantiles y de Extinci\u00f3n de Dominio, magistrado del Poder Judicial de la Ciudad de M\u00e9xico, Marco Antonio Velasco Arredondo, destac\u00f3 que actualmente un grupo t\u00e9cnico analiza el proyecto del C\u00f3digo Nacional de Procedimientos Civiles y Familiares propuesto por la Comisi\u00f3n Nacional de Tribunales Superiores de Justicia de los Estados Unidos Mexicanos (Conatrib) al Poder Legislativo.<\/p>\n<p>Al poner en marcha las actividades de la novena reuni\u00f3n de esa red, en el marco del Congreso Nacional 2022 de la Conatrib, record\u00f3 que ese proyecto ya fue presentado como iniciativa de ley por algunos senadores, y enfatiz\u00f3 que en \u00e9ste se propone que todas las controversias civiles y familiares se resuelvan bajo la metodolog\u00eda del juicio oral.<\/p>\n<p>Explic\u00f3 que esto es un cambio de paradigma significativo en el sistema de justicia, lo que representa un reto sin precedentes para los operadores de las materias civil y familiar, y m\u00e1s a\u00fan para los que todav\u00eda se desempe\u00f1an en el sistema escrito.<\/p>\n<p>Record\u00f3 que las estructuras judiciales est\u00e1n dise\u00f1adas y concebidas para cumplir con el trabajo bajo el modelo escrito, y destac\u00f3 que la labor de la red que coordina se ha abocado a\u00f1o con a\u00f1o para que las buenas pr\u00e1cticas que ya se realizan en el sistema oral, en los rubros de pr\u00e1cticas de operaci\u00f3n, interpretaci\u00f3n de las normas procesales y un modelo de gesti\u00f3n adecuado ayuden a una consolidaci\u00f3n en el menor tiempo posible.<\/p>\n<p>\u201cSin embargo, ahora el reto es m\u00e1s importante, porque debemos asumir la misi\u00f3n para las buenas pr\u00e1cticas entre las y los futuros operadores y empiecen a trabajar desde ya en su afinaci\u00f3n, en su entrenamiento, en su capacitaci\u00f3n, de tal suerte que su eventual incorporaci\u00f3n como operadores resulte m\u00e1s efectiva y eficiente\u201d, plante\u00f3.<\/p>\n<p>En el Congreso Nacional 2022 de la Conatrib, de car\u00e1cter h\u00edbrido y puesto en marcha ayer por el presidente de la organizaci\u00f3n, magistrado Rafael Guerra \u00c1lvarez, diversas redes realizan sus trabajos con la participaci\u00f3n de jueces y magistrados de todos los poderes judiciales de los estados, as\u00ed como de diversas partes del mundo.<\/p>\n<p>La Red Mexicana de Cooperaci\u00f3n Judicial para la Protecci\u00f3n de la Ni\u00f1ez efect\u00faa su d\u00e9cimo tercera reuni\u00f3n, y, entre otras actividades, se dict\u00f3 la conferencia <em>El sentido de urgencia convencional<\/em>, a cargo del magistrado de la Segunda Sala Familiar del PJCDMX, \u00d3scar Cervera Rivero, y de la jueza S\u00e9ptimo Familiar Especializada en Restituci\u00f3n Internacional de Menores, Margarita Gallegos L\u00f3pez.<\/p>\n<p>Asimismo, la Red Nacional del Sistema Integral de Justicia para Adolescentes realiza su cuarta reuni\u00f3n, con una agenda de temas como el procesamiento de ni\u00f1os inimputables y debates sobre si los juicios en l\u00ednea violan el debido proceso.<\/p>\n<p>Por otra parte, la Red de Escuelas Judiciales de los Estados de la Rep\u00fablica Mexicana, en el marco de su d\u00e9cimo segunda reuni\u00f3n, aborda temas como la importancia de la \u00e9tica y derechos humanos en la formaci\u00f3n judicial, la implementaci\u00f3n de un modelo de carrera judicial y los mecanismos para el fortalecimiento de la justicia laboral a trav\u00e9s de la capacitaci\u00f3n judicial.<\/p>\n<p>En tanto, la Red Nacional de Mecanismos Alternativos de Soluci\u00f3n de Controversias, en su novena reuni\u00f3n, debate sobre aspectos como el trabajo de la mediaci\u00f3n intrajudicial.<\/p>\n<p>En la Red Nacional de Archivos Judiciales, que realiza su segunda reuni\u00f3n, se tocan temas como la gesti\u00f3n documental y transparencia, la capacitaci\u00f3n y profesionalizaci\u00f3n del personal archiv\u00edstico y el rol de las tecnolog\u00edas de la informaci\u00f3n para la gesti\u00f3n electr\u00f3nica y convencional de los expedientes judiciales.<\/p>\n<p>A su vez, la Red de Centros de Convivencia Familiar Supervisada y Afines de la Rep\u00fablica Mexicana, en su tercera reuni\u00f3n, abord\u00f3 temas tales como el juego como forma de comunicaci\u00f3n entre padres e hijos y la ni\u00f1ez inmersa en conflictos parentales, entre otros, mientras que la Red Nacional de Estad\u00edsticas Judiciales debatieron en temas como indicadores de perspectiva de g\u00e9nero, estructura actual y horizontes del Banco Nacional de Datos e Informaci\u00f3n sobre Casos de Violencia contra las Mujeres y estad\u00edsticas del nuevo sistema de justicia laboral.<\/p>\n","protected":false},"excerpt":{"rendered":"<p>El coordinador de la Red de Jueces Civiles Orales, Mercantiles y de Extinci\u00f3n de Dominio, magistrado del Poder Judicial de la Ciudad de M\u00e9xico, Marco Antonio Velasco Arredondo, destac\u00f3 que actualmente un grupo t\u00e9cnico analiza el proyecto del C\u00f3digo Nacional de Procedimientos Civiles y Familiares propuesto por la Comisi\u00f3n Nacional de Tribunales Superiores de Justicia de los Estados Unidos Mexicanos (Conatrib) al Poder Legislativo.<\/p>\n","protected":false},"author":3,"featured_media":565992,"comment_status":"open","ping_status":"open","sticky":false,"template":"","format":"standard","meta":{"_monsterinsights_skip_tracking":false,"_monsterinsights_sitenote_active":false,"_monsterinsights_sitenote_note":"","_monsterinsights_sitenote_category":0,"footnotes":""},"categories":[6],"tags":[4103,2357],"class_list":["post-565949","post","type-post","status-publish","format-standard","has-post-thumbnail","hentry","category-cd-de-mexico","tag-conatrib","tag-poder-legislativo"],"_links":{"self":[{"href":"https:\/\/www.diarioimagen.net\/index.php?rest_route=\/wp\/v2\/posts\/565949","targetHints":{"allow":["GET"]}}],"collection":[{"href":"https:\/\/www.diarioimagen.net\/index.php?rest_route=\/wp\/v2\/posts"}],"about":[{"href":"https:\/\/www.diarioimagen.net\/index.php?rest_route=\/wp\/v2\/types\/post"}],"author":[{"embeddable":true,"href":"https:\/\/www.diarioimagen.net\/index.php?rest_route=\/wp\/v2\/users\/3"}],"replies":[{"embeddable":true,"href":"https:\/\/www.diarioimagen.net\/index.php?rest_route=%2Fwp%2Fv2%2Fcomments&post=565949"}],"version-history":[{"count":0,"href":"https:\/\/www.diarioimagen.net\/index.php?rest_route=\/wp\/v2\/posts\/565949\/revisions"}],"wp:featuredmedia":[{"embeddable":true,"href":"https:\/\/www.diarioimagen.net\/index.php?rest_route=\/wp\/v2\/media\/565992"}],"wp:attachment":[{"href":"https:\/\/www.diarioimagen.net\/index.php?rest_route=%2Fwp%2Fv2%2Fmedia&parent=565949"}],"wp:term":[{"taxonomy":"category","embeddable":true,"href":"https:\/\/www.diarioimagen.net\/index.php?rest_route=%2Fwp%2Fv2%2Fcategories&post=565949"},{"taxonomy":"post_tag","embeddable":true,"href":"https:\/\/www.diarioimagen.net\/index.php?rest_route=%2Fwp%2Fv2%2Ftags&post=565949"}],"curies":[{"name":"wp","href":"https:\/\/api.w.org\/{rel}","templated":true}]}}