{"id":565959,"date":"2022-11-17T00:01:52","date_gmt":"2022-11-17T06:01:52","guid":{"rendered":"https:\/\/www.diarioimagen.net\/?p=565959"},"modified":"2022-11-17T02:19:14","modified_gmt":"2022-11-17T08:19:14","slug":"seguire-impulsando-iniciativas-de-ley-en-favor-de-mexiquenses-diputado-guillermo-zamacona","status":"publish","type":"post","link":"https:\/\/www.diarioimagen.net\/?p=565959","title":{"rendered":"Seguir\u00e9 impulsando iniciativas de ley en favor de mexiquenses: diputado Guillermo Zamacona"},"content":{"rendered":"<p>&nbsp;<\/p>\n<ul>\n<li><em><strong>Primer informe legislativo<\/strong><\/em><\/li>\n<\/ul>\n<p>&nbsp;<\/p>\n<h6>Arturo Baena<\/h6>\n<p>&nbsp;<\/p>\n<div id=\"attachment_566013\" style=\"width: 470px\" class=\"wp-caption aligncenter\"><img loading=\"lazy\" decoding=\"async\" aria-describedby=\"caption-attachment-566013\" class=\"size-full wp-image-566013\" src=\"https:\/\/www.diarioimagen.net\/wp-content\/uploads\/2022\/11\/seguire-impulsando.jpg\" alt=\"\" width=\"460\" height=\"270\" \/><p id=\"caption-attachment-566013\" class=\"wp-caption-text\">El diputado Guillermo Zamacona Urquiza destac\u00f3 en su informe la aprobaci\u00f3n de la Ley de Gobiernos de Coalici\u00f3n, misma que impuls\u00f3 como integrante del Grupo Parlamentario del PRI.<\/p><\/div>\n<p>&nbsp;<\/p>\n<p><strong>Valle de M\u00e9xico.\u2014<\/strong> Al rendir su primer informe legislativo, el diputado Guillermo Zamacona Urquiza, destac\u00f3 la aprobaci\u00f3n de la Ley de Gobiernos de Coalici\u00f3n, misma que impuls\u00f3 como integrante del Grupo Parlamentario del PRI y que es de suma relevancia en la defensa del Estado de M\u00e9xico, ante los malos gobiernos.<\/p>\n<p>En el acto, estuvo acompa\u00f1ado por Alejandra Del Moral Vela, coordinadora para la Defensa del Estado de M\u00e9xico; El\u00edas Rescala Jim\u00e9nez, Coordinador del grupo parlamentario del PRI en la LXI Legislatura; Mar\u00eda Monserrath Sobreyra Santos, Secretaria General del Comit\u00e9 Directivo Estatal del PRI, respectivamente, as\u00ed como diputados locales.<\/p>\n<p>Ante m\u00e1s de 8 mil asistentes de la regi\u00f3n y de municipios como Huixquilucan, Xonacatl\u00e1n, Jilotzingo e Isidro Fabela, Guillermo Zamacona habl\u00f3 sobre las iniciativas que present\u00f3 durante su primer a\u00f1o de trabajo legislativo y gesti\u00f3n, a trav\u00e9s de las cuales busca proteger a las v\u00edctimas indirectas de los feminicidios, as\u00ed como obligar a los ayuntamientos a transparentar todos los permisos para construcci\u00f3n, con lo que se protege el medio ambiente y se combate la corrupci\u00f3n.<\/p>\n<p>El legislador priista detall\u00f3 que su trabajo como integrante de la Comisi\u00f3n de Finanzas P\u00fablicas le permiti\u00f3 participar en el dictamen del paquete fiscal y defender los impuestos ecol\u00f3gicos, con el fin de que las empresas contaminantes paguen por el da\u00f1o que causan al medio ambiente.<\/p>\n<p>\u201cDefend\u00ed los impuestos ecol\u00f3gicos y vot\u00e9 a favor del presupuesto para destinar recursos que permitir\u00e1n mejorar el Sistema de Transporte P\u00fablico gestionado por nuestro Gobernador, nuestro l\u00edder y amigo Alfredo Del Mazo Maza\u201d, se\u00f1al\u00f3.<\/p>\n<p>Dentro de la Comisi\u00f3n de Vigilancia del OSFEM, en la que tambi\u00e9n participa, Guillermo Zamacona inform\u00f3 que se aprobaron las Cuentas P\u00fablicas del Estado y Municipios del ejercicio fiscal 2020, en las que se autoriz\u00f3 realizar auditor\u00edas especiales a las administraciones municipales con discrepancias en sus finanzas.<\/p>\n<p>Asimismo, como presidente del Comit\u00e9 de Comunicaci\u00f3n Social, Zamacona Urquiza detall\u00f3 que ha trabajado para proteger los derechos de los periodistas.<\/p>\n","protected":false},"excerpt":{"rendered":"<p>Al rendir su primer informe legislativo, el diputado Guillermo Zamacona Urquiza, destac\u00f3 la aprobaci\u00f3n de la Ley de Gobiernos de Coalici\u00f3n, misma que impuls\u00f3 como integrante del Grupo Parlamentario del PRI y que es de suma relevancia en la defensa del Estado de M\u00e9xico, ante los malos gobiernos.<\/p>\n","protected":false},"author":3,"featured_media":566013,"comment_status":"open","ping_status":"open","sticky":false,"template":"","format":"standard","meta":{"_monsterinsights_skip_tracking":false,"_monsterinsights_sitenote_active":false,"_monsterinsights_sitenote_note":"","_monsterinsights_sitenote_category":0,"footnotes":""},"categories":[5],"tags":[95030,34],"class_list":["post-565959","post","type-post","status-publish","format-standard","has-post-thumbnail","hentry","category-estado-de-mexico","tag-guillermo-zamacona-urquiza","tag-valle-de-mexico"],"_links":{"self":[{"href":"https:\/\/www.diarioimagen.net\/index.php?rest_route=\/wp\/v2\/posts\/565959","targetHints":{"allow":["GET"]}}],"collection":[{"href":"https:\/\/www.diarioimagen.net\/index.php?rest_route=\/wp\/v2\/posts"}],"about":[{"href":"https:\/\/www.diarioimagen.net\/index.php?rest_route=\/wp\/v2\/types\/post"}],"author":[{"embeddable":true,"href":"https:\/\/www.diarioimagen.net\/index.php?rest_route=\/wp\/v2\/users\/3"}],"replies":[{"embeddable":true,"href":"https:\/\/www.diarioimagen.net\/index.php?rest_route=%2Fwp%2Fv2%2Fcomments&post=565959"}],"version-history":[{"count":0,"href":"https:\/\/www.diarioimagen.net\/index.php?rest_route=\/wp\/v2\/posts\/565959\/revisions"}],"wp:featuredmedia":[{"embeddable":true,"href":"https:\/\/www.diarioimagen.net\/index.php?rest_route=\/wp\/v2\/media\/566013"}],"wp:attachment":[{"href":"https:\/\/www.diarioimagen.net\/index.php?rest_route=%2Fwp%2Fv2%2Fmedia&parent=565959"}],"wp:term":[{"taxonomy":"category","embeddable":true,"href":"https:\/\/www.diarioimagen.net\/index.php?rest_route=%2Fwp%2Fv2%2Fcategories&post=565959"},{"taxonomy":"post_tag","embeddable":true,"href":"https:\/\/www.diarioimagen.net\/index.php?rest_route=%2Fwp%2Fv2%2Ftags&post=565959"}],"curies":[{"name":"wp","href":"https:\/\/api.w.org\/{rel}","templated":true}]}}