{"id":565965,"date":"2022-11-17T00:04:34","date_gmt":"2022-11-17T06:04:34","guid":{"rendered":"https:\/\/www.diarioimagen.net\/?p=565965"},"modified":"2022-11-17T02:19:35","modified_gmt":"2022-11-17T08:19:35","slug":"convenio-para-erradicar-violencia-familiar-en-cuautitlan-izcalli","status":"publish","type":"post","link":"https:\/\/www.diarioimagen.net\/?p=565965","title":{"rendered":"Convenio para erradicar violencia familiar en Cuautitl\u00e1n Izcalli"},"content":{"rendered":"<p>&nbsp;<\/p>\n<p><img loading=\"lazy\" decoding=\"async\" class=\"aligncenter size-full wp-image-566008\" src=\"https:\/\/www.diarioimagen.net\/wp-content\/uploads\/2022\/11\/convenio-erradicar.jpg\" alt=\"\" width=\"460\" height=\"270\" \/><\/p>\n<p>&nbsp;<\/p>\n<p>&nbsp;<\/p>\n<p><strong>Cusutitl\u00e1n Izcalli, Estado de M\u00e9xico.\u2014 <\/strong>El gobierno municipal de esta localidad, que preside Karla Fiesco Garc\u00eda, y el presidente del Tribunal Superior de Justicia y del Consejo de la Judicatura del Estado de M\u00e9xico, Magistrado Ricardo Alfredo Sodi Cuellar, signaron el Convenio de Coordinaci\u00f3n para la Erradicaci\u00f3n de la Violencia Familiar, con el objetivo de fortalecer la protecci\u00f3n de las familias izcallenses.<\/p>\n<p>La titular del Ejecutivo municipal puntualiz\u00f3 que en la demarcaci\u00f3n no se permitir\u00e1 ninguna expresi\u00f3n de violencia, injusticia, ni cualquier tipo de abuso.\u00a0 \u201cRechazamos cualquier acci\u00f3n que da\u00f1e a nuestras y nuestros habitantes o los coloque en riesgo, somos partidarios de la justicia y consideramos a la familia como la base de esta sociedad\u201d, asegur\u00f3.<\/p>\n","protected":false},"excerpt":{"rendered":"<p>El gobierno municipal de esta localidad, que preside Karla Fiesco Garc\u00eda, y el presidente del Tribunal Superior de Justicia y del Consejo de la Judicatura del Estado de M\u00e9xico, Magistrado Ricardo Alfredo Sodi Cuellar, signaron el Convenio de Coordinaci\u00f3n para la Erradicaci\u00f3n de la Violencia Familiar, con el objetivo de fortalecer la protecci\u00f3n de las familias izcallenses.<\/p>\n","protected":false},"author":3,"featured_media":566008,"comment_status":"open","ping_status":"open","sticky":false,"template":"","format":"standard","meta":{"_monsterinsights_skip_tracking":false,"_monsterinsights_sitenote_active":false,"_monsterinsights_sitenote_note":"","_monsterinsights_sitenote_category":0,"footnotes":""},"categories":[5],"tags":[22865,971],"class_list":["post-565965","post","type-post","status-publish","format-standard","has-post-thumbnail","hentry","category-estado-de-mexico","tag-convenio","tag-cuautitlan-izcalli"],"_links":{"self":[{"href":"https:\/\/www.diarioimagen.net\/index.php?rest_route=\/wp\/v2\/posts\/565965","targetHints":{"allow":["GET"]}}],"collection":[{"href":"https:\/\/www.diarioimagen.net\/index.php?rest_route=\/wp\/v2\/posts"}],"about":[{"href":"https:\/\/www.diarioimagen.net\/index.php?rest_route=\/wp\/v2\/types\/post"}],"author":[{"embeddable":true,"href":"https:\/\/www.diarioimagen.net\/index.php?rest_route=\/wp\/v2\/users\/3"}],"replies":[{"embeddable":true,"href":"https:\/\/www.diarioimagen.net\/index.php?rest_route=%2Fwp%2Fv2%2Fcomments&post=565965"}],"version-history":[{"count":0,"href":"https:\/\/www.diarioimagen.net\/index.php?rest_route=\/wp\/v2\/posts\/565965\/revisions"}],"wp:featuredmedia":[{"embeddable":true,"href":"https:\/\/www.diarioimagen.net\/index.php?rest_route=\/wp\/v2\/media\/566008"}],"wp:attachment":[{"href":"https:\/\/www.diarioimagen.net\/index.php?rest_route=%2Fwp%2Fv2%2Fmedia&parent=565965"}],"wp:term":[{"taxonomy":"category","embeddable":true,"href":"https:\/\/www.diarioimagen.net\/index.php?rest_route=%2Fwp%2Fv2%2Fcategories&post=565965"},{"taxonomy":"post_tag","embeddable":true,"href":"https:\/\/www.diarioimagen.net\/index.php?rest_route=%2Fwp%2Fv2%2Ftags&post=565965"}],"curies":[{"name":"wp","href":"https:\/\/api.w.org\/{rel}","templated":true}]}}