{"id":566019,"date":"2022-11-17T00:02:06","date_gmt":"2022-11-17T06:02:06","guid":{"rendered":"https:\/\/www.diarioimagen.net\/?p=566019"},"modified":"2022-11-17T02:39:28","modified_gmt":"2022-11-17T08:39:28","slug":"responde-lopez-obrador-como-anquilosado-y-setentero-candidato","status":"publish","type":"post","link":"https:\/\/www.diarioimagen.net\/?p=566019","title":{"rendered":"Responde L\u00f3pez Obrador como anquilosado y setentero candidato"},"content":{"rendered":"<h2>La Retaguardia<\/h2>\n<h5>Adriana Moreno Cordero<\/h5>\n<p>&nbsp;<\/p>\n<ul>\n<li><strong><em>\u201cJaur\u00eda\u201d de Claudia Sheinbaum podr\u00eda lanzarse contra Ricardo Monreal<\/em><\/strong><\/li>\n<\/ul>\n<p><em>\u00a0<\/em><\/p>\n<p>Como un eterno y anquilosado candidato con toques setenteros, que ahora va en decadencia, as\u00ed, y no de otra forma, respondi\u00f3 <strong>Andr\u00e9s Manuel L\u00f3pez Obrador<\/strong> a la marcha por la democracia que se llev\u00f3 a cabo el fin de semana pasado; de ese tama\u00f1o sigue siendo su coraje. Por eso, hasta desesperado, quiere medir su m\u00fasculo y por eso anunci\u00f3 ayer en el gustad\u00edsimo \u201cstand-up\u201d ma\u00f1anero que encabezar\u00e1 \u00e9l mismo una marcha que ir\u00e1 de El \u00c1ngel de la Independencia al Z\u00f3calo capitalino para de ah\u00ed, rendir su en\u00e9simo informe de gobierno programado inicialmente para el primer d\u00eda de diciembre. \u201cCuatro a\u00f1os de transformaci\u00f3n\u201d, dice el tabasque\u00f1o y puede ser, pero de ir en picada, as\u00ed como de negarse a ver una realidad que est\u00e1 haciendo pedazos al pa\u00eds.<\/p>\n<p>Tanto le doli\u00f3 al Presidente percatarse que cada vez son m\u00e1s las voces que se manifiestan en contra de sus afanes autoritarios en los que est\u00e1n incluidos los decepcionados, as\u00ed como de tener que asimilar que popularidad, no es eficiencia. Adem\u00e1s, no sabe responder de otra forma, si no es con un estilo muy semejante, por no decir que igual, al rancio priismo de la \u00e9poca setentera, entre las administraciones de <strong>Luis Echeverr\u00eda Alvarez<\/strong> y <strong>Jos\u00e9 L\u00f3pez Portillo<\/strong>.<\/p>\n<p>As\u00ed es que puede anticiparse que habr\u00e1 acarreo por parte de Morena con la consabida advertencia de que quienes osen no presentarse a la marcha del domingo 27 de noviembre, podr\u00edan perder los m\u00faltiples programas sociales de los que son beneficiarios.<\/p>\n<p>En las alcald\u00edas de la CDMX, especialmente que no son del partido oficial, se empezaron a desplegar los llamados \u201cServidores de la Naci\u00f3n\u201d para volantear y, \u2014seg\u00fan ellos\u2014, explicar en qu\u00e9 consiste la controvertida reforma electoral lopezobradorista, para ver si pueden convencer a alguien y de ser posible, recopilar los datos de quienes entrevistan. El rechazo se ha manifestado en contra de esto que pretende ser a todas luces, una manipulaci\u00f3n.<\/p>\n<p>Al mismo tiempo, la flamante jefa de Gobierno de la Ciudad de M\u00e9xico, <strong>Claudia Sheinbaum<\/strong>,\u00a0 ya anunci\u00f3 que marchar\u00e1 junto a su querido l\u00edder. Lo bueno de esto es que no tirar\u00e1 dinero y\u00e9ndose a alg\u00fan estado de la Rep\u00fablica a hacer proselitismo.<\/p>\n<p>Y para qu\u00e9, si la marcha en apoyo a L\u00f3pez Obrador, representar\u00e1 en s\u00ed misma una formidable pasarela por la que seguramente se placer\u00e1n tambi\u00e9n, el secretario de Gobernaci\u00f3n, <strong>Ad\u00e1n Augusto L\u00f3pez Hern\u00e1ndez,<\/strong> y el secretario de Relaciones Exteriores, <strong>Marcelo Ebrard<\/strong>, pero ojo, tambi\u00e9n har\u00e1 acto de presencia, \u2014seg\u00fan lo inform\u00f3\u2014, el presidente de la Junta de Coordinaci\u00f3n Pol\u00edtica del Senado de la Rep\u00fablica, <strong>Ricardo Monreal \u00c1vila,<\/strong> quien, de acuerdo a lo que se sabe, no tiene temor alguno de ser desairado, aunque sea impl\u00edcito a los riesgos que conlleva la democracia-, pero aqu\u00ed tambi\u00e9n habr\u00eda que destacar que hay una alta probabilidad de que la jefa de Gobierno, no haya \u201camarrado a su jaur\u00eda\u201d, dispuestos a lanzarse en contra del zacatecano y est\u00e1n como muestra, los ataques sin sentido que le ha dirigido la gobernadora de Campeche, <strong>Layda Sansores<\/strong>, que una y otra vez repite que es tiempo de que Monreal deje el partido que fund\u00f3.<\/p>\n<p>Ricardo Monreal asegur\u00f3 que asistir\u00e1 a la marcha que convoc\u00f3 el presidente Andr\u00e9s Manuel L\u00f3pez Obrador, para el pr\u00f3ximo 27 de noviembre del presente a\u00f1o, en el marco de su cuarto a\u00f1o de gobierno.<\/p>\n<p>El tambi\u00e9n coordinador de los senadores de Morena, adelant\u00f3 que aunque todav\u00eda no lo platica con sus compa\u00f1eros, seguramente el Presidente de la Rep\u00fablica ser\u00e1 acompa\u00f1ado por la mayor\u00eda, como un acto de solidaridad.<\/p>\n<p>Asimismo, el senador Monreal rechaz\u00f3 que la convocatoria presidencial a la marcha se trate de un berrinche. Cree que as\u00ed debe de ser \u201cy nosotros debemos de respetarlo. Es presidente de todos los mexicanos y de todas las mexicanas, incluyendo los opositores; las reglas de la democracia as\u00ed son y as\u00ed deben de observarse\u201d, expres\u00f3.<\/p>\n<p>Monreal \u00c1vila se\u00f1al\u00f3 que siempre lo hizo como l\u00edder social y hoy lo va a hacer en su calidad de Jefe de Estado. Advirti\u00f3 que, \u201csin apartarnos de esa caracter\u00edstica, dado que es el Presidente de las mexicanas y los mexicanos, es muy importante que no perdamos ese lindero de lo p\u00fablico y lo privado, el liderazgo social y el Jefe de Estado\u201d.<\/p>\n<p>El tambi\u00e9n presidente de la Junta de Coordinaci\u00f3n Pol\u00edtica, expres\u00f3 que cuando L\u00f3pez Obrador fue electo en 2018, gan\u00f3 democr\u00e1ticamente y, por tanto, debe de reconoc\u00e9rsele como Presidente y como jefe de Estado de todos los mexicanos y las mexicanas.<\/p>\n<p>Adelant\u00f3 que seguramente ser\u00e1 una megamarcha. No de 300 ni de 400, yo creo que va a ser una marcha de millones, porque adem\u00e1s ahora Morena gobierna entidades federativas que nunca lo hizo.<\/p>\n<p>\u201cAl menos, los senadores de Morena, creo que en su mayor\u00eda, lo acompa\u00f1aremos modestamente, en un sutil acompa\u00f1amiento, sin protagonismo de ning\u00fan tipo, porque es simplemente expresar nuestra solidaridad y nuestra convicci\u00f3n de que lo que hicimos en el 18 lo seguimos respaldando\u201d, agreg\u00f3.<\/p>\n<p>Ricardo Monreal se refiri\u00f3 al riesgo de desaire que podr\u00eda correr ese d\u00eda, a lo que respondi\u00f3: \u201cNo tengo temor de nada, s\u00f3lo tengo temor de Dios y Dios sabe d\u00f3nde vamos a estar y d\u00f3nde nos va a colocar\u201d, finaliz\u00f3.<\/p>\n<p style=\"text-align: center;\"><strong>Municiones<\/strong><\/p>\n<p>*** Puro temor y sentir que el manto presidencial no le es suficiente, es lo que mueve a la titular de la Comisi\u00f3n de Derechos Humanos, (CNDH), <strong>Rosario Piedra<\/strong>, a declinar de manera por dem\u00e1s descort\u00e9s la solicitud de los senadores para que comparezca ante ellos. La presidenta de la Comisi\u00f3n de los Derechos Humanos en la C\u00e1mara alta, la panista Kenia L\u00f3pez Rabad\u00e1n, indic\u00f3 en conferencia de prensa que la CNDH ha dado pasos hacia atr\u00e1s; \u201cla CNDH en lugar de defender a los ni\u00f1os, defendi\u00f3 a los pap\u00e1s que deben los alimentos para sus familias; la CNDH en lugar de defender la no militarizaci\u00f3n, incluso se puso del lado del Ej\u00e9rcito; la CNDH en lugar de defender al pueblo de M\u00e9xico lo que hace es irse en contra del INE\u201d. Sin duda, y como lo a\u00f1ade la senadora L\u00f3pez Rabad\u00e1n, la se\u00f1ora Piedra se est\u00e1 equivocando \u201cy ese documento enviado a la Mesa Directiva me parece que es un documento que ofende a la Mesa Directiva, al Senado de la Rep\u00fablica y al pueblo de M\u00e9xico; no es a capricho de la Presidenta de la CNDH, es a prop\u00f3sito de la ley, ella tiene que venir al Senado, comparecer e informarle a los mexicanos\u201d. Efectivamente y como lo subray\u00f3 la legisladora panista, la titular de la CNDH indic\u00f3 que en la carta enviada al Senado, Piedra Ibarra, \u201cest\u00e1 diciendo literalmente que no tiene tiempo para explicarle al pueblo de M\u00e9xico por qu\u00e9 est\u00e1n teniendo tantos errores y por qu\u00e9 no est\u00e1n defendiendo los derechos humanos\u201d.<\/p>\n<p><u><a href=\"mailto:morcora@gmail.com\" target=\"_blank\" rel=\"noopener noreferrer\"><em>morcora@gmail.com<\/em><\/a><\/u><\/p>\n","protected":false},"excerpt":{"rendered":"<p><span style=\"color: #005497;\"><strong>Adriana Moreno Cordero<\/strong><\/span><\/p>\n","protected":false},"author":3,"featured_media":0,"comment_status":"open","ping_status":"open","sticky":false,"template":"","format":"standard","meta":{"_monsterinsights_skip_tracking":false,"_monsterinsights_sitenote_active":false,"_monsterinsights_sitenote_note":"","_monsterinsights_sitenote_category":0,"footnotes":""},"categories":[69370],"tags":[69369,69368,43674],"class_list":["post-566019","post","type-post","status-publish","format-standard","hentry","category-adriana-moreno-cordero","tag-adriana-moreno-cordero","tag-la-retaguardia","tag-opinion"],"_links":{"self":[{"href":"https:\/\/www.diarioimagen.net\/index.php?rest_route=\/wp\/v2\/posts\/566019","targetHints":{"allow":["GET"]}}],"collection":[{"href":"https:\/\/www.diarioimagen.net\/index.php?rest_route=\/wp\/v2\/posts"}],"about":[{"href":"https:\/\/www.diarioimagen.net\/index.php?rest_route=\/wp\/v2\/types\/post"}],"author":[{"embeddable":true,"href":"https:\/\/www.diarioimagen.net\/index.php?rest_route=\/wp\/v2\/users\/3"}],"replies":[{"embeddable":true,"href":"https:\/\/www.diarioimagen.net\/index.php?rest_route=%2Fwp%2Fv2%2Fcomments&post=566019"}],"version-history":[{"count":0,"href":"https:\/\/www.diarioimagen.net\/index.php?rest_route=\/wp\/v2\/posts\/566019\/revisions"}],"wp:attachment":[{"href":"https:\/\/www.diarioimagen.net\/index.php?rest_route=%2Fwp%2Fv2%2Fmedia&parent=566019"}],"wp:term":[{"taxonomy":"category","embeddable":true,"href":"https:\/\/www.diarioimagen.net\/index.php?rest_route=%2Fwp%2Fv2%2Fcategories&post=566019"},{"taxonomy":"post_tag","embeddable":true,"href":"https:\/\/www.diarioimagen.net\/index.php?rest_route=%2Fwp%2Fv2%2Ftags&post=566019"}],"curies":[{"name":"wp","href":"https:\/\/api.w.org\/{rel}","templated":true}]}}