{"id":566024,"date":"2022-11-17T00:08:43","date_gmt":"2022-11-17T06:08:43","guid":{"rendered":"https:\/\/www.diarioimagen.net\/?p=566024"},"modified":"2022-11-17T02:44:36","modified_gmt":"2022-11-17T08:44:36","slug":"las-marchas","status":"publish","type":"post","link":"https:\/\/www.diarioimagen.net\/?p=566024","title":{"rendered":"Las marchas"},"content":{"rendered":"<h2>Punto por punto<\/h2>\n<h5>Augusto Corro<\/h5>\n<p>&nbsp;<\/p>\n<p>Las manifestaciones p\u00fablicas de las organizaciones pol\u00edticas se multiplicar\u00e1n en tiempos de sucesi\u00f3n presidencial.<\/p>\n<p>Lo de menos son las razones para protestar a favor o en contra de algo o de alguien.<\/p>\n<p>El objetivo real es \u201cmostrar m\u00fasculo\u201d.<\/p>\n<p>As\u00ed ocurri\u00f3 el domingo pasado en varias ciudades, incluida la capital mexicana.<\/p>\n<p>El motivo de las marchas obedeci\u00f3 a la defensa del Instituto Federal Electoral (INE) que hicieron los partidos pol\u00edticos.<\/p>\n<p>La cifra de asistentes a la manifestaci\u00f3n vari\u00f3 de acuerdo a los intereses de cada quien.<\/p>\n<p>Lo que se reflej\u00f3 en los videos fue el de una multitud impactante.<\/p>\n<p>La oposici\u00f3n qued\u00f3 satisfecha del alarde de fuerza que seguramente movi\u00f3 a la reflexi\u00f3n al partido oficial: Movimiento de Regeneraci\u00f3n Nacional (Morena) y a su l\u00edder moral, el presidente Andr\u00e9s Manuel L\u00f3pez Obrador.<\/p>\n<p>Dormidos en sus laureles, la marcha del domingo despert\u00f3 a los morenistas que no se atreven a activarse pol\u00edticamente.<\/p>\n<p>Y de no ponerse a trabajar al grito de \u201cya\u201d podr\u00edan llevar un susto en las pr\u00f3ximas elecciones estatales y presidenciales.<\/p>\n<p style=\"text-align: center;\"><strong>AMLO, a las calles<\/strong><\/p>\n<p>Mientras son peras o son manzanas, el presidente L\u00f3pez Obrador ya organiz\u00f3 su marcha para el pr\u00f3ximo 27 de noviembre.<\/p>\n<p>Dijo el mandatario que tom\u00f3 la decisi\u00f3n de mover su informe del 1 de diciembre (que cae en jueves) a un domingo porque \u201cquieren ir muchos\u201d.<\/p>\n<p>Recalc\u00f3 que \u00e9l encabezar\u00e1 la marcha mencionada para ver tambi\u00e9n si la gente est\u00e1 contenta con la transformaci\u00f3n (4T).<\/p>\n<p>Tambi\u00e9n descart\u00f3 que la manifestaci\u00f3n \u201csea para mostrar m\u00fasculo\u201d, tras la marcha realizada el domingo 13 de noviembre por organizaciones civiles para defender al INE. El Z\u00f3calo de la Ciudad de M\u00e9xico es la medida de las manifestaciones. En la \u00faltima concentraci\u00f3n sus organizadores pensaron que no lo llenar\u00edan y les fall\u00f3. S\u00ed pudieron llenar la plaza.<\/p>\n<p>En fin, algo ocurre en Morena que sus dirigentes se muestran inactivos; sin embargo, con la marcha de AMLO tendr\u00e1n que ponerse a trabajar, en una Ciudad de M\u00e9xico en la que su poblaci\u00f3n de clase media rechaza al lopezobradorismo.<\/p>\n<p>En fin, la manifestaci\u00f3n de los opositores se anot\u00f3 un punto a su favor.<\/p>\n<p>\u00bfUsted qu\u00e9 opina amable lector?<\/p>\n<p style=\"text-align: center;\"><strong>Elecciones en la CDMX<\/strong><\/p>\n<p>Por supuesto, la marcha mencionada alcanz\u00f3 a mostrar que Morena tiene en el olvido a un amplio sector de capitalinos.<\/p>\n<p>La jefa de Gobierno de la CDMX, Claudia Sheinbaum, no ha podido reducir la cifra de ciudadanos que rechazan a los morenistas.\u00a0 En los comicios intermedios, la izquierda perdi\u00f3 nueve alcald\u00edas. Ejemplo suficiente para saber que el partido oficial no la tiene f\u00e1cil.<\/p>\n<p>Por otra parte, se empez\u00f3 a cuestionar a Claudia Sheinbaum por sus constantes viajes al interior del pa\u00eds, porque en la capital son innumerables los problemas que atender, y sus ausencias los complican.<\/p>\n<p>La mencionada jefa de Gobierno es la \u201ccorcholata\u201d preferida (candidata) de L\u00f3pez Obrador para la contienda electoral presidencialista.<\/p>\n<p>Es decir que Claudia Sheinbaum deber\u00e1 optar por la renuncia al cargo que ostenta para dedicarse a su campa\u00f1a pol\u00edtica, o aceptar las cr\u00edticas de la oposici\u00f3n.<\/p>\n<p>PUNTOS SUSPENSIVOS\u2026 PAN, PRI y PRD relanzar\u00e1n su alianza legislativa electoral desde San L\u00e1zaro. As\u00ed lo declar\u00f3 el coordinador perredista en San L\u00e1zaro, Luis Espinosa Ch\u00e1zaro. Inform\u00f3 que s\u00f3lo est\u00e1n terminando de afinar los detalles. Lo interesante ser\u00e1 saber que har\u00e1 el l\u00edder priista, Alejandro \u201cAlito\u201d Moreno con la desconfianza que le tienen los dirigentes de la coalici\u00f3n\u2026 La gobernadora de Campeche, Layda Sansores, contin\u00faa con los audios del l\u00edder tricolor y sus amigos. La \u00faltima grabaci\u00f3n fue con el magistrado del Tribunal Electoral del Poder Judicial de la Federaci\u00f3n (TEPJF), Felipe Fuentes Barrera.<\/p>\n<p><em><a href=\"mailto:aco2742@hotmail.com\" target=\"_blank\" rel=\"noopener noreferrer\">aco2742@hotmail.com<\/a><\/em><\/p>\n","protected":false},"excerpt":{"rendered":"<p><span style=\"color: #005497;\"><strong>Augusto Corro<\/strong><\/span><\/p>\n","protected":false},"author":3,"featured_media":0,"comment_status":"open","ping_status":"open","sticky":false,"template":"","format":"standard","meta":{"_monsterinsights_skip_tracking":false,"_monsterinsights_sitenote_active":false,"_monsterinsights_sitenote_note":"","_monsterinsights_sitenote_category":0,"footnotes":""},"categories":[157],"tags":[43686,43674,11515],"class_list":["post-566024","post","type-post","status-publish","format-standard","hentry","category-augusto-corro","tag-augusto-corro","tag-opinion","tag-punto-por-punto"],"_links":{"self":[{"href":"https:\/\/www.diarioimagen.net\/index.php?rest_route=\/wp\/v2\/posts\/566024","targetHints":{"allow":["GET"]}}],"collection":[{"href":"https:\/\/www.diarioimagen.net\/index.php?rest_route=\/wp\/v2\/posts"}],"about":[{"href":"https:\/\/www.diarioimagen.net\/index.php?rest_route=\/wp\/v2\/types\/post"}],"author":[{"embeddable":true,"href":"https:\/\/www.diarioimagen.net\/index.php?rest_route=\/wp\/v2\/users\/3"}],"replies":[{"embeddable":true,"href":"https:\/\/www.diarioimagen.net\/index.php?rest_route=%2Fwp%2Fv2%2Fcomments&post=566024"}],"version-history":[{"count":0,"href":"https:\/\/www.diarioimagen.net\/index.php?rest_route=\/wp\/v2\/posts\/566024\/revisions"}],"wp:attachment":[{"href":"https:\/\/www.diarioimagen.net\/index.php?rest_route=%2Fwp%2Fv2%2Fmedia&parent=566024"}],"wp:term":[{"taxonomy":"category","embeddable":true,"href":"https:\/\/www.diarioimagen.net\/index.php?rest_route=%2Fwp%2Fv2%2Fcategories&post=566024"},{"taxonomy":"post_tag","embeddable":true,"href":"https:\/\/www.diarioimagen.net\/index.php?rest_route=%2Fwp%2Fv2%2Ftags&post=566024"}],"curies":[{"name":"wp","href":"https:\/\/api.w.org\/{rel}","templated":true}]}}