{"id":566026,"date":"2022-11-17T00:03:49","date_gmt":"2022-11-17T06:03:49","guid":{"rendered":"https:\/\/www.diarioimagen.net\/?p=566026"},"modified":"2022-11-17T02:48:23","modified_gmt":"2022-11-17T08:48:23","slug":"ni-con-ex-gobernadores-levanta-del-moral","status":"publish","type":"post","link":"https:\/\/www.diarioimagen.net\/?p=566026","title":{"rendered":"Ni con ex gobernadores \u201clevanta\u201d Del Moral"},"content":{"rendered":"<h2>Espacio Electoral<\/h2>\n<h5>Eleazar Flores<\/h5>\n<p>&nbsp;<\/p>\n<p><strong>\u00bfQU\u00c9 PASAR\u00c1?-.<\/strong> Ni con la compa\u00f1\u00eda de C\u00e9sar Camacho Quiroz, en su natal Metepec, o Eruviel \u00c1vila Villegas, en su tierra, Ecatepec, levantan los recorridos de la \u201cdefensora del estado\u201d, Alejandra Del Moral, sola o acompa\u00f1ada del presidente estatal priista, Eric Sevilla Montes de Oca.<\/p>\n<p>Incluso en Ecatepec de Morelos, el ex gobernador Eruviel \u00c1vila adelant\u00f3, sin precisar fecha, que la diputada federal Ana Lilia Herrera Anzaldo se sumar\u00eda a Alejandra Del Moral, lo que hasta la fecha no se ha dado, pero podr\u00eda ser a finales de este mes o principios del pr\u00f3ximo, pues contra lo que anhelan los acelerados, todav\u00eda no es tiempo de sacar candidato-a, solo o en alianza el PRI.<\/p>\n<p>Si los expertos en medios encuentran culpables por lo desapercibido de los recorridos de los dirigentes tricolores, Eric y Alejandra, podr\u00eda ser en la pobre difusi\u00f3n a la usanza tradicional, en el mejor de los casos, debido a lo cual se encuentra poca presencia de las giras tricolores.<\/p>\n<p>Tan desapercibidos se aprecian los eventos, que las estrellas de los mismos son los ex gobernadores, C\u00e9sar Camacho Quiroz, cuando Alejandra Del Moral visit\u00f3 Metepec, o bien cuando en Ecatepec, literalmente, rob\u00f3 c\u00e1mara el senador plurinominal de la Rep\u00fablica, Eruviel \u00c1vila Villegas, quien la \u00faltima vez que se le vio fue cuando la \u201cdefensora del estado\u201d fue captada en el edificio priista con los dem\u00e1s ex gobernadores, dizque para demostrar unidad.<\/p>\n<p>A estas alturas de los recorridos, tanto del presidente priista Eric Sevilla, como de Alejandra Del Moral, juntos o por separado, ya han pasado de moda sus pronunciamientos ret\u00f3ricos contra la Cuarta Transformaci\u00f3n y su comandante en jefe, pues son tan repetitivos que ni para cabeza de un diario se pueden utilizar.<\/p>\n<p>Seguramente a eso se debe que los contenidos se vean publicados apenas en p\u00e1ginas interiores y a una o dos columnas, cuando m\u00e1s.<\/p>\n<p><strong>ALIANZA-.<\/strong> Los involucrados en las c\u00fapulas del poder, aseguran que los dirigentes estatales partidistas de PAN, PRI y PRD han acordado con sus superiores nacionales, que pronto se har\u00e1 p\u00fablica la coalici\u00f3n entre las tres fuerzas \u2014\u00bfo debilidades?\u2014 pol\u00edticas, tan pronto amainen las inquietudes por la discutid\u00edsima reforma electoral, motivo del nacimiento de inconformidad que hizo que se organizaran marchas de EL INE NO SE TOCA, en todo el pa\u00eds.<\/p>\n<p>El anuncio de la esperada alianza PRIANRD es lo que esperan que catapulte a Alejandra Del Moral, m\u00e1s ni se le ocurra pensar que pudiera darse un cambio de candidata, pero como en pol\u00edtica NO S\u00c9 ES HASTA QUE NO S\u00c9 ES, cuando menos hay m\u00e1rgenes de incertidumbre.<\/p>\n<p>Sobre todo porque Ana Lilia Herrera sigue ausente.<\/p>\n<p><em><a href=\"mailto:elefa44@gmail.com\" target=\"_blank\" rel=\"noopener noreferrer\">elefa44@gmail.com<\/a><\/em><\/p>\n","protected":false},"excerpt":{"rendered":"<p><span style=\"color: #005497;\"><strong>Eleazar Flores<\/strong><\/span><\/p>\n","protected":false},"author":3,"featured_media":0,"comment_status":"open","ping_status":"open","sticky":false,"template":"","format":"standard","meta":{"_monsterinsights_skip_tracking":false,"_monsterinsights_sitenote_active":false,"_monsterinsights_sitenote_note":"","_monsterinsights_sitenote_category":0,"footnotes":""},"categories":[81743],"tags":[81744,81776,43674],"class_list":["post-566026","post","type-post","status-publish","format-standard","hentry","category-eleazar-flores","tag-eleazar-flores","tag-espacio-electoral","tag-opinion"],"_links":{"self":[{"href":"https:\/\/www.diarioimagen.net\/index.php?rest_route=\/wp\/v2\/posts\/566026","targetHints":{"allow":["GET"]}}],"collection":[{"href":"https:\/\/www.diarioimagen.net\/index.php?rest_route=\/wp\/v2\/posts"}],"about":[{"href":"https:\/\/www.diarioimagen.net\/index.php?rest_route=\/wp\/v2\/types\/post"}],"author":[{"embeddable":true,"href":"https:\/\/www.diarioimagen.net\/index.php?rest_route=\/wp\/v2\/users\/3"}],"replies":[{"embeddable":true,"href":"https:\/\/www.diarioimagen.net\/index.php?rest_route=%2Fwp%2Fv2%2Fcomments&post=566026"}],"version-history":[{"count":0,"href":"https:\/\/www.diarioimagen.net\/index.php?rest_route=\/wp\/v2\/posts\/566026\/revisions"}],"wp:attachment":[{"href":"https:\/\/www.diarioimagen.net\/index.php?rest_route=%2Fwp%2Fv2%2Fmedia&parent=566026"}],"wp:term":[{"taxonomy":"category","embeddable":true,"href":"https:\/\/www.diarioimagen.net\/index.php?rest_route=%2Fwp%2Fv2%2Fcategories&post=566026"},{"taxonomy":"post_tag","embeddable":true,"href":"https:\/\/www.diarioimagen.net\/index.php?rest_route=%2Fwp%2Fv2%2Ftags&post=566026"}],"curies":[{"name":"wp","href":"https:\/\/api.w.org\/{rel}","templated":true}]}}