{"id":566029,"date":"2022-11-17T00:10:47","date_gmt":"2022-11-17T06:10:47","guid":{"rendered":"https:\/\/www.diarioimagen.net\/?p=566029"},"modified":"2022-11-17T02:50:31","modified_gmt":"2022-11-17T08:50:31","slug":"que-esconde-lopez","status":"publish","type":"post","link":"https:\/\/www.diarioimagen.net\/?p=566029","title":{"rendered":"\u00bfQu\u00e9 esconde L\u00f3pez?"},"content":{"rendered":"<h2>Triple Erre<\/h2>\n<h5>Francisco Reynoso<\/h5>\n<p>&nbsp;<\/p>\n<p>El presidente L\u00f3pez se calent\u00f3. La marcha espectacular del domingo pasado para defender al INE, aunque muchos de los que participaron, dir\u00eda que la mayor\u00eda, ignoraban cu\u00e1l era el peligro que pend\u00eda sobre el m\u00e1ximo \u00f3rgano electoral del pa\u00eds, encabrit\u00f3 al Presidente y va en pos del rescate de las calles.<\/p>\n<p>Antes de que se apoltronara en los s\u00faper lujosos aposentos del Palacio Nacional, L\u00f3pez Obrador era el rey de las calles, de las marchas, plantones y manifestaciones.<\/p>\n<p>Ahora se ha vuelto un bur\u00f3crata holgaz\u00e1n y fif\u00ed. Arrastra una fama poco envidiable de que no trabaja, de que despu\u00e9s de la ma\u00f1anera se regresa a sus habitaciones, se pone el pijama y se mete a la cama con Beatriz, a dormir. Y que al mediod\u00eda, si las reumas u otros achaques no se lo impiden, se va a jugar una cascarita de beisbol, aunque \u00faltimamente s\u00f3lo como bateador designado, porque jugar en el cuadro, como segunda base o parador en corto, le resulta imposible porque ya no se puede agachar.<\/p>\n<p>As\u00ed que el pr\u00f3ximo d\u00eda 27 quiere dar una muestra de lo que es arrastrar multitudes, aunque sean acarreadas.<\/p>\n<p>A la marcha en defensa del INE, convocada por organizaciones de la sociedad civil, participaron alrededor de 650 mil personas. L\u00f3pez querr\u00e1 que lo acompa\u00f1e el doble. O por lo menos un mill\u00f3n de hombres y mujeres de todas las edades, colores y condici\u00f3n social.<\/p>\n<p>De esa tarea -de acarrear y juntar un mill\u00f3n de personas- se encargar\u00e1n Claudia Sheinbaum, jefa de Gobierno de la Ciudad de M\u00e9xico; Mario Delgado, l\u00edder nacional de Morena; los 20 gobernadores del ala lopezobradorista y Pedro Haces y Alfonso Cepeda, l\u00edderes de los sindicatos obrero y magisterial m\u00e1s grandes de M\u00e9xico.<\/p>\n<p>Por supuesto que ser\u00e1 dif\u00edcil. Algunos, como la \u201ccorcholata\u201d favorita, tiene para gastar lo que sea necesario. Finalmente, no ser\u00eda un gasto sino una inversi\u00f3n. Pero otros acarreadores, como algunos gobernadores que andan con una mano adelante y otra atr\u00e1s, como David Monreal de Zacatecas, pasar\u00e1n penurias, a menos que Rogelio Ram\u00edrez de la O los saque del problema.<\/p>\n<p>Pero todo este espect\u00e1culo de marchas callejeras, discusiones medi\u00e1ticas, ep\u00edtetos altisonantes: Cretinos, corruptazos, hip\u00f3critas -a L\u00f3pez s\u00f3lo le falta gritar a sus adversarios \u00bfhijos de la chingada!- algo est\u00e1 ocultado.<\/p>\n<p>La Cuarta Transformaci\u00f3n y el presidente L\u00f3pez han hecho muy espesa esta \u00faltima cortina de humo y no se alcanzan a ver indicios.<\/p>\n<p>\u00bfQu\u00e9 oculta el Presidente? \u00bfDe qu\u00e9 quiere distraer a los ciudadanos y a los medios de comunicaci\u00f3n? \u00bfQue est\u00e1 pasando o qu\u00e9 desgracia est\u00e1 a punto de suceder?<\/p>\n<p>L\u00f3pez Obrador, todo mundo lo sabe, es un verdadero diablo. Sabe bien que el secuestro del INE que pretend\u00eda no se lograr\u00eda nunca sin tener el control absoluto en las C\u00e1maras del Congreso de la Uni\u00f3n.<\/p>\n<p>Y tiene muy claro que eso del \u201cplan B\u201d es una mafufada que de ninguna manera le permitir\u00eda rasurar al consejo general del INE y al Tribunal Electoral del Poder Judicial de la Federaci\u00f3n ni tampoco desaparecer las candidaturas plurinominales de diputados y de lista nacional de senadores.<\/p>\n<p>Entonces, \u00bfqu\u00e9 se trae entre manos L\u00f3pez Obrador? \u00bfQu\u00e9 se comi\u00f3 o se est\u00e1 comiendo?<\/p>\n<p>Esas son las preguntas que se hacen los que conocen las malas entra\u00f1as del Presidente de M\u00e9xico. Y que perciben un hedor nauseabundo en las alcobas del Palacio Nacional.<\/p>\n<p>Porque si para algo es bueno L\u00f3pez es para prender fuegos artificiales que distraigan la atenci\u00f3n de la gente.<\/p>\n<p>El caso Ayotzinapa se le est\u00e1 poniendo peliagudo a L\u00f3pez. La verdadera verdad hist\u00f3rica que cont\u00f3 Alejandro Encinas y por la que metieron a la c\u00e1rcel a Jes\u00fas Murillo, se est\u00e1 convirtiendo lenta, pero inexorablemente en una patra\u00f1a. Y todo mundo se ha dado cuenta, principalmente los padres de los normalistas desaparecidos y organismos internacionales de investigaci\u00f3n.<\/p>\n<p>Y lo m\u00e1s peliagudo para L\u00f3pez es que en la verdad verdadera de Encinas est\u00e1 metido hasta el cogote el Ej\u00e9rcito; los soldados que tienen la sart\u00e9n del poder por el mando en M\u00e9xico.<\/p>\n<p style=\"text-align: center;\"><strong>\u00bfQu\u00e9 est\u00e1 tapando L\u00f3pez?<\/strong><\/p>\n<p>El esc\u00e1ndalo de corrupci\u00f3n que estall\u00f3 entre el fiscal de la Rep\u00fablica, Alejandro Gertz,\u00a0 y Julio Scherer, ex consejero jur\u00eddico de L\u00f3pez Obrador, acus\u00e1ndose ambos de extorsi\u00f3n, tr\u00e1fico de influencias y asociaci\u00f3n delictuosa, qued\u00f3 sepultado en el silencio.<\/p>\n<p>El lodazal que arroj\u00f3 la \u201ccasa gris\u201d de Jos\u00e9 Ram\u00f3n L\u00f3pez Beltr\u00e1n y su esposa Carolyn Adams, por presuntos negocios turbios con contratistas de Pemex que es caso cerrado, al menos en la opini\u00f3n p\u00fablica.<\/p>\n<p>Y de los esc\u00e1ndalos de la nueva \u201cestafa maestra\u201d en Segalmex y los atracos descarados y tr\u00e1fico de contratos en el Instituto Nacional para Devolver al Pueblo lo Robado\u00a0 ya nadie parece acordarse.<\/p>\n<p>Y \u00bfqu\u00e9 pas\u00f3 con los esc\u00e1ndalos de Cuauht\u00e9moc Blanco y Am\u00e9rico Villarreal, presuntos narcogobernadores morenos de Morelos y Tamaulipas? \u00bfSon agua pasada?<\/p>\n<p>\u00bfQu\u00e9 tapa o quiere tapar L\u00f3pez Obrador?<\/p>\n<p>Es para pensar y echarse a temblar de miedo.<\/p>\n<p>&nbsp;<\/p>\n<blockquote>\n<p style=\"text-align: right;\"><em><strong>La verdad es la verdad<br \/>\ny no admite otros datos<\/strong><\/em><\/p>\n<\/blockquote>\n<p>&nbsp;<\/p>\n<p><a href=\"mailto:donrunrun@yahoo.es\" target=\"_blank\" rel=\"noopener\"><em>donrunrun@yahoo.es<\/em><\/a><\/p>\n","protected":false},"excerpt":{"rendered":"<p><span style=\"color: #005497;\"><strong>Francisco Reynoso<\/strong><\/span><\/p>\n","protected":false},"author":3,"featured_media":0,"comment_status":"open","ping_status":"open","sticky":false,"template":"","format":"standard","meta":{"_monsterinsights_skip_tracking":false,"_monsterinsights_sitenote_active":false,"_monsterinsights_sitenote_note":"","_monsterinsights_sitenote_category":0,"footnotes":""},"categories":[94855],"tags":[94857,43674,94856],"class_list":["post-566029","post","type-post","status-publish","format-standard","hentry","category-francisco-reynoso","tag-francisco-reynoso","tag-opinion","tag-triple-erre"],"_links":{"self":[{"href":"https:\/\/www.diarioimagen.net\/index.php?rest_route=\/wp\/v2\/posts\/566029","targetHints":{"allow":["GET"]}}],"collection":[{"href":"https:\/\/www.diarioimagen.net\/index.php?rest_route=\/wp\/v2\/posts"}],"about":[{"href":"https:\/\/www.diarioimagen.net\/index.php?rest_route=\/wp\/v2\/types\/post"}],"author":[{"embeddable":true,"href":"https:\/\/www.diarioimagen.net\/index.php?rest_route=\/wp\/v2\/users\/3"}],"replies":[{"embeddable":true,"href":"https:\/\/www.diarioimagen.net\/index.php?rest_route=%2Fwp%2Fv2%2Fcomments&post=566029"}],"version-history":[{"count":0,"href":"https:\/\/www.diarioimagen.net\/index.php?rest_route=\/wp\/v2\/posts\/566029\/revisions"}],"wp:attachment":[{"href":"https:\/\/www.diarioimagen.net\/index.php?rest_route=%2Fwp%2Fv2%2Fmedia&parent=566029"}],"wp:term":[{"taxonomy":"category","embeddable":true,"href":"https:\/\/www.diarioimagen.net\/index.php?rest_route=%2Fwp%2Fv2%2Fcategories&post=566029"},{"taxonomy":"post_tag","embeddable":true,"href":"https:\/\/www.diarioimagen.net\/index.php?rest_route=%2Fwp%2Fv2%2Ftags&post=566029"}],"curies":[{"name":"wp","href":"https:\/\/api.w.org\/{rel}","templated":true}]}}