{"id":566037,"date":"2022-11-17T00:07:26","date_gmt":"2022-11-17T06:07:26","guid":{"rendered":"https:\/\/www.diarioimagen.net\/?p=566037"},"modified":"2022-11-18T04:48:45","modified_gmt":"2022-11-18T10:48:45","slug":"una-apuesta-seran-muchos-mas-los-que-marchen-con-amlo-a-fines-de-mes","status":"publish","type":"post","link":"https:\/\/www.diarioimagen.net\/?p=566037","title":{"rendered":"Una apuesta: Ser\u00e1n muchos m\u00e1s los que marchen con AMLO a fines de mes"},"content":{"rendered":"<h2>Clase Pol\u00edtica<\/h2>\n<h5>Miguel \u00c1ngel Rivera<\/h5>\n<p>&nbsp;<\/p>\n<p>No me preocupa, dijo el presidente\u00a0Andr\u00e9s Manuel L\u00f3pez Obrador, acerca del abierto enfrentamiento entre su \u201ccorcholata\u201d Claudia Sheinbaum y el tambi\u00e9n precandidato presidencial Ricardo Monreal. Claro, porque est\u00e1 ocupado en otras cuestiones para \u00e9l m\u00e1s importantes, como minimizar las marchas del domingo anterior en defensa del INE y el TEPJF.<\/p>\n<p>En esta l\u00ednea de pensamiento (que no de razonamiento) el primer mandatario anunci\u00f3 en su ma\u00f1anera de ayer que encabezar\u00e1 una marcha el pr\u00f3ximo 27 del presente mes.<\/p>\n<p>El jefe del Ejecutivo neg\u00f3 que su intenci\u00f3n sea devaluar la concurrida manifestaci\u00f3n del domingo anterior, convocada por organizaciones de la sociedad civil, pero tampoco dej\u00f3 en claro cu\u00e1l es la motivaci\u00f3n de la marcha que pretende encabezar, aunque de nueva cuenta recurri\u00f3 a uno de sus pretextos favoritos: \u201cse lo pidi\u00f3 el pueblo bueno y sabio\u201d:<\/p>\n<p>Lo que se mantiene en secreto es la forma como ese pueblo bueno y sabio le hizo conocer su deseo de que encabece una manifestaci\u00f3n que supere la ocurrida el domingo anterior y secundada por otras protestas en m\u00e1s de 60 ciudades del resto de la rep\u00fablica.<\/p>\n<p>En la referida ma\u00f1anera, L\u00f3pez Obrador neg\u00f3 que la movilizaci\u00f3n est\u00e9 planeada para opacar la que se llev\u00f3 a cabo el domingo pasado contra la reforma electoral, ni tampoco para mostrar m\u00fasculo del movimiento que encabeza.<\/p>\n<p>Por el contrario, mencion\u00f3 que s\u00f3lo es \u201cpara ver si la gente est\u00e1 contenta con la transformaci\u00f3n, si vamos bien\u201d. \u201cEs que \u00edbamos a hacer de todas maneras el informe, pero ayuda la marcha, adem\u00e1s ya me estoy\u00a0<strong><em>hamburguesando<\/em><\/strong>\u00a0mucho\u201d, agreg\u00f3.<\/p>\n<p>Seg\u00fan L\u00f3pez Obrador, la decisi\u00f3n se tom\u00f3 tras conocer la opini\u00f3n de millones de simpatizantes que quieren celebrar los cuatro a\u00f1os del gobierno de la llamada Cuarta Transformaci\u00f3n. \u201cEl d\u00eda 1 son cuatro a\u00f1os, es jueves. Muchos quieren venir de todo el pa\u00eds a participar, este es un movimiento de millones de mujeres, hombres libres, conscientes. Es un proceso de transformaci\u00f3n, no es un movimiento de un solo hombre o de dirigentes, ya lo dije, es un movimiento aut\u00e9nticamente popular\u201d.<\/p>\n<p>En su mensaje desde Palacio Nacional, el mandatario a\u00f1adi\u00f3 que tras la caminata dar\u00e1 un informe sobre los avances y logros de su administraci\u00f3n al frente del poder ejecutivo.<\/p>\n<p style=\"text-align: center;\"><strong>Desde ahora se puede asegurar que en la anunciada<br \/>\nmarcha de AMLO sumar\u00e1n m\u00e1s los asistentes<\/strong><\/p>\n<p>Tal como lo anunci\u00f3 el presidente L\u00f3pez Obrador en su manifestaci\u00f3n del 27 de noviembre le seguir\u00e1n decenas o tal vez cientos de miles de simpatizantes de la llamada Cuarta Transformaci\u00f3n ansiosos por avanzar tras los pasos de su l\u00edder y gu\u00eda.<\/p>\n<p>Por eso a\u00a0nadie debe sorprender que en las calles y plazas de la Ciudad de M\u00e9xico ese \u00faltimo domingo del presente mes aparezcan autobuses y todo tipo\u00a0de\u00a0transportes\u00a0con placas de pr\u00e1cticamente toda la Rep\u00fablica, pues esos ciudadanos ansiosos de refrendar su simpat\u00eda con la llamada Cuarta Transformaci\u00f3n no se detendr\u00e1n en minucias\u00a0y\u00a0pagar\u00e1n\u00a0gustosamente\u00a0cualquier sistema\u00a0que\u00a0les asegure estar a tiempo en la Ciudad de M\u00e9xico, inclusive si tendr\u00e1n que sacrificar el \u201cgeneroso\u201d subsdidio que les entrega bimestralmente el gobierno federal.<\/p>\n<p>Ese domingo, se puede garantizar, funcionar\u00e1 a plenitud el \u00e1baco\u00a0con\u00a0el que el Secretario General de Gobierno de la Ciudad de M\u00e9xico, Mart\u00ed Batres Guadarrama, cuenta a quienes participan en manifestaciones\u00a0que no son organizadas por el partido oficial y sus sat\u00e9lites.<\/p>\n<p style=\"text-align: center;\"><strong>El Congreso, ni ventanilla de tr\u00e1mites ni oficial\u00eda de partes<\/strong><\/p>\n<p>Antes de que se consolidara la presencia de los partidos de oposici\u00f3n en las C\u00e1maras del Congreso de la Uni\u00f3n, las sesiones en donde se daba tr\u00e1mite a los ascensos de miembros de las fuerzas armadas, fueran del Ej\u00e9rcito o de la Armada, se consideraban un asunto anodino, de puro tr\u00e1mite, que se aprobaban sin la menor protesta.<\/p>\n<p>La situaci\u00f3n del pa\u00eds ha cambiado radicalmente y la prueba se dio ayer en la sesi\u00f3n de la C\u00e1mara de Senadores en donde se tramitaron m\u00e1s de 300 ascensos y promociones en el Ej\u00e9rcito y la Marina.<\/p>\n<p>Esta vez, probablemente por primera ocasi\u00f3n en la vida legislativa de M\u00e9xico, los senadores pidieron conocer los m\u00e9ritos de los ascendidos y reclamaron respeto a la equidad de g\u00e9nero. Para resumirlo en una sola expresi\u00f3n, los legisladores ajenos al oficialismo advirtieron que el Congreso, en particular su C\u00e1mara, la de senadores, no es \u201cventanilla de tr\u00e1mites ni oficial\u00eda de partes\u201d.<\/p>\n<p>La revisi\u00f3n y eventual ratificaci\u00f3n de los ascensos y promociones se inici\u00f3 como era costumbre: La presidenta de la Comisi\u00f3n de Marina, la senadora del PRI Ver\u00f3nica Mart\u00ednez Garc\u00eda, dio lectura al dictamen, aprobado por unanimidad en ese grupo de trabajo, por el cual se recomendaba al pleno ratificar las relaciones remitidas por la secretar\u00eda del ramo.<\/p>\n<p>De paso, la legisladora priista, aprovech\u00f3 para quedar bien con las fuerzas armadas: \u201cQuiero hacer un reconocimiento al almirante secretario Jos\u00e9 Rafael Ojeda Dur\u00e1n; debe sentirse usted muy honrado de encabezar esta distinguida instituci\u00f3n de la que las y los mexicanos nos sentimos muy orgullosos\u201d, dijo la legisladora del tricolor.<\/p>\n<p>Otra vez, parec\u00eda un asunto de aburrido tr\u00e1mite, pero no ocurri\u00f3 as\u00ed, los senadores independientes y de oposici\u00f3n reclamaron su derecho de conocer los expedientes de los jefes militares ascendidos y las razones por las cuales eran propuestos para alcanzar grados superiores.<\/p>\n<p>En primer t\u00e9rmino, el senador del PAN Dami\u00e1n Zepeda record\u00f3 que el pa\u00eds vive un proceso de militarizaci\u00f3n, en el cual las fuerzas armadas no s\u00f3lo cumplen con sus responsabilidades, sino que adem\u00e1s han asumido tareas que tradicionalmente eran responsabilidad de civiles y, en seguida, destac\u00f3 que los legisladores encargados de ratificar los ascensos no tienen informaci\u00f3n para conocer por qu\u00e9 se conceden.<\/p>\n<p>\u201cHoy vienen aqu\u00ed al Senado de la Rep\u00fablica a que, sin ning\u00fan tipo de valoraci\u00f3n, sin conocer siquiera las fichas curriculares, se aprueben, f\u00edjense nada m\u00e1s, 302 nombramientos, ascensos de generales, de rangos altos de las Fuerzas Armadas y 87 ascensos de la Marina.<\/p>\n<p>\u201cQuiero que sepan que hasta este momento no es p\u00fablico el expediente de cada una de estas personas que van a tener estos altos cargos de las fuerzas armadas. Con todo el respeto que me merecen el Ej\u00e9rcito y la Marina, eso simplemente no es correcto.<\/p>\n<p>\u201cPor eso la Constituci\u00f3n nos otorga, a nosotros, al Senado de la Rep\u00fablica, la facultad para ratificar o no los nombramientos que se hagan de los altos cargos de las Fuerzas Armadas y de la Marina, no para ser oficial\u00eda de partes.<\/p>\n<p>\u201cEl d\u00eda de ayer, f\u00edjense la falta de respeto, publicaron la lista, apenas, de los nombres, mas no hicieron p\u00fablicas sus fichas curriculares y el d\u00eda de hoy est\u00e1 publicado el dictamen, y yo reto ahorita a que me ense\u00f1e alguien que est\u00e9 publicado en la Gaceta y que sea de escrutinio p\u00fablico para organizaciones defensoras de derechos humanos, para organizaciones de v\u00edctimas, para especialistas en seguridad, para la sociedad, el expediente de cada uno de los nombramientos que van a hacer\u201d.<\/p>\n<p>El legislador independiente Emilio \u00c1lvarez Icaza dio la raz\u00f3n al senador panista al exponer una decena de expedientes de los mandos del Ej\u00e9rcito y la Marina recomendados para obtener un ascenso que est\u00e1n sujetos a denuncias judiciales o que desempe\u00f1an otros cargos en dependencias federales o de gobiernos estatales y municipales.<\/p>\n<p>\u201cS\u00f3lo menciono estos ejemplos del tipo de informaci\u00f3n que deber\u00edamos estar discutiendo y deliberando y estos candidatos a ascenso nos tendr\u00edan que estar aclarando y que tendr\u00edamos que estar como \u00f3rgano de Estado revisando. No lo estamos haciendo en el proceso debido, no es un ataque particular a persona alguna, el procedimiento no es correcto y no debe entenderse que la revisi\u00f3n y la rendici\u00f3n de cuentas a las Fuerzas Armadas es falta de respeto.<\/p>\n<p>\u201cNo debe entenderse que no considerar, en autom\u00e1tico los ascensos, es un agravio, para eso es la normalidad democr\u00e1tica, las fuerzas armadas son parte de las instituciones de la democracia\u201d, remat\u00f3 el senador independiente.<\/p>\n<p>Por su parte, la senadora de Morena, presidenta de la Comisi\u00f3n de Igualdad de G\u00e9nero, Luc\u00eda Micher Camarena, anunci\u00f3 que se abstendr\u00eda porque no se trata por igual a las mujeres integrantes de las fuerzas armadas, pero a final de cuentas, vot\u00f3 a favor como la gran mayor\u00eda de los senadores, con los consabidos reconocimientos a las fuerzas armadas.<\/p>\n<p><em><a href=\"mailto:riparcangel@hotmail.com\" target=\"_blank\" rel=\"noopener noreferrer\">riparcangel@hotmail.com<\/a><\/em><\/p>\n","protected":false},"excerpt":{"rendered":"<p><span style=\"color: #005497;\"><strong>Miguel \u00c1ngel Rivera<\/strong><\/span<\/span><\/p>\n","protected":false},"author":3,"featured_media":0,"comment_status":"open","ping_status":"open","sticky":false,"template":"","format":"standard","meta":{"_monsterinsights_skip_tracking":false,"_monsterinsights_sitenote_active":false,"_monsterinsights_sitenote_note":"","_monsterinsights_sitenote_category":0,"footnotes":""},"categories":[84119],"tags":[84120,84121,43674],"class_list":["post-566037","post","type-post","status-publish","format-standard","hentry","category-miguel-angel-rivera","tag-clase-politica","tag-miguel-angel-rivera","tag-opinion"],"_links":{"self":[{"href":"https:\/\/www.diarioimagen.net\/index.php?rest_route=\/wp\/v2\/posts\/566037","targetHints":{"allow":["GET"]}}],"collection":[{"href":"https:\/\/www.diarioimagen.net\/index.php?rest_route=\/wp\/v2\/posts"}],"about":[{"href":"https:\/\/www.diarioimagen.net\/index.php?rest_route=\/wp\/v2\/types\/post"}],"author":[{"embeddable":true,"href":"https:\/\/www.diarioimagen.net\/index.php?rest_route=\/wp\/v2\/users\/3"}],"replies":[{"embeddable":true,"href":"https:\/\/www.diarioimagen.net\/index.php?rest_route=%2Fwp%2Fv2%2Fcomments&post=566037"}],"version-history":[{"count":0,"href":"https:\/\/www.diarioimagen.net\/index.php?rest_route=\/wp\/v2\/posts\/566037\/revisions"}],"wp:attachment":[{"href":"https:\/\/www.diarioimagen.net\/index.php?rest_route=%2Fwp%2Fv2%2Fmedia&parent=566037"}],"wp:term":[{"taxonomy":"category","embeddable":true,"href":"https:\/\/www.diarioimagen.net\/index.php?rest_route=%2Fwp%2Fv2%2Fcategories&post=566037"},{"taxonomy":"post_tag","embeddable":true,"href":"https:\/\/www.diarioimagen.net\/index.php?rest_route=%2Fwp%2Fv2%2Ftags&post=566037"}],"curies":[{"name":"wp","href":"https:\/\/api.w.org\/{rel}","templated":true}]}}