{"id":566066,"date":"2022-11-18T00:01:55","date_gmt":"2022-11-18T06:01:55","guid":{"rendered":"https:\/\/www.diarioimagen.net\/?p=566066"},"modified":"2022-11-21T00:17:22","modified_gmt":"2022-11-21T06:17:22","slug":"ya-cumplimos-88-5-de-las-metas-programadas-para-el-ano-2025-magistrado-rafael-guerra-alvarez","status":"publish","type":"post","link":"https:\/\/www.diarioimagen.net\/?p=566066","title":{"rendered":"Ya cumplimos 88.5% de las metas programadas para el a\u00f1o 2025: magistrado Rafael Guerra \u00c1lvarez"},"content":{"rendered":"<p>&nbsp;<\/p>\n<ul>\n<li><strong><em>El presidente del PJCDMX rinde su Primer Informe de Labores 2022 de su segundo periodo de gesti\u00f3n<\/em><\/strong><\/li>\n<\/ul>\n<p>&nbsp;<\/p>\n<div id=\"attachment_566097\" style=\"width: 470px\" class=\"wp-caption aligncenter\"><img loading=\"lazy\" decoding=\"async\" aria-describedby=\"caption-attachment-566097\" class=\"wp-image-566097 size-full\" src=\"https:\/\/www.diarioimagen.net\/wp-content\/uploads\/2022\/11\/tribunal-6.jpg\" alt=\"\" width=\"460\" height=\"270\" \/><p id=\"caption-attachment-566097\" class=\"wp-caption-text\">\u201cPromover la igualdad sustantiva y combatir la violencia contra la mujer es la causa social m\u00e1s importante de nuestro tiempo. Y para emprender esta revoluci\u00f3n, hemos volcado nuestros mayores recursos y esfuerzos\u201d, asever\u00f3 el mag. Guerra \u00c1lvarez.<\/p><\/div>\n<p>&nbsp;<\/p>\n<p>Durante su Primer Informe de Labores de su segundo periodo de gesti\u00f3n como presidente del Poder Judicial de la Ciudad de M\u00e9xico, el magistrado Rafael Guerra \u00c1lvarez, dijo en sesi\u00f3n p\u00fablica de los plenos de magistrados y de consejeros de la Judicatura local que cumplieron 88.5 por ciento de las metas programadas para el a\u00f1o 2025. \u201cJuntos seguiremos trabajando para lograr los objetivos\u201d.<\/p>\n<p>En 2022, el n\u00famero total de asuntos concluidos en los \u00f3rganos jurisdiccionales de primera instancia fue de 164,105:<\/p>\n<p>Penal: 28,386<br \/>\nCivil: 97,237<br \/>\nFamiliar: 38,449<br \/>\nTutela: 33<br \/>\nLaboral: 0<\/p>\n<p>En el a\u00f1o 2022, se registraron un total de 30,195 juicios iniciados en la materia Penal Oral y fueron concluidos 28,376 juicios.<\/p>\n<p>Se llevaron a cabo 104,048 audiencias que equivalen a 2,001 realizados por semana, 4,336 a la quincena y 8,672 al mes.<\/p>\n<p style=\"text-align: center;\"><strong>Capacitaciones<\/strong><\/p>\n<p>9,804 personas servidoras del Poder Judicial de la Ciudad de M\u00e9xico se capacitaron en temas relativos a derechos humanos y perspectiva de g\u00e9nero.<\/p>\n<p>Del total de personal en el Poder Judicial de la CDMX, est\u00e1 conformado por 10,726 personas, de la cuales 5,907 son mujeres y 4,819 son hombres.<\/p>\n<p style=\"text-align: center;\"><strong>Modelo de Gesti\u00f3n Judicial<\/strong><\/p>\n<p>A partir del mes de julio entr\u00f3 en operaci\u00f3n el nuevo Modelo de Gesti\u00f3n Judicial en materia penal, con cuatro Unidades de Gesti\u00f3n Judicial tipo 2 y dos Unidades de Gesti\u00f3n Judicial Especializadas en Ejecuci\u00f3n de Sanciones Penales tipo 2.<\/p>\n<p style=\"text-align: center;\"><strong>Modelo de Gesti\u00f3n Judicial<\/strong><\/p>\n<p>A partir del mes de julio entr\u00f3 en operaci\u00f3n el nuevo Modelo de Gesti\u00f3n Judicial en materia penal, con cuatro Unidades de Gesti\u00f3n Judicial tipo 2 y dos Unidades de Gesti\u00f3n Judicial Especializadas en Ejecuci\u00f3n de Sanciones Penales tipo 2.<\/p>\n<p style=\"text-align: center;\"><strong>Convenios de colaboraci\u00f3n<\/strong><\/p>\n<p>Para fortalecer los Medios Alternativos de Soluci\u00f3n de Conflictos, el Poder Judicial de la Ciudad de M\u00e9xico firm\u00f3 dos convenios de colaboraci\u00f3n, uno con el Colegio de Notarios de la Ciudad de M\u00e9xico y otro m\u00e1s con la Universidad Nacional Aut\u00f3noma de M\u00e9xico.<\/p>\n<p style=\"text-align: center;\"><strong>Gu\u00edas Judiciales<\/strong><\/p>\n<p>Se llev\u00f3 a cabo la prestaci\u00f3n de los documentos: Gu\u00edas para la Valoraci\u00f3n Judicial en la Prueba Pericial; Gu\u00edas Judiciales para la Conducci\u00f3n de Audiencias en el Poder Judicial de la Ciudad de M\u00e9xico, y Gu\u00edas Judiciales para la Valoraci\u00f3n Pericial, todos ellos elaborados en coordinaci\u00f3n con distintas instancias, incluidas agencias del Gobierno de los Estados Unidos de Norteam\u00e9rica.<\/p>\n<p style=\"text-align: center;\"><strong>Sentencias de versi\u00f3n p\u00fablica<\/strong><\/p>\n<p>En cumplimiento a la Ley de Transparencia, Acceso a la Informaci\u00f3n P\u00fablica y Rendici\u00f3n de Cuentas, a la fecha se han publicado 97,465 sentencias en versi\u00f3n p\u00fablica, que fueron emitidas por los \u00d3rganos Jurisdiccionales del Tribunal Superior de Justicia.<\/p>\n<p style=\"text-align: center;\"><strong>Acreditaci\u00f3n en pr\u00e1ctica de necropsia<\/strong><\/p>\n<p>El Instituto de Servicios Periciales y Ciencias Forenses del Poder Judicial de la Ciudad de M\u00e9xico obtuvo la acreditaci\u00f3n de su pr\u00e1ctica de necropsias bajo la norma ISO\/IEC 17020:20212, por lo que es la primera instituci\u00f3n en su g\u00e9nero, a nivel nacional, en obtener una doble acreditaci\u00f3n en dichos procedimientos.<\/p>\n<p style=\"text-align: center;\"><strong>Puesto de Mando<\/strong><\/p>\n<p>Se constituy\u00f3 el Puesto de Mando del Poder Judicial, y se han realizado revisiones minuciosas de cada uno de los 36 inmuebles para determinar la seguridad ante riesgos estructurales previo al reingreso de labores.<\/p>\n<p style=\"text-align: center;\"><strong>Manuales de organizaci\u00f3n<\/strong><\/p>\n<p>Se llev\u00f3 a cabo una campa\u00f1a masiva de difusi\u00f3n de los Manuales de Organizaci\u00f3n y de Procedimientos tanto de \u00e1reas jurisdiccionales como de las administrativas y de apoyo judicial a efecto de que los servidores p\u00fablicos identifiquen debidamente sus procesos y funciones.<\/p>\n<p>Cumplimos 88.5 por ciento de las metas programadas para el a\u00f1o 2025. Juntos seguiremos trabajando para lograr los objetivos: Rafael Guerra \u00c1lvarez.<\/p>\n","protected":false},"excerpt":{"rendered":"<p>Durante su Primer Informe de Labores de su segundo periodo de gesti\u00f3n como presidente del Poder Judicial de la Ciudad de M\u00e9xico, el magistrado Rafael Guerra \u00c1lvarez, dijo en sesi\u00f3n p\u00fablica de los plenos de magistrados y de consejeros de la Judicatura local que cumplieron 88.5 por ciento de las metas programadas para el a\u00f1o 2025. \u201cJuntos seguiremos trabajando para lograr los objetivos\u201d.<\/p>\n","protected":false},"author":3,"featured_media":566097,"comment_status":"open","ping_status":"open","sticky":false,"template":"","format":"standard","meta":{"_monsterinsights_skip_tracking":false,"_monsterinsights_sitenote_active":false,"_monsterinsights_sitenote_note":"","_monsterinsights_sitenote_category":0,"footnotes":""},"categories":[6],"tags":[34444,15637,79994],"class_list":["post-566066","post","type-post","status-publish","format-standard","has-post-thumbnail","hentry","category-cd-de-mexico","tag-cdmx","tag-informe","tag-rafael-guerra-alvarez"],"_links":{"self":[{"href":"https:\/\/www.diarioimagen.net\/index.php?rest_route=\/wp\/v2\/posts\/566066","targetHints":{"allow":["GET"]}}],"collection":[{"href":"https:\/\/www.diarioimagen.net\/index.php?rest_route=\/wp\/v2\/posts"}],"about":[{"href":"https:\/\/www.diarioimagen.net\/index.php?rest_route=\/wp\/v2\/types\/post"}],"author":[{"embeddable":true,"href":"https:\/\/www.diarioimagen.net\/index.php?rest_route=\/wp\/v2\/users\/3"}],"replies":[{"embeddable":true,"href":"https:\/\/www.diarioimagen.net\/index.php?rest_route=%2Fwp%2Fv2%2Fcomments&post=566066"}],"version-history":[{"count":0,"href":"https:\/\/www.diarioimagen.net\/index.php?rest_route=\/wp\/v2\/posts\/566066\/revisions"}],"wp:featuredmedia":[{"embeddable":true,"href":"https:\/\/www.diarioimagen.net\/index.php?rest_route=\/wp\/v2\/media\/566097"}],"wp:attachment":[{"href":"https:\/\/www.diarioimagen.net\/index.php?rest_route=%2Fwp%2Fv2%2Fmedia&parent=566066"}],"wp:term":[{"taxonomy":"category","embeddable":true,"href":"https:\/\/www.diarioimagen.net\/index.php?rest_route=%2Fwp%2Fv2%2Fcategories&post=566066"},{"taxonomy":"post_tag","embeddable":true,"href":"https:\/\/www.diarioimagen.net\/index.php?rest_route=%2Fwp%2Fv2%2Ftags&post=566066"}],"curies":[{"name":"wp","href":"https:\/\/api.w.org\/{rel}","templated":true}]}}