{"id":566071,"date":"2022-11-18T00:01:20","date_gmt":"2022-11-18T06:01:20","guid":{"rendered":"https:\/\/www.diarioimagen.net\/?p=566071"},"modified":"2022-11-18T04:24:10","modified_gmt":"2022-11-18T10:24:10","slug":"vamos-a-demostrar-de-que-estamos-hechos-los-priistas-alejandra-del-moral-vela","status":"publish","type":"post","link":"https:\/\/www.diarioimagen.net\/?p=566071","title":{"rendered":"Vamos a demostrar de qu\u00e9 estamos hechos los priistas: Alejandra Del Moral Vela"},"content":{"rendered":"<p>&nbsp;<\/p>\n<ul>\n<li><em><strong>En busca de una alianza con los mexiquenses<\/strong><\/em><\/li>\n<\/ul>\n<p><strong>\u00a0<\/strong><\/p>\n<h6>Arturo Baena<\/h6>\n<p>&nbsp;<\/p>\n<div id=\"attachment_566133\" style=\"width: 310px\" class=\"wp-caption alignright\"><img loading=\"lazy\" decoding=\"async\" aria-describedby=\"caption-attachment-566133\" class=\"wp-image-566133\" src=\"https:\/\/www.diarioimagen.net\/wp-content\/uploads\/2022\/11\/vamos-a-demostrar.jpg\" alt=\"\" width=\"300\" height=\"176\" \/><p id=\"caption-attachment-566133\" class=\"wp-caption-text\">Alejandra Del Moral Vela, Coordinadora por la Defensa del Estado de M\u00e9xico, asegura que se preparan para la madre de todas las batallas electorales en la entidad.<\/p><\/div>\n<p><strong>Valle de M\u00e9xico.\u2014<\/strong> Lleg\u00f3 la hora de demostrar de qu\u00e9 est\u00e1n hechos los priistas mexiquenses, quienes caminar\u00e1n todo el territorio estatal, ya que nadie conoce mejor la entidad que los militantes del Partido Revolucionario Institucional (PRI).<\/p>\n<p>Afirm\u00f3 lo anterior, Alejandra Del Moral Vela, Coordinadora por la Defensa del Estado de M\u00e9xico, luego de asegurar que se aproxima la madre de todas las batallas electorales en la entidad mexiquense.<\/p>\n<p>\u201cAs\u00ed es que, compa\u00f1eras y compa\u00f1eros priistas, lleg\u00f3 la hora, lleg\u00f3 la hora de demostrar de qu\u00e9 estamos hechos los priistas mexiquenses, lleg\u00f3 la hora de demostrar, nuevamente, de qu\u00e9 cuero salen m\u00e1s correas\u201d, enfatiz\u00f3.<\/p>\n<p>Alejandra Del Moral afirm\u00f3 que su encomienda al frente de la Coordinaci\u00f3n por la Defensa del Estado de M\u00e9xico la entiende como un reconocimiento a la base militante del priismo mexiquense, la cual la ha hecho crecer en pol\u00edtica y la alienta, adem\u00e1s de ense\u00f1arle a caminar las calles.<\/p>\n<p>Sostuvo que el PRI debe recorrer los 125 municipios mexiquenses y estar cerca de los Comit\u00e9s Seccionales, as\u00ed como construir una alianza con la sociedad civil.<\/p>\n<p>\u201cUstedes me ense\u00f1aron, los priistas, que cuando m\u00e1s dif\u00edcil se pone, es cuando m\u00e1s demostramos de qu\u00e9 estamos hechos. Que no hay crisis que aguante cuando estamos determinados a ganar\u201d, puntualiz\u00f3.<\/p>\n","protected":false},"excerpt":{"rendered":"<p>Lleg\u00f3 la hora de demostrar de qu\u00e9 est\u00e1n hechos los priistas mexiquenses, quienes caminar\u00e1n todo el territorio estatal, ya que nadie conoce mejor la entidad que los militantes del Partido Revolucionario Institucional (PRI).<\/p>\n","protected":false},"author":3,"featured_media":566133,"comment_status":"open","ping_status":"open","sticky":false,"template":"","format":"standard","meta":{"_monsterinsights_skip_tracking":false,"_monsterinsights_sitenote_active":false,"_monsterinsights_sitenote_note":"","_monsterinsights_sitenote_category":0,"footnotes":""},"categories":[5],"tags":[2833,96833,362],"class_list":["post-566071","post","type-post","status-publish","format-standard","has-post-thumbnail","hentry","category-estado-de-mexico","tag-alejandra-del-moral-vela","tag-demostrar","tag-pri"],"_links":{"self":[{"href":"https:\/\/www.diarioimagen.net\/index.php?rest_route=\/wp\/v2\/posts\/566071","targetHints":{"allow":["GET"]}}],"collection":[{"href":"https:\/\/www.diarioimagen.net\/index.php?rest_route=\/wp\/v2\/posts"}],"about":[{"href":"https:\/\/www.diarioimagen.net\/index.php?rest_route=\/wp\/v2\/types\/post"}],"author":[{"embeddable":true,"href":"https:\/\/www.diarioimagen.net\/index.php?rest_route=\/wp\/v2\/users\/3"}],"replies":[{"embeddable":true,"href":"https:\/\/www.diarioimagen.net\/index.php?rest_route=%2Fwp%2Fv2%2Fcomments&post=566071"}],"version-history":[{"count":0,"href":"https:\/\/www.diarioimagen.net\/index.php?rest_route=\/wp\/v2\/posts\/566071\/revisions"}],"wp:featuredmedia":[{"embeddable":true,"href":"https:\/\/www.diarioimagen.net\/index.php?rest_route=\/wp\/v2\/media\/566133"}],"wp:attachment":[{"href":"https:\/\/www.diarioimagen.net\/index.php?rest_route=%2Fwp%2Fv2%2Fmedia&parent=566071"}],"wp:term":[{"taxonomy":"category","embeddable":true,"href":"https:\/\/www.diarioimagen.net\/index.php?rest_route=%2Fwp%2Fv2%2Fcategories&post=566071"},{"taxonomy":"post_tag","embeddable":true,"href":"https:\/\/www.diarioimagen.net\/index.php?rest_route=%2Fwp%2Fv2%2Ftags&post=566071"}],"curies":[{"name":"wp","href":"https:\/\/api.w.org\/{rel}","templated":true}]}}