{"id":566081,"date":"2022-11-18T00:01:22","date_gmt":"2022-11-18T06:01:22","guid":{"rendered":"https:\/\/www.diarioimagen.net\/?p=566081"},"modified":"2022-11-21T00:26:47","modified_gmt":"2022-11-21T06:26:47","slug":"choferes-de-uber-en-quintana-roo-exigen-acabar-con-agresiones-por-parte-de-taxistas","status":"publish","type":"post","link":"https:\/\/www.diarioimagen.net\/?p=566081","title":{"rendered":"Choferes de Uber en Quintana Roo, exigen acabar agresiones por parte de taxistas"},"content":{"rendered":"<h2>Derecho de r\u00e9plica<\/h2>\n<h5>Jos\u00e9 Luis Monta\u00f1ez<\/h5>\n<p>&nbsp;<\/p>\n<ul>\n<li><strong><em>Denuncian que autoridades estatales y de Canc\u00fan no les hacen caso<\/em><\/strong><\/li>\n<\/ul>\n<p>&nbsp;<\/p>\n<div id=\"attachment_566105\" style=\"width: 470px\" class=\"wp-caption aligncenter\"><img loading=\"lazy\" decoding=\"async\" aria-describedby=\"caption-attachment-566105\" class=\"size-full wp-image-566105\" src=\"https:\/\/www.diarioimagen.net\/wp-content\/uploads\/2022\/11\/DerechoUber.jpg\" alt=\"\" width=\"460\" height=\"270\" \/><p id=\"caption-attachment-566105\" class=\"wp-caption-text\">Operadores de Uber en Canc\u00fan exigen acabar con las agresiones que sufren por parte de los taxistas.<\/p><\/div>\n<p>&nbsp;<\/p>\n<p>Operadores de Uber en Canc\u00fan denunciaron que dependencias estatales y de Benito Ju\u00e1rez han hecho caso omiso de sus demandas, al no impedir las agresiones que se han dado en su contra por parte de taxistas. Aseguran que han buscado un encuentro con las autoridades correspondientes, pero hasta el cierre de esta edici\u00f3n no hab\u00edan sido atendidos.<\/p>\n<p>La vocera de conductores de Uber en Canc\u00fan, \u00c1gueda Esperilla, afirma que han tratado de reunirse con la presidenta municipal, Ana Patricia Peralta, y con autoridades de Movilidad, pero no han tenido respuesta, mientras que las agresiones contin\u00faan todos los d\u00edas.<\/p>\n<p>En ese mismo sentido, a\u00f1adi\u00f3: \u201cNosotros lo \u00fanico que queremos es que no nos molesten, que nos dejen trabajar en paz, no le hacemos da\u00f1o a nadie, tenemos un amparo para poder operar, queremos que las autoridades frenen a los taxistas que tienen secuestrado a Canc\u00fan, afectan a los habitantes y a los turistas, es por ello que debemos alzar la voz\u201d, asever\u00f3.<\/p>\n<p>Y si bien, han tenido mesas de di\u00e1logo entre transportistas, Esperilla asegura que los operadores de Uber no han sido incluidos, raz\u00f3n por la que insisten en negociar, pues las agresiones han escalado a un grado en que salir a trabajar, les representa arriesgar su vida. \u201cEn cualquier momento se puede afectar a los turistas y dejar una mala imagen del destino, lo que repercute en la derrama econ\u00f3mica del estado\u201d, asegur\u00f3.<\/p>\n<p style=\"text-align: center;\"><strong>Son excluidos de las mesas de di\u00e1logo<\/strong><\/p>\n<p>En ese marco, insiste: \u201cSabemos que hay mesas de trabajo en donde se est\u00e1 hablando de los transportistas y taxistas, de la movilidad de Canc\u00fan, pero no somos incluidos, se debe de frenar la violencia en todas sus formas, contra todos, ya no queremos laborar as\u00ed, porque todos los d\u00edas recibimos este tipo de agresiones\u201d.<\/p>\n<p>Los operadores de Uber adelantaron que van a enviar una carta al presidente Andr\u00e9s Manuel L\u00f3pez Obrador a fin de enterarlo sobre la violencia que enfrentan en su trabajo, pues argumentan que lo \u00fanico que buscan es ganarse el pan como todos.<\/p>\n<p>Hay que recordar que el pasado 27 de octubre, un operador de Uber denunci\u00f3 c\u00f3mo los taxistas de la zona hotelera lo agredieron por estar operando en la zona, motivo por el que tuvieron que intervenir los elementos de la Polic\u00eda.<\/p>\n<p>La vocera \u00c1gueda Esperilla, concluy\u00f3: \u201cNo vamos a descansar hasta ser escuchados, somos much\u00edsimos conductores los afectados, no queremos que nos dejen solos contra los taxistas, que son delincuentes, no est\u00e1n regulados y se la pasan espantando a gente, estamos hartos\u201d.<\/p>\n<p style=\"text-align: center;\"><strong>Exigen regulaci\u00f3n del servicio de la plataforma<\/strong><\/p>\n<p>Por su parte, el Sindicato de Taxistas Andr\u00e9s Quintana Roo hizo un llamado al Instituto de Movilidad del Estado (lmoveqroo) a fin de que regulen a las aplicaciones digitales de transporte como Uber, pues argumentaron que ellos ofrecen un servicio en Canc\u00fan sin tener\u00a0 permiso oficial.<\/p>\n<p>En este marco, aseguran que ese tipo de transporte es una competencia desleal y aunque no es motivo para justificar los actos de violencia en su contra, los taxistas aseguran que si Uber est\u00e1 en igualdad de condiciones que ellos, seguramente los conflictos cesar\u00edan.<\/p>\n<p>El dirigente de los taxistas, Heriberto N\u00fa\u00f1ez Cauich, explic\u00f3 que sostuvieron una reuni\u00f3n los coordinadores y representantes de los sitios de taxis habilitados en la zona hotelera y en el Centro, a fin de acordar y crear un frente en com\u00fan, con el que exigir\u00e1n a la autoridad correspondiente que se aplique la ley en igualdad para las plataformas como Uber y no dejar en desventaja a los ruleteros.<\/p>\n<p>\u201cHemos estado presionando a las autoridades para que act\u00faen contra las aplicaciones ilegales, como es el caso de Uber, que sigue prestando el servicio de transporte p\u00fablico impunemente y al margen de la Ley\u201d, asever\u00f3 el l\u00edder taxista.<\/p>\n<p>Y asegur\u00f3 que Uber nunca ha actuado conforme la ley en Canc\u00fan, ya que no han ganado amparos, ni mucho menos tienen el consentimiento de las autoridades para operar en esta ciudad, aun as\u00ed, siguen ofreciendo sus servicios, lo que dice, es una gran afectaci\u00f3n a su gremio que cumple con todas las exigencias y tr\u00e1mites de acuerdo a la ley de movilidad.<\/p>\n<p style=\"text-align: center;\"><strong>Mayor presencia militar en Canc\u00fan, Playa del Carmen y Tulum <\/strong><\/p>\n<p>Con el fin de garantizar una vida tranquila a los ciudadanos locales, pero tambi\u00e9n una estad\u00eda en paz para los miles de turistas que llegan a los diferentes destinos de Quintana Roo, se inform\u00f3 que se ha reforzado la presencia militar en puntos estrat\u00e9gicos, donde los elementos de Sedena, Semar y otras corporaciones coadyuvan sus esfuerzos con la finalidad de tener un estado seguro.<\/p>\n<p>En este escenario, el Comandante de la 34 Zona Militar en el estado, H\u00e9ctor Jim\u00e9nez Aldana, declar\u00f3 que los municipios de Benito Ju\u00e1rez (Canc\u00fan), Solidaridad (Playa del Carmen) y Tulum son los que cuentan con el mayor despliegue de efectivos militares en la entidad, lo anterior como consecuencia directa de los \u00edndices delictivos que los afectan.<\/p>\n<p>A decir de la publicaci\u00f3n de Infoqroo, Jim\u00e9nez Aldana aclar\u00f3 que en efecto existe mayor presencia militar en los tres municipios antes mencionados, no obstante, el Ej\u00e9rcito Mexicano se encarga de trabajar en la seguridad de todo el territorio quintanarroense.<\/p>\n<p>Asimismo, justific\u00f3 que los efectivos mantienen un despliegue constante en diversos puntos, porque han sido considerados vulnerables ante la delincuencia que tuvo un avance importante. \u201cMantenemos un despliegue en zonas vulnerables y tenemos unidades que constantemente patrullan esas \u00e1reas. Los principales aseguramientos que hemos tenido son en el recale, los famosos paquetes que se lanzan al mar y se localizan\u201d, asever\u00f3.<\/p>\n<p>Asegura que la Secretar\u00eda de la Defensa Nacional (Sedena), trabaja bajo un esquema operativo en coordinaci\u00f3n con el gobierno del estado, autoridades civiles y la Secretar\u00eda de Marina (Semar), con quienes se montan operativos y otras estrategias para mantener el despliegue en las \u201czonas vulnerables\u201d, a las que se suman unidades que patrullan estas \u00e1reas, en busca de prevenir e inhibir cualquier tipo de delito.<\/p>\n<p>Aunque no aclar\u00f3 si a futuro podr\u00edan reforzar con a\u00fan m\u00e1s elementos, dijo que \u201cs\u00f3lo existen elementos suficientes incorporados al Batall\u00f3n de Canc\u00fan, Regimiento de Caballer\u00eda y las Guarniciones Militares, todas ubicadas en Quintana Roo y que trabajan en conjunto\u201d.<\/p>\n<p>En cuanto a la presunta presencia de alguna \u201cnarco avioneta\u201d en la entidad, aclar\u00f3 que no recibieron reportes al respecto, sin embargo, no descarta que ese tipo de situaciones ocurran, pues con la presencia militar es muy es dif\u00edcil realizar el trasiego de droga por carretera y ahora los narcotraficantes optan por el aire o el mar, situaciones en las que afirm\u00f3 ya se encuentran trabajando.<\/p>\n<p><em>Escr\u00edbame a mi mail: <a href=\"mailto:montanezaguilar@gmail.com\" target=\"_blank\" rel=\"noopener noreferrer\">montanezaguilar@gmail.com<\/a><\/em><\/p>\n","protected":false},"excerpt":{"rendered":"<p><span style=\"color: #005497;\"><strong>Jos\u00e9 Luis Monta\u00f1ez<\/strong><\/span><br \/>\n<br \/>\nOperadores de Uber en Canc\u00fan denunciaron que dependencias estatales y de Benito Ju\u00e1rez han hecho caso omiso de sus demandas, al no impedir las agresiones que se han dado en su contra por parte de taxistas. Aseguran que han buscado un encuentro con las autoridades correspondientes, pero hasta el cierre de esta edici\u00f3n no hab\u00edan sido atendidos.<\/p>\n","protected":false},"author":3,"featured_media":566105,"comment_status":"open","ping_status":"open","sticky":false,"template":"","format":"standard","meta":{"_monsterinsights_skip_tracking":false,"_monsterinsights_sitenote_active":false,"_monsterinsights_sitenote_note":"","_monsterinsights_sitenote_category":0,"footnotes":""},"categories":[11622,25512],"tags":[47840,54579,43674],"class_list":["post-566081","post","type-post","status-publish","format-standard","has-post-thumbnail","hentry","category-jose-luis-montanez-aguilar","category-nacional-nacional","tag-derecho-de-replica","tag-jose-luis-montanez","tag-opinion"],"_links":{"self":[{"href":"https:\/\/www.diarioimagen.net\/index.php?rest_route=\/wp\/v2\/posts\/566081","targetHints":{"allow":["GET"]}}],"collection":[{"href":"https:\/\/www.diarioimagen.net\/index.php?rest_route=\/wp\/v2\/posts"}],"about":[{"href":"https:\/\/www.diarioimagen.net\/index.php?rest_route=\/wp\/v2\/types\/post"}],"author":[{"embeddable":true,"href":"https:\/\/www.diarioimagen.net\/index.php?rest_route=\/wp\/v2\/users\/3"}],"replies":[{"embeddable":true,"href":"https:\/\/www.diarioimagen.net\/index.php?rest_route=%2Fwp%2Fv2%2Fcomments&post=566081"}],"version-history":[{"count":0,"href":"https:\/\/www.diarioimagen.net\/index.php?rest_route=\/wp\/v2\/posts\/566081\/revisions"}],"wp:featuredmedia":[{"embeddable":true,"href":"https:\/\/www.diarioimagen.net\/index.php?rest_route=\/wp\/v2\/media\/566105"}],"wp:attachment":[{"href":"https:\/\/www.diarioimagen.net\/index.php?rest_route=%2Fwp%2Fv2%2Fmedia&parent=566081"}],"wp:term":[{"taxonomy":"category","embeddable":true,"href":"https:\/\/www.diarioimagen.net\/index.php?rest_route=%2Fwp%2Fv2%2Fcategories&post=566081"},{"taxonomy":"post_tag","embeddable":true,"href":"https:\/\/www.diarioimagen.net\/index.php?rest_route=%2Fwp%2Fv2%2Ftags&post=566081"}],"curies":[{"name":"wp","href":"https:\/\/api.w.org\/{rel}","templated":true}]}}