{"id":566093,"date":"2022-11-18T00:15:00","date_gmt":"2022-11-18T06:15:00","guid":{"rendered":"https:\/\/www.diarioimagen.net\/?p=566093"},"modified":"2022-11-18T03:52:17","modified_gmt":"2022-11-18T09:52:17","slug":"urge-un-plan-b-contra-el-hartazgo-social","status":"publish","type":"post","link":"https:\/\/www.diarioimagen.net\/?p=566093","title":{"rendered":"Urge un \u201cplan B\u201d contra el hartazgo social"},"content":{"rendered":"<h2>Por la Derecha..!<\/h2>\n<h5>Luis \u00c1ngel Garc\u00eda<\/h5>\n<p>&nbsp;<\/p>\n<p>Les tomaron las calles, se apoder\u00f3 la sociedad civil de lo que parec\u00eda patrimonio exclusivo de la 4T. Paseo de la Reforma no se ve\u00eda a reventar de gente desde la marcha ciudadana por la paz y contra el gobierno capitalino de Andr\u00e9s Manuel L\u00f3pez Obrador por la inseguridad en 2004. Miles de mexicanos hicieron suya la principal avenida de la CDMX, manifestaci\u00f3n pac\u00edfica y ordenada en apoyo al INE, reh\u00e9n ahora hasta de intentonas reeleccionistas, el cual corre el riesgo de ser convertido en un remedo de la Comisi\u00f3n Federal Electoral, ap\u00e9ndice de la Secretar\u00eda de Gobernaci\u00f3n que organizaba y manipulaba los comicios durante el priato.<\/p>\n<p>De prosperar la reforma electoral de la 4T, habr\u00eda un retroceso de m\u00e1s de cuarenta a\u00f1os en la vida democr\u00e1tica del pa\u00eds, regresar\u00eda el control absoluto del partido en el poder y el recuento de votos dar\u00eda siempre el triunfo a los candidatos oficiales, habr\u00eda gobiernos de carro completo. Un INE \u201ccarnal\u201d, un \u00e1rbitro electoral a modo despertar\u00eda la ambici\u00f3n reeleccionista de este y futuros mandatarios. Es un secreto a voces el deseo presidencial -ante la flacura de su caballada o de sus \u201ccorcholatas\u201d-, de mantenerse en el cargo dos a\u00f1os m\u00e1s para consolidar su proyecto pol\u00edtico o cristalizar la propuesta morenista de reducir el periodo del Ejecutivo a cuatro a\u00f1os con la posibilidad de una reelecci\u00f3n. En cualquiera de los casos, los de la 4T estar\u00edan ocho a\u00f1os en el poder.<\/p>\n<p>Pero la gente dijo \u00a1Basta!, no s\u00f3lo al atentado contra el \u00f3rgano constitucional aut\u00f3nomo, sino al proyecto pol\u00edtico de la 4T. Los manifestantes &#8211; dis\u00edmiles, de todos los estratos sociales, sin filiaci\u00f3n partidista-, exigieron, como una sola voz, la garant\u00eda de elecciones libres, respeto al actual r\u00e9gimen legal y al voto, porque por el desencanto social, el electorado busca de nueva cuenta la alternancia en el gobierno, y as\u00ed como por hartazgo sac\u00f3 al PRI de Los Pinos, lo mismo puede sacar de Palacio Nacional a Morena. Mucha de la gente que sufrag\u00f3 por la 4T en el 2018 creyeron que habr\u00eda un pa\u00eds m\u00e1s justo, m\u00e1s equitativo y se equivocaron; no quieren repetir la experiencia amarga de hace cuatro a\u00f1os y buscan otra opci\u00f3n, pero temen que la reforma pretendida por el gobierno\u00a0 haga que se perpet\u00fae el proyecto pol\u00edtico del Presidente y eso no lo permitir\u00e1n. La gente est\u00e1 desilusionada y expresa su rechazo a la 4T, el humor social no est\u00e1 con ellos. No es menor el asunto. Han sido cuatro a\u00f1os sin crecimiento econ\u00f3mico; m\u00e1s pobreza, hay cuatro millones de mexicanos en esa condici\u00f3n; un sistema de salud colapsado, al que le suman, con calzador, a la poblaci\u00f3n que atend\u00edan eficientemente el Seguro Popular; tampoco se cuenta con un esquema educativo de excelencia acad\u00e9mica y si la deserci\u00f3n de mill\u00f3n y medio de estudiantes. Mucho ha quedado a deber la 4T.<\/p>\n<p>La marcha tuvo muchos peque\u00f1os triunfos, acus\u00f3 recibo el gobierno federal y tambi\u00e9n el capitalino, hay preocupaci\u00f3n en ellos. La salida espont\u00e1nea de miles y miles a la calle se traduce no s\u00f3lo en la defensa a una instituci\u00f3n electoral, sino reprobar a todo un gobierno, demostrarle sin maquillaje su rechazo, su desencanto. Eso tiene preocupadas a las autoridades de la 4T, y con el rej\u00f3n clavado, busca f\u00f3rmulas propagand\u00edsticas para disimular sus lamentos.<\/p>\n<p>Por eso organizan una megamarcha para no parecer perdedores, quieren demostrar m\u00fasculo y decir fuimos muchos m\u00e1s que ustedes, con la diferencia de que llenar\u00e1n las calles con acarreados, con una log\u00edstica que nos costar\u00e1 a los contribuyentes traslados, comida y su lanita por el d\u00eda invertido. Urge a la 4T un \u201cplan B\u201d, pero no fallido como el anunciado por el presidente ante la moribunda reforma electoral que propuso para modificar al INE, sino para contrarrestar el hartazgo social.<\/p>\n","protected":false},"excerpt":{"rendered":"<p><span style=\"color: #005497;\"><strong>Luis \u00c1ngel Garc\u00eda<\/strong><\/span><\/p>\n","protected":false},"author":3,"featured_media":0,"comment_status":"open","ping_status":"open","sticky":false,"template":"","format":"standard","meta":{"_monsterinsights_skip_tracking":false,"_monsterinsights_sitenote_active":false,"_monsterinsights_sitenote_note":"","_monsterinsights_sitenote_category":0,"footnotes":""},"categories":[92115],"tags":[92117,43674,92116],"class_list":["post-566093","post","type-post","status-publish","format-standard","hentry","category-luis-angel-garcia","tag-luis-angel-garcia","tag-opinion","tag-por-la-derecha"],"_links":{"self":[{"href":"https:\/\/www.diarioimagen.net\/index.php?rest_route=\/wp\/v2\/posts\/566093","targetHints":{"allow":["GET"]}}],"collection":[{"href":"https:\/\/www.diarioimagen.net\/index.php?rest_route=\/wp\/v2\/posts"}],"about":[{"href":"https:\/\/www.diarioimagen.net\/index.php?rest_route=\/wp\/v2\/types\/post"}],"author":[{"embeddable":true,"href":"https:\/\/www.diarioimagen.net\/index.php?rest_route=\/wp\/v2\/users\/3"}],"replies":[{"embeddable":true,"href":"https:\/\/www.diarioimagen.net\/index.php?rest_route=%2Fwp%2Fv2%2Fcomments&post=566093"}],"version-history":[{"count":0,"href":"https:\/\/www.diarioimagen.net\/index.php?rest_route=\/wp\/v2\/posts\/566093\/revisions"}],"wp:attachment":[{"href":"https:\/\/www.diarioimagen.net\/index.php?rest_route=%2Fwp%2Fv2%2Fmedia&parent=566093"}],"wp:term":[{"taxonomy":"category","embeddable":true,"href":"https:\/\/www.diarioimagen.net\/index.php?rest_route=%2Fwp%2Fv2%2Fcategories&post=566093"},{"taxonomy":"post_tag","embeddable":true,"href":"https:\/\/www.diarioimagen.net\/index.php?rest_route=%2Fwp%2Fv2%2Ftags&post=566093"}],"curies":[{"name":"wp","href":"https:\/\/api.w.org\/{rel}","templated":true}]}}