{"id":566153,"date":"2022-11-18T00:05:46","date_gmt":"2022-11-18T06:05:46","guid":{"rendered":"https:\/\/www.diarioimagen.net\/?p=566153"},"modified":"2022-11-18T04:38:19","modified_gmt":"2022-11-18T10:38:19","slug":"ahora-la-marcha-del-presidente","status":"publish","type":"post","link":"https:\/\/www.diarioimagen.net\/?p=566153","title":{"rendered":"Ahora, la marcha del Presidente"},"content":{"rendered":"<h2>Perfil de M\u00e9xico<\/h2>\n<h5>Armando R\u00edos Ruiz<\/h5>\n<p>&nbsp;<\/p>\n<p>El Presidente anunci\u00f3 una marcha suya que no tiene sentido, si no fuera para mostrar su m\u00fasculo frente a quienes el domingo pasado llenaron Paseo de la Reforma y el Monumento a la Revoluci\u00f3n, muy\u00a0 a pesar de que las autoridades de la Ciudad de M\u00e9xico inventaron una contingencia ambiental para evitar la circulaci\u00f3n de carros; de echar andar el riego en el lugar de concentraci\u00f3n y de contratar a un grupo de provocadores que no hicieron ninguna mella.<\/p>\n<p>En lugar de ocupar su tiempo en solucionar los problemas que ha agravado en cuatro a\u00f1os, prefiere la competencia en las calles, como el rijoso del barrio que sale de casa a buscar pleito con una navaja en la mano para dizque arreglarse las u\u00f1as en una esquina, sin darse cuenta de que es el Presidente de los mexicanos y de que, por ello, su peso es infinitamente superior al de cualquiera agrupaci\u00f3n.<\/p>\n<p>Cuenta con todo el poder y con todo el dinero para hacer las manifestaciones que desee. Por eso lo retaron a que realice la que anunci\u00f3, si as\u00ed lo desea, pero sin acarreados. En este punto es tan descuidado o son tan descuidados quienes le ayudan, que estacionan las decenas de autobuses que llevan a los manifestantes a cambio de una torta, un refresco y una d\u00e1diva pecuniaria que muchas veces se queda en promesa, porque les escamotean lo ofrecido, a s\u00f3lo unas cuantas calles de Palacio Nacional y del Z\u00f3calo.<\/p>\n<p>De todas maneras, con nada podr\u00eda deslucir lo ocurrido el domingo, cuando la ciudadan\u00eda se volc\u00f3 en defensa del INE s\u00f3lo con la propaganda en las redes sociales, que no convencieron a nadie, porque la gente ya est\u00e1 convencida, de que unida puede alterar las circunstancias adversas que le presenta un aspirante a dictador, a favor de los mexicanos. Sin ofrecer nada a cambio, como las d\u00e1divas bimensuales para tener a un sector de la poblaci\u00f3n comiendo de la mano.<\/p>\n<p>S\u00f3lo era cuesti\u00f3n de conocer la fecha, para que los ciudadanos se aprestaran a acudir a ese llamado, harta de ver c\u00f3mo un solo hombre, en la Presidencia, utiliza el poder para destruir, para botar el dinero de los mexicanos en obras convertidas en un verdadero fiasco. Los mexicanos mostraron su infinita preocupaci\u00f3n por evitar que las generaciones futuras padezcan sus secuelas.<\/p>\n<p>Escogi\u00f3 el 27 de este mes para manifestarse. Fecha en que tambi\u00e9n se realizar\u00e1n otras tres marchas: Por el informe de gobierno y reforma electoral, por los desaparecidos y para pedir la renuncia del Presidente. Obviamente, entre otras razones adem\u00e1s de su intenci\u00f3n de probar que es el rey en la materia, tambi\u00e9n pretende opacar a sus adversarios. Pero adversarios fabricados por \u00e9l mismo, a fuerza de denostar diariamente a diversos sectores de la poblaci\u00f3n.<\/p>\n<p>\u00bfC\u00f3mo no se van a manifestar familiares de desaparecidos, cuando su gobierno es incapaz de mover un dedo para buscar una soluci\u00f3n a semejante problema? Hasta noviembre del a\u00f1o pasado sumaban m\u00e1s de 30 mil, con tendencia a aumentar ese n\u00famero. Estos son datos del Registro Nacional de Personas Desaparecidas, que para nada inquietan al mandatario.<\/p>\n<p>Pero adem\u00e1s pronunciar\u00e1 un informe de labores, como si deveras fuera necesario. \u00bfPara anunciar qu\u00e9? El del primero de septiembre fue insuficiente, despu\u00e9s de haber dado a conocer que en cuatro a\u00f1os no ha hecho m\u00e1s que destruir y sepultar instituciones, que anta\u00f1o daban un servicio bastante necesario. La muestra, como siempre, es la suspensi\u00f3n de medicamentos, gracias a lo cual, casi 400 mil ni\u00f1os con c\u00e1ncer han muerto.<\/p>\n<p>No le bastan sus conferencias ma\u00f1aneras, en las cuales profiere un promedio de 80 y tantas mentiras, con dizque periodistas que no conocen el oficio, a quienes les redactan por anticipado las preguntas que deben hacer, a cambio de un sueldo nada despreciable, por el \u00fanico m\u00e9rito de levantarse temprano.<\/p>\n<p>El colectivo Marea Verde, promotora de la protesta por desaparecidos, inform\u00f3 que no cambiar\u00e1 la fecha, porque la marcha fue programada hace un a\u00f1o y sospecha fundadamente, que el Presidente cambi\u00f3 la suya, del uno de diciembre al 27 del presente mes, para estropear las otras.<\/p>\n<p><a href=\"mailto:ariosruiz@gmail.com\" target=\"_blank\" rel=\"noopener noreferrer\"><em>ariosruiz@gmail.com<\/em><\/a><\/p>\n","protected":false},"excerpt":{"rendered":"<p><span style=\"color: #005497;\"><strong>Armando R\u00edos Ruiz<\/strong><\/span><\/p>\n","protected":false},"author":3,"featured_media":0,"comment_status":"open","ping_status":"open","sticky":false,"template":"","format":"standard","meta":{"_monsterinsights_skip_tracking":false,"_monsterinsights_sitenote_active":false,"_monsterinsights_sitenote_note":"","_monsterinsights_sitenote_category":0,"footnotes":""},"categories":[88405],"tags":[88407,43674,91193],"class_list":["post-566153","post","type-post","status-publish","format-standard","hentry","category-armando-rios-ruiz","tag-armando-rios-ruiz","tag-opinion","tag-perfil-de-mexico"],"_links":{"self":[{"href":"https:\/\/www.diarioimagen.net\/index.php?rest_route=\/wp\/v2\/posts\/566153","targetHints":{"allow":["GET"]}}],"collection":[{"href":"https:\/\/www.diarioimagen.net\/index.php?rest_route=\/wp\/v2\/posts"}],"about":[{"href":"https:\/\/www.diarioimagen.net\/index.php?rest_route=\/wp\/v2\/types\/post"}],"author":[{"embeddable":true,"href":"https:\/\/www.diarioimagen.net\/index.php?rest_route=\/wp\/v2\/users\/3"}],"replies":[{"embeddable":true,"href":"https:\/\/www.diarioimagen.net\/index.php?rest_route=%2Fwp%2Fv2%2Fcomments&post=566153"}],"version-history":[{"count":0,"href":"https:\/\/www.diarioimagen.net\/index.php?rest_route=\/wp\/v2\/posts\/566153\/revisions"}],"wp:attachment":[{"href":"https:\/\/www.diarioimagen.net\/index.php?rest_route=%2Fwp%2Fv2%2Fmedia&parent=566153"}],"wp:term":[{"taxonomy":"category","embeddable":true,"href":"https:\/\/www.diarioimagen.net\/index.php?rest_route=%2Fwp%2Fv2%2Fcategories&post=566153"},{"taxonomy":"post_tag","embeddable":true,"href":"https:\/\/www.diarioimagen.net\/index.php?rest_route=%2Fwp%2Fv2%2Ftags&post=566153"}],"curies":[{"name":"wp","href":"https:\/\/api.w.org\/{rel}","templated":true}]}}