{"id":566159,"date":"2022-11-18T00:03:55","date_gmt":"2022-11-18T06:03:55","guid":{"rendered":"https:\/\/www.diarioimagen.net\/?p=566159"},"modified":"2022-11-18T04:42:52","modified_gmt":"2022-11-18T10:42:52","slug":"marchas-y-desplegados-ignorados","status":"publish","type":"post","link":"https:\/\/www.diarioimagen.net\/?p=566159","title":{"rendered":"Marchas y desplegados\u2026 ignorados"},"content":{"rendered":"<h2>Espacio Electoral<\/h2>\n<h5>Eleazar Flores<\/h5>\n<p>&nbsp;<\/p>\n<p><strong>S\u00cd QUE DISTRAEN-.<\/strong> Con una marcha consumada, la de EL INE NO SE TOCA, espont\u00e1nea y gratuita en todo el pa\u00eds, y la del pr\u00f3ximo 27 del presente que encabezar\u00e1 el jefe del comando guinda, confirmando as\u00ed que s\u00f3lo gobierna para los suyos, pierden atenci\u00f3n asuntos capitales.<\/p>\n<p>El primero es el reclamo -mediante desplegado-, que los integrante de la ANUIES publicaron el 11 del presente mes denunciando disminuci\u00f3n presupuestal dr\u00e1stica para 2023, y el segundo, de los \u201cgobernadores de la 4T\u201d, anunciando la semana pasada respaldo al padre de la Cuarta Transformaci\u00f3n, seguramente en v\u00edsperas de la marcha pro INE.<\/p>\n<p>No obstante que lo de la ANUIES es m\u00e1s importante dado que el gobierno federal disminuir\u00e1 presupuestos a universidades e Instituciones de ense\u00f1anza superior para el a\u00f1o pr\u00f3ximo, empiezo por el error may\u00fasculo de los \u201cgobernadores de la 4T\u201d, tan faltos del uso correcto del idioma espa\u00f1ol, pero sobre todo, de los gobernados de sus respectivas entidades, a quienes les faltan el respeto totalmente.<\/p>\n<p>\u00bfPor qu\u00e9?, vea usted. Cuando una autoridad llega al cargo con el apoyo de tal o cual partido, al momento de ascender al poder pasa a ser gobernador, alcalde o Presidente de la Rep\u00fablica de todos los habitantes de su estado, municipio o pa\u00eds, hayan o no votado por ese candidato ahora convertido en autoridad.<\/p>\n<p>Pero como ha venido siendo ya una costumbre el mal empleo del idioma espa\u00f1ol, ninguna autoridad repara en ello, empezando por el jefe del comando guinda, que como aut\u00e9ntico dirigente de\u00a0 Movimiento de Regeneraci\u00f3n Nacional, anuncia ufano y triunfante que el pr\u00f3ximo 27 de noviembre encabezar\u00e1 otra marcha de El \u00c1ngel de la Independencia al Z\u00f3calo, seguramente para mostrar el m\u00fasculo moreno -no de \u00e9l-, a quienes piensan diferente.<\/p>\n<p>Pero da la casualidad que aquellas personas que piensan diferente tambi\u00e9n son mexicanas a quienes el mandatario deber\u00eda sentir como suyas. Aqu\u00ed empieza el divorcio que en lugar de presumir, el tabasque\u00f1o deber\u00eda evitar\u2026. pero<\/p>\n<p><strong>ANUIES-.<\/strong> La Asociaci\u00f3n Nacional de Universidades e Instituciones de Ense\u00f1anza Superior, ANUIES, agrupa a todas las universidades p\u00fablicas del pa\u00eds, a quienes empezando por la UNAM y el Polit\u00e9cnico se les acortar\u00e1n sus presupuestos para 2023 y como el predicador ma\u00f1anero no acepta que se modifiquen ni con una coma, pues tendr\u00e1n menos dinero.<\/p>\n<p>Mientras que en los \u00faltimos siete a\u00f1os se ha incrementado en un 19 por ciento la matr\u00edcula de las instituciones, sus presupuestos decrecieron en un 13.5 por ciento. En n\u00fameros se registr\u00f3 una matr\u00edcula incrementada en 500 mil estudiantes.<\/p>\n<p>El desplegado de la ANUIES va dirigido a la C\u00e1mara de Diputados, a la comunidad acad\u00e9mica y a la opini\u00f3n p\u00fablica<\/p>\n<p>Suerte a la ANUIES, que la necesitar\u00e1.<\/p>\n<p><em><a href=\"mailto:elefa44@gmail.com\" target=\"_blank\" rel=\"noopener noreferrer\">elefa44@gmail.com<\/a><\/em><\/p>\n","protected":false},"excerpt":{"rendered":"<p><span style=\"color: #005497;\"><strong>Eleazar Flores<\/strong><\/span><\/p>\n","protected":false},"author":3,"featured_media":0,"comment_status":"open","ping_status":"open","sticky":false,"template":"","format":"standard","meta":{"_monsterinsights_skip_tracking":false,"_monsterinsights_sitenote_active":false,"_monsterinsights_sitenote_note":"","_monsterinsights_sitenote_category":0,"footnotes":""},"categories":[81743],"tags":[81744,81776,43674],"class_list":["post-566159","post","type-post","status-publish","format-standard","hentry","category-eleazar-flores","tag-eleazar-flores","tag-espacio-electoral","tag-opinion"],"_links":{"self":[{"href":"https:\/\/www.diarioimagen.net\/index.php?rest_route=\/wp\/v2\/posts\/566159","targetHints":{"allow":["GET"]}}],"collection":[{"href":"https:\/\/www.diarioimagen.net\/index.php?rest_route=\/wp\/v2\/posts"}],"about":[{"href":"https:\/\/www.diarioimagen.net\/index.php?rest_route=\/wp\/v2\/types\/post"}],"author":[{"embeddable":true,"href":"https:\/\/www.diarioimagen.net\/index.php?rest_route=\/wp\/v2\/users\/3"}],"replies":[{"embeddable":true,"href":"https:\/\/www.diarioimagen.net\/index.php?rest_route=%2Fwp%2Fv2%2Fcomments&post=566159"}],"version-history":[{"count":0,"href":"https:\/\/www.diarioimagen.net\/index.php?rest_route=\/wp\/v2\/posts\/566159\/revisions"}],"wp:attachment":[{"href":"https:\/\/www.diarioimagen.net\/index.php?rest_route=%2Fwp%2Fv2%2Fmedia&parent=566159"}],"wp:term":[{"taxonomy":"category","embeddable":true,"href":"https:\/\/www.diarioimagen.net\/index.php?rest_route=%2Fwp%2Fv2%2Fcategories&post=566159"},{"taxonomy":"post_tag","embeddable":true,"href":"https:\/\/www.diarioimagen.net\/index.php?rest_route=%2Fwp%2Fv2%2Ftags&post=566159"}],"curies":[{"name":"wp","href":"https:\/\/api.w.org\/{rel}","templated":true}]}}