{"id":566160,"date":"2022-11-18T00:11:52","date_gmt":"2022-11-18T06:11:52","guid":{"rendered":"https:\/\/www.diarioimagen.net\/?p=566160"},"modified":"2022-11-18T04:45:30","modified_gmt":"2022-11-18T10:45:30","slug":"guacamayazo-si-fue-la-cia","status":"publish","type":"post","link":"https:\/\/www.diarioimagen.net\/?p=566160","title":{"rendered":"\u00bfGuacamayazo?, s\u00ed. Fue la CIA"},"content":{"rendered":"<h2>\u00cdndice pol\u00edtico<\/h2>\n<h5>Francisco Rodr\u00edguez<\/h5>\n<p>&nbsp;<\/p>\n<ul>\n<li><strong><em>AMLO: A ver, a ver, \u00bfqui\u00e9n la tiene m\u00e1s grande?<\/em><\/strong><\/li>\n<li><strong><em>\u00a1C\u00f3mo le hace falta Scherer!<\/em><\/strong><\/li>\n<\/ul>\n<p>&nbsp;<\/p>\n<p>La creciente ira de\u00a0<strong>Andr\u00e9s Manuel L\u00f3pez Obrador<\/strong>\u00a0ha cambiado de destinatarios.<\/p>\n<p>Previo a las reciente fiestas patrias iba dirigida hacia Canad\u00e1 y, preponderantemente, hacia los Estados Unidos -sin distinguir entre sus gobiernos y sus respetables habitantes-, por las exigencias de Washington y de Ottawa de que cumpla con su palabra y respete los contenidos del TMEC, entre otras muchas otras cosas que le reclaman\u2026<\/p>\n<p>\u2026y ahora su troglodita actitud de l\u00e9pero se ha volcado sobre los \u201chip\u00f3critas, rateros, aspiracionistas (sic), conservadores\u201d \u2026<\/p>\n<p>\u2026y un largo etc\u00e9tera de insultos m\u00e1s hacia quienes nos percatamos de sus aviesas intenciones de modificar el juego electoral para que su movimiento se mantenga en el poder pr\u00e1cticamente\u00a0<em>per secula seculorum<\/em>\u2026<\/p>\n<p>\u2026no obstante el fracaso de todas y cada una de las acciones que emprende\u2026<\/p>\n<p>\u2026y que van en contra de la concordia y la armon\u00eda que \u00e9l deber\u00eda tratar -cuando menos tratar- de que reinen entre sus gobernados.<\/p>\n<p>\u00bfPor qu\u00e9 cambi\u00f3 el blanco de sus blasfemias, muchas veces escondidas en actitudes provocadoras?<\/p>\n<p>Rem\u00edtase usted a mediados de este 2022 y tendr\u00e1 la respuesta.<\/p>\n<p>Sus menciones a\u00a0<strong>Julian Assange<\/strong>\u00a0y luego la invitaci\u00f3n a acudir, como invitados de honor, al padre y al hermano del periodista australiano, entre otros personajes\u00a0<em>non gratos<\/em>\u00a0a los gobernantes del pa\u00eds que a\u00fan aspira a mantenerse como imperio\u2026<\/p>\n<p>(\u2026\u201c<em>Make America great and glorious again<\/em>\u201d o, en espa\u00f1ol, \u201cHacer de Estados Unidos Grande y Glorioso Otra Vez\u201d, reci\u00e9n ha dicho\u00a0<strong>Donald Trump<\/strong>\u00a0al anunciar su tercera postulaci\u00f3n a ocupar la Casa Blanca).<\/p>\n<p>Ya con el actual gobierno, el de\u00a0<strong>Joseph Biden,<\/strong>\u00a0hab\u00edan disimulado su enojo cuando el a\u00f1o pasado AMLO sirvi\u00f3 de anfitri\u00f3n al Jefe de Estado cubano,\u00a0<strong>Miguel D\u00edaz-Canel,\u00a0<\/strong>tanto en la ceremonia de\u00a0<em>El Grito<\/em>\u00a0como en el desfile\u00a0<strong>militar<\/strong>\u00a0del 16 de septiembre\u2026<\/p>\n<p>\u2026pero ahora no le toleraron no s\u00f3lo la presencia de sus hu\u00e9spedes Assange, peor todav\u00eda, quedaron muy pero muy encabronados con las palabras del tabasque\u00f1o en torno a quien la CIA y la Agencia Nacional de Seguridad (NSA, por sus siglas en ingl\u00e9s) acusan de haber filtrado a los medios informaci\u00f3n que, a su decir, compromete la seguridad de los estadounidenses, pero sobre todo porque es requerido por la justicia del vecino pa\u00eds el norte por revelar material confidencial del\u00a0<strong>Ej\u00e9rcito\u00a0<\/strong>estadounidense<strong>.<\/strong><\/p>\n<p>Estoy cierto de que usted las recuerda:<\/p>\n<p style=\"text-align: center;\"><strong>AMLO, abogado de las causas in\u00fatiles<\/strong><\/p>\n<p>En junio, Assange encontr\u00f3 en el Presidente mexicano un portaestandarte para su causa. AMLO dijo entonces estar dispuesto a interceder ante\u00a0Joe\u00a0Biden a favor del fundador de\u00a0<em>WikiLeaks<\/em>, quien entonces estaba a un paso de ser extraditado a Estados Unidos. \u201cHa sido tratado peor que un delincuente\u2026 y eso es una verg\u00fcenza\u201d, dijo en aquella ocasi\u00f3n<\/p>\n<p>A mediados de julio de este mismo a\u00f1o, en una m\u00e1s de sus distractoras matin\u00e9s pol\u00edtico-er\u00f3ticas-et\u00edlico-literarias-musicales, L\u00f3pez Obrador intercedi\u00f3 de plano por el periodista australiano ante su hom\u00f3logo estadounidense, Biden, a quien le afirm\u00f3 que aquel no provoc\u00f3 la muerte a ninguna persona con la divulgaci\u00f3n de correos electr\u00f3nicos a trav\u00e9s de\u00a0<em>WikiLeaks<\/em>.<\/p>\n<p>Obviamente, ni lo pelaron, como decimos com\u00fanmente.<\/p>\n<p>No obtuvo respuesta alguna, al menos no una que se hiciera p\u00fablica.<\/p>\n<p>Tal vez s\u00ed, por los llamados \u201chabituales canales diplom\u00e1ticos\u201d.<\/p>\n<p>Luego, el 12 de septiembre tir\u00f3 la piedra m\u00e1s lejos y, en otra de sus a veces muy jocosas matin\u00e9s, pregunt\u00f3 \u201c\u00bfQu\u00e9 han hecho en la ONU por lo de Assange? \u00bfQu\u00e9 no es un preso de conciencia? \u00bfQu\u00e9 no est\u00e1 preso por ejercer la libertad de expresi\u00f3n?\u201d<\/p>\n<p>Tampoco le dieron cuerda desde el \u00f3rgano multinacional. Simplemente lo ignoraron.<\/p>\n<p>Pero sigui\u00f3 insistiendo\u2026 o en la necia, como tambi\u00e9n decimos.<\/p>\n<p>Y en el discurso principal del 16 de septiembre -a la que por primera vez no se invit\u00f3 al embajador de EU, <strong>Ken Salazar<\/strong>, ni a ning\u00fan alto oficial del Pent\u00e1gono, como hasta entonces fue la costumbre- el tabasque\u00f1o dijo que \u201cJulian Assange, (es) el <em>Quijote<\/em> de nuestro tiempo, de la libertad de expresi\u00f3n y quien permanece injustamente encarcelado. Desde esta plaza p\u00fablica nos comprometemos a seguir demandando la libertad de Julian Assange\u201d, pronunci\u00f3 ante los parientes de su defendido.<\/p>\n<p>Tambi\u00e9n que el australiano s\u00f3lo hab\u00eda revelado la verdad\u2026<\/p>\n<p>\u2026lo que el pueblo debe saber.<\/p>\n<p style=\"text-align: center;\"><strong>As\u00ed que el pueblo debe saber la verdad, \u00bfno?<\/strong><\/p>\n<p>\u00a0\u00a1Y t\u00f3mala barb\u00f3n!<\/p>\n<p>La respuesta estadounidense poco tiempo despu\u00e9s fue en el mismo sentido:<\/p>\n<p>\u00a1El pueblo debe saber la verdad!<\/p>\n<p>Y a trav\u00e9s de la CIA filtraron millones de documentos del\u00a0<strong>Ej\u00e9rcito mexicano<\/strong>\u00a0a los medios de comunicaci\u00f3n, por medio de una fantasmal organizaci\u00f3n a la que denominaron \u201cGuacamaya\u201d.<\/p>\n<p>Ten\u00edan abiertas, de par en par, las puertas de la muy descuidada y\/ o distra\u00edda Secretar\u00eda de la Defensa Nacional.<\/p>\n<p>Y claro que, para disimular, previo a ello tambi\u00e9n dieron a conocer documentos de otros\u00a0<strong>ej\u00e9rcitos\u00a0<\/strong>latinoamericanos.<\/p>\n<p>Despu\u00e9s del \u201cguacamayazo\u201d en M\u00e9xico, la supuesta organizaci\u00f3n de\u00a0<em>hacktivistas<\/em>\u00a0se esfum\u00f3.<\/p>\n<p>El objetivo para el cual fue creado tambi\u00e9n se hab\u00eda cumplido.<\/p>\n<p>El pueblo mexicano comenz\u00f3 a saber la verdad de muchas acciones y, sobre todo, inacciones del\u00a0<strong>Ej\u00e9rcito<\/strong>, de su corrupci\u00f3n, de sus muchos abusos, de sus arteras violaciones a los derechos humanos, de sus \u201cabatimientos\u201d como eufem\u00edsticamente llaman a los asesinatos, de\u2026<\/p>\n<p>Assange, por cierto, a\u00fan podr\u00eda ser juzgado en Estados Unidos por 17 cargos de espionaje y uno m\u00e1s por uso indebido de computadoras.<\/p>\n<p>Usted lo sabe: Todo comenz\u00f3 cuando en 1999 fund\u00f3\u00a0<em>WikiLeaks<\/em>, una red que empez\u00f3 a ser utilizada hasta 2006, para que los denunciantes brindaran de manera an\u00f3nima documentos secretos para su difusi\u00f3n p\u00fablica.<\/p>\n<p>En 2010, el nombre de Julian Assange cobr\u00f3 relevancia por la publicaci\u00f3n de diversos documentos secretos de Estados Unidos a trav\u00e9s de<em>\u00a0WikiLeaks<\/em>\u00a0que evidenciaron los abusos que su\u00a0<strong>Ej\u00e9rcito<\/strong>\u00a0cometi\u00f3 en las guerras de Irak y Afganist\u00e1n.<\/p>\n<p>Y ahora la CIA dio a conocer los abusos del\u00a0<strong>Ej\u00e9rcito<\/strong>\u00a0en nuestro pa\u00eds.<\/p>\n<p>Por eso AMLO minimiz\u00f3 el \u201cguacamayazo\u201d.<\/p>\n<p>Le enteraron de qui\u00e9nes y de d\u00f3nde proven\u00eda el certero mazazo: de la Central Intelligence Agency, de su sede en Langley, Virginia, en las proximidades del Distrito de Columbia.<\/p>\n<p>Por eso, tambi\u00e9n,\u00a0<strong>Luis Cresencio Sandoval<\/strong>\u00a0no ha dicho \u201cni mu\u201d al respecto.<\/p>\n<p>No te metas con los <em>gabachos<\/em>, Andr\u00e9s.<\/p>\n<p>Son m\u00e1s vengativos que t\u00fa. Ellos s\u00ed que son cabrones.<\/p>\n<p style=\"text-align: center;\"><strong>Indicios<\/strong><\/p>\n<p>\u00a0Ya lleva casi dos semanas obsesionado por el rechazo a su ventajosa reforma electoral. Ya se percat\u00f3 de que en las C\u00e1maras del Congreso de la Uni\u00f3n no obtendr\u00e1 las mayor\u00edas necesarias para hacer cambios alevosos, que le sean favorables, a la Constituci\u00f3n. Ha sufrido, como pocas veces desde el 2006, el rechazo ciudadano, las muchas marchas multitudinarias en todo el pa\u00eds del domingo anterior, sobremanera. Y ahora, como adolescente de secundaria -que imagino es trunca, en su caso- est\u00e1 jugando a ver qui\u00e9n escupe m\u00e1s lejos, a ver qui\u00e9n la tiene m\u00e1s larga, por lo que anunci\u00f3 una marcha de \u201cacarreados\u201d para finales de este mes. Est\u00e1 enloquecido. * * * Y para acabarlo de amolar, ya lleg\u00f3 el respaldo de un alto funcionario del gobierno estadounidense al INE. \u00a1Pobre! S\u00f3lo falta que por ah\u00ed pase <em>Firulais<\/em>\u00a0y le orine las piernas. \u00a1Con los <em>gringos<\/em> no te metas, Andr\u00e9s! * * * Por cierto, cada vez se nota m\u00e1s la ausencia de su \u201chermano\u201d\u00a0<strong>Julio Scherer Ibarra<\/strong>\u00a0en la Consejer\u00eda Jur\u00eddica del Poder Ejecutivo federal. Porque quien le haya asesorado sobre su dichoso \u201cplan B\u201d de s\u00f3lo cambiar leyes lo enga\u00f1\u00f3 y se burl\u00f3 de su caracter\u00edstica ignorancia. Nada de lo electoral puede cambiarse si no es a trav\u00e9s de la Carta Magna. * * * Y quien tambi\u00e9n se prolong\u00f3 aquella parte del cuerpo masculino a la que me refer\u00ed l\u00edneas arriba fue\u00a0<strong>Zo\u00e9 Robledo<\/strong>, director general de lo poco que ya queda del Instituto Mexicano del Seguro Social, al decir en la 113 Asamblea General Ordinaria del Instituto, realizada en Palacio Nacional, frente a su patroncito AMLO, que el programa IMSS-Bienestar opera \u00a1como los sistemas de salud de Dinamarca y Noruega! \u00bfCon cubanos que dizque son m\u00e9dicos, que han tomado cursos de especializaci\u00f3n que duran de tres a cinco d\u00edas?, seg\u00fan denunci\u00f3 hace d\u00edas la cadena CNN en espa\u00f1ol? Tambi\u00e9n repiti\u00f3 lo que todos sus antecesores han dicho y que siempre es una gran mentira: Que el organismo tripartito ya cuenta con finanzas sanas y reservas suficientes para los pr\u00f3ximos a\u00f1os. \u00bfA qu\u00e9 niveles perrunos hay que caer para obtener la candidatura cuatrotera al gobierno de Chiapas? \u00bfA los de actuar acaso como Gran Dan\u00e9s? * * * Y por hoy es todo. Agradezco que me haya acompa\u00f1ado, con su lectura, a trav\u00e9s de estas l\u00edneas. Y como siempre, usted lo sabe, le deseo que tenga \u00a1buenas gracias y muchos, muchos d\u00edas!<\/p>\n<p><em><u><a href=\"http:\/\/www.indicepolitico.com\" target=\"_blank\" rel=\"noopener noreferrer\">www.indicepolitico.com<\/a><\/u><u><br \/>\n<\/u><a href=\"mailto:indicepolitico@gmail.com\" target=\"_blank\" rel=\"noopener noreferrer\">indicepolitico@gmail.com<\/a><\/em><br \/>\n<em><a href=\"https:\/\/twitter.com\/indicepolitico?lang=es\" target=\"_blank\" rel=\"noopener noreferrer\">@IndicePolitico<\/a><\/em><br \/>\n<em><u><a href=\"https:\/\/twitter.com\/pacorodriguez\" target=\"_blank\" rel=\"noopener noreferrer\">@pacorodriguez<\/a><\/u><\/em><\/p>\n","protected":false},"excerpt":{"rendered":"<p><span style=\"color: #005497;\"><strong>Francisco Rodr\u00edguez<\/strong><\/span><\/p>\n","protected":false},"author":3,"featured_media":0,"comment_status":"open","ping_status":"open","sticky":false,"template":"","format":"standard","meta":{"_monsterinsights_skip_tracking":false,"_monsterinsights_sitenote_active":false,"_monsterinsights_sitenote_note":"","_monsterinsights_sitenote_category":0,"footnotes":""},"categories":[549],"tags":[43689,550,43674],"class_list":["post-566160","post","type-post","status-publish","format-standard","hentry","category-francisco-rodriguez","tag-francisco-rodriguez","tag-indice-politico","tag-opinion"],"_links":{"self":[{"href":"https:\/\/www.diarioimagen.net\/index.php?rest_route=\/wp\/v2\/posts\/566160","targetHints":{"allow":["GET"]}}],"collection":[{"href":"https:\/\/www.diarioimagen.net\/index.php?rest_route=\/wp\/v2\/posts"}],"about":[{"href":"https:\/\/www.diarioimagen.net\/index.php?rest_route=\/wp\/v2\/types\/post"}],"author":[{"embeddable":true,"href":"https:\/\/www.diarioimagen.net\/index.php?rest_route=\/wp\/v2\/users\/3"}],"replies":[{"embeddable":true,"href":"https:\/\/www.diarioimagen.net\/index.php?rest_route=%2Fwp%2Fv2%2Fcomments&post=566160"}],"version-history":[{"count":0,"href":"https:\/\/www.diarioimagen.net\/index.php?rest_route=\/wp\/v2\/posts\/566160\/revisions"}],"wp:attachment":[{"href":"https:\/\/www.diarioimagen.net\/index.php?rest_route=%2Fwp%2Fv2%2Fmedia&parent=566160"}],"wp:term":[{"taxonomy":"category","embeddable":true,"href":"https:\/\/www.diarioimagen.net\/index.php?rest_route=%2Fwp%2Fv2%2Fcategories&post=566160"},{"taxonomy":"post_tag","embeddable":true,"href":"https:\/\/www.diarioimagen.net\/index.php?rest_route=%2Fwp%2Fv2%2Ftags&post=566160"}],"curies":[{"name":"wp","href":"https:\/\/api.w.org\/{rel}","templated":true}]}}