{"id":566167,"date":"2022-11-18T00:07:41","date_gmt":"2022-11-18T06:07:41","guid":{"rendered":"https:\/\/www.diarioimagen.net\/?p=566167"},"modified":"2022-11-21T03:44:47","modified_gmt":"2022-11-21T09:44:47","slug":"a-pesar-de-todo-sobrevive-va-por-mexico-para-defender-estado-de-mexico-y-coahuila","status":"publish","type":"post","link":"https:\/\/www.diarioimagen.net\/?p=566167","title":{"rendered":"A pesar de todo, sobrevive Va por M\u00e9xico para defender Estado de M\u00e9xico y Coahuila"},"content":{"rendered":"<h2>Clase Pol\u00edtica<\/h2>\n<h5>Miguel \u00c1ngel Rivera<\/h5>\n<p>&nbsp;<\/p>\n<p>Muchos especialistas sostienen que la elecci\u00f3n de gobernador del Estado de M\u00e9xico es un anticipo de lo que suceder\u00e1 en el siguiente proceso federal para decidir Presidente de la Rep\u00fablica y, si antes no fue as\u00ed, sin duda, lo ser\u00e1 para los comicios de 2024.<\/p>\n<p>Esto ser\u00e1 as\u00ed porque, tambi\u00e9n de acuerdo con las principales empresas especializadas en encuestas, la \u00fanica posibilidad de impedir que Morena retenga el gobierno federal es una coalici\u00f3n de partidos de oposici\u00f3n, pues ninguno de las organizaciones pol\u00edticas con registro oficial podr\u00eda ganar por s\u00ed sola. Esto elimina como potenciales ganadores a los otros dos partidos que han conquistado la Presidencia de la Rep\u00fablica, el PAN Y EL PRI, y por supuesto a los que todav\u00eda no logran una victoria de esa dimensi\u00f3n, como el PRD y MC.<\/p>\n<p>Este panorama se debe tener en cuenta porque, a pesar de desacuerdos en el \u00e1mbito nacional \u2014sobre todo acerca de la militarizaci\u00f3n de la Guardia Nacional\u2014 las dirigencias estatales del PRI, PAN y PRD, anunciaron el inicio del di\u00e1logo para construir una coalici\u00f3n con miras a la elecci\u00f3n del a\u00f1o pr\u00f3ximo para la gubernatura del Estado de M\u00e9xico.<\/p>\n<p>Por el momento, no se ha se\u00f1alado un probable candidato de esa coalici\u00f3n. De hecho, los informes acerca de esas declaraciones de los dirgentes partidistas indican que se limitaron que \u201cexisten extraordinarios perfiles\u201d, que tienen todos los elementos \u201cpara derrotar a Morena\u201d.<\/p>\n<p>Ese es, probablemente, el principal punto de diferencia entre los partidos, el determinar qui\u00e9n ser\u00e1 el abanderado com\u00fan. Por el lado del PAN, el diputado local y ex presidente municipal de Huixquilucan, Enrique Vargas del Villar, ya se lanz\u00f3 como aspirante al gobierno estatal y del lado del PRI, pr\u00e1cticamente fue postulada la ex dirigente estatal del partido y ex secretaria de Desarrollo Social, Alejandra Del Moral Vela. Ninguno de los dos pudo ser declarado oficialmente candidato para no violar las disposiciones legales, lo que podr\u00eda acarrear sanciones para su instituto pol\u00edtico.<\/p>\n<p>De hecho, Morena ya tiene en campa\u00f1a a su candidata la ex secretaria de Educaci\u00f3n P\u00fablica, Delfina G\u00f3mez \u00c1lvarez, pero para evitar denuncias s\u00f3lo recibi\u00f3 un nombramiento de partido.<\/p>\n<p>En el panorama pol\u00edtico del Estado de M\u00e9xico, la entidad con mayor n\u00famero de electores de toda la Rep\u00fablica \u2014de all\u00ed su importancia con vistas a las elecciones del 2024\u2014 no estar\u00eda completo sin el tambi\u00e9n casi seguro candidato de MC, el senador Juan Zepeda, quien personalmente tiene, tal vez, mayor peso que su partido.<\/p>\n<p>Con una larga trayectoria pol\u00edtica en el oriente del Estado de M\u00e9xico, especialmente en el altamente poblado municipio de Nezahualc\u00f3yotl, Zepeda ya dio muestra de su gran arrastre popular, al grado que muchos analistas estiman que fue el factor decisivo en las elecciones de gobernador de 2017, postulado por el PRD y le quit\u00f3 muchos votos a la candidata de Morena, la tambi\u00e9n ex presidenta municipal, pero de Texcoco, Delfina G\u00f3mez, con la que casi seguramente volver\u00e1 a competir.<\/p>\n<p>El hecho es que, seg\u00fan esos an\u00e1lisis, el vencedor por peque\u00f1o margen fue el abanderado del PRI, heredero de una poderosa dinast\u00eda en esa entidad, al ahora gobernador saliente Alfredo Del Mazo Maza, de quien se dice que tiene la pesada responsabilidad de salvar ese estado para el PRI.<\/p>\n<p style=\"text-align: center;\"><strong>Los aliados pretenden sumar a MC, que hasta ahora marcha por su cuenta<\/strong><\/p>\n<p>Los rumores aseguran que la condici\u00f3n de Del Mazo para validar la coalici\u00f3n con el PAN y el PRD es que el candidato sea de su partido, a cambio de lo cual est\u00e1 dispuesto a negociar un acuerdo para un gobierno plural en el sexenio venidero.<\/p>\n<p>Sea no cierto, ayer en Toluca, en conferencia de prensa conjunta, los presidentes del PRI, Eric Sevilla; del PAN, Anuar Azar Figueroa; y Agust\u00edn Barrera, del PRD, informaron que hoy viernes empezar\u00e1n los trabajos para consolidar acuerdos, de tal manera que entre el 14 de diciembre y 14 de enero, pueda registrarse la coalici\u00f3n ante la autoridad electoral y en el mes de marzo, a quien obtenga la candidatura.<\/p>\n<p>Los dirigentes partidistas estatales comentaron que el acuerdo de las dirigencias nacionales para votar en contra de la reforma electoral propuesta por el gobierno federal allan\u00f3 el camino para avanzar en la construcci\u00f3n de un acuerdo de coalici\u00f3n en la entidad mexiquense, a la que incluso el dirigente del PAN, invit\u00f3 a sumarse a Movimiento Ciudadano, partido que al parecer mantiene su prop\u00f3sito de competir solo, con mayor raz\u00f3n al tener un abanderado popular, como lo es el senador Zepeda.<\/p>\n<p>En la conferencia de prensa, el dirigente del PRI, Eric Sevilla, record\u00f3 que la alianza viene de una elecci\u00f3n previa, la de 2021, donde gan\u00f3 72 de los 125 municipios y 37 de las 75 diputaciones locales, adem\u00e1s de superar a sus adversarios con m\u00e1s de medio mill\u00f3n de votos, por lo que desestim\u00f3 las encuestas \u201cque pueden ser cuchareadas\u201d y que le dan ventaja a Morena.<\/p>\n<p>En cuanto a la potencial candidata Alejandra Del Moral, dijo que es una mujer con experiencia pol\u00edtica, a quien que le correspondi\u00f3 dirigir a su partido en el tiempo m\u00e1s competido y dif\u00edcil, despu\u00e9s de la \u201ccat\u00e1strofe de 2018 y lo remont\u00f3 y llev\u00f3 a los triunfos, nos volvi\u00f3 a hacer competitivos, es un cuadro excelente, leal\u201d.<\/p>\n<p style=\"text-align: center;\"><strong>El PRI pretende rescatar sus dos plazas, Estado de M\u00e9xico y Coahuila<\/strong><\/p>\n<p>En declaraciones por separado, el dirigente nacional del PRI, Alejandro \u201cAlito\u201d Moreno C\u00e1rdenas, reiter\u00f3 que la construcci\u00f3n de la alianza Va por M\u00e9xico alcanza los dos estados que estar\u00e1n en disputa en 2023: M\u00e9xico y Coahuila.<\/p>\n<p>Esa alianza, asegur\u00f3 Moreno C\u00e1rdenas, \u201cva muy bien\u201d y se encuentra en una etapa importante de fortaleza para impulsar su consolidaci\u00f3n hacia 2024,<\/p>\n<p>En el marco de un evento para celebrar el 43 aniversario de la Conferencia Permanente de Partidos Pol\u00edticos de Am\u00e9rica Latina y el Caribe (COPPPAL), de la cual tambi\u00e9n es presidente, el dirigente nacional del tricolor inform\u00f3 que los coordinadores parlamentarios del PRI, PAN y PRD en la C\u00e1mara de Diputados dieron un posicionamiento muy firme, en el sentido de que la alianza legislativa votar\u00e1 en contra de la reforma electoral del gobierno de Morena, al considerar que lastima, debilita y da\u00f1a al Instituto Nacional Electoral (INE) y al Tribunal Electoral del Poder Judicial de la Federaci\u00f3n (TEPJF).<\/p>\n<p>Asegur\u00f3 que la coalici\u00f3n pretende fortalecer la defensa del r\u00e9gimen democr\u00e1tico y consider\u00f3 que se tiene que presentar una buena propuesta a M\u00e9xico. De hecho, argument\u00f3, los ataques del gobierno a los l\u00edderes opositores, se deben a que \u201cla coalici\u00f3n es potente\u201d y repiti\u00f3 que \u201cno vamos a apoyar esa reforma electoral\u201d del gobierno.<\/p>\n<p>\u201cCualquier presi\u00f3n, cualquier persecuci\u00f3n \u2014que ya han hecho\u2014, ni me asustan, ni me doblan, ni me echan para atr\u00e1s\u201d, asegur\u00f3 el dirigente nacional priista, al considerar que se deben evitar los discursos de odio y polarizaci\u00f3n. \u201cTenemos que conciliar y convocar a la concordia, para que tengamos un mejor pa\u00eds. Tenemos que llamar a la unidad\u201d.<\/p>\n<p>Moreno, afirm\u00f3 que la alianza Va por M\u00e9xico, de este instituto pol\u00edtico con el PAN y el PRD, dio un paso m\u00e1s hacia su consolidaci\u00f3n, al confirmar que las tres fuerzas pol\u00edticas votar\u00e1n juntas en contra de la propuesta de reforma electoral del gobierno de Morena.<\/p>\n<p>El dirigente nacional del tricolor asegur\u00f3 que ayer se dio un avance importante hacia la concreci\u00f3n de la alianza de las tres fuerzas pol\u00edticas, de cara a las elecciones del Estado de M\u00e9xico y Coahuila, que se llevar\u00e1n a cabo el a\u00f1o pr\u00f3ximo y con miras al 2024.<\/p>\n<p>Por otra parte, en su mensaje durante la conmemoraci\u00f3n del 43 aniversario de la COPPPAL, Moreno afirm\u00f3 que el creciente avance de los gobiernos progresistas latinoamericanos y caribe\u00f1os debe ser aprovechado como una oportunidad para desarrollar una firme estrategia de integraci\u00f3n de la regi\u00f3n.<\/p>\n<p>Ante los dirigentes y representantes de los m\u00e1s de 70 partidos progresistas de 30 naciones, acompa\u00f1ado por Sof\u00eda Carvajal Isunza, secretaria ejecutiva de la organizaci\u00f3n, el dirigente nacional del PRI agradeci\u00f3 la solidaridad y apoyo ante las acciones represivas que fueron desatadas en su contra, incubadas en la inaceptable pr\u00e1ctica de judicializar la pol\u00edtica y politizar la justicia. Record\u00f3 que desde su fundaci\u00f3n, hace 43 a\u00f1os, en Oaxaca, M\u00e9xico, la COPPPAL ha enarbolado la democracia social, como un sistema pol\u00edtico basado en el mejoramiento continuo de las condiciones de vida del pueblo.<\/p>\n<p><em><a href=\"mailto:riparcangel@hotmail.com\" target=\"_blank\" rel=\"noopener noreferrer\">riparcangel@hotmail.com<\/a><\/em><\/p>\n","protected":false},"excerpt":{"rendered":"<p><span style=\"color: #005497;\"><strong>Miguel \u00c1ngel Rivera<\/strong><\/span<\/span><\/p>\n","protected":false},"author":3,"featured_media":0,"comment_status":"open","ping_status":"open","sticky":false,"template":"","format":"standard","meta":{"_monsterinsights_skip_tracking":false,"_monsterinsights_sitenote_active":false,"_monsterinsights_sitenote_note":"","_monsterinsights_sitenote_category":0,"footnotes":""},"categories":[84119],"tags":[84120,84121,43674],"class_list":["post-566167","post","type-post","status-publish","format-standard","hentry","category-miguel-angel-rivera","tag-clase-politica","tag-miguel-angel-rivera","tag-opinion"],"_links":{"self":[{"href":"https:\/\/www.diarioimagen.net\/index.php?rest_route=\/wp\/v2\/posts\/566167","targetHints":{"allow":["GET"]}}],"collection":[{"href":"https:\/\/www.diarioimagen.net\/index.php?rest_route=\/wp\/v2\/posts"}],"about":[{"href":"https:\/\/www.diarioimagen.net\/index.php?rest_route=\/wp\/v2\/types\/post"}],"author":[{"embeddable":true,"href":"https:\/\/www.diarioimagen.net\/index.php?rest_route=\/wp\/v2\/users\/3"}],"replies":[{"embeddable":true,"href":"https:\/\/www.diarioimagen.net\/index.php?rest_route=%2Fwp%2Fv2%2Fcomments&post=566167"}],"version-history":[{"count":0,"href":"https:\/\/www.diarioimagen.net\/index.php?rest_route=\/wp\/v2\/posts\/566167\/revisions"}],"wp:attachment":[{"href":"https:\/\/www.diarioimagen.net\/index.php?rest_route=%2Fwp%2Fv2%2Fmedia&parent=566167"}],"wp:term":[{"taxonomy":"category","embeddable":true,"href":"https:\/\/www.diarioimagen.net\/index.php?rest_route=%2Fwp%2Fv2%2Fcategories&post=566167"},{"taxonomy":"post_tag","embeddable":true,"href":"https:\/\/www.diarioimagen.net\/index.php?rest_route=%2Fwp%2Fv2%2Ftags&post=566167"}],"curies":[{"name":"wp","href":"https:\/\/api.w.org\/{rel}","templated":true}]}}