{"id":566173,"date":"2022-11-18T00:12:07","date_gmt":"2022-11-18T06:12:07","guid":{"rendered":"https:\/\/www.diarioimagen.net\/?p=566173"},"modified":"2022-11-18T04:53:01","modified_gmt":"2022-11-18T10:53:01","slug":"con-sus-traiciones-el-la-mato-la-cremo-y-enterro-y-ahora-la-revive","status":"publish","type":"post","link":"https:\/\/www.diarioimagen.net\/?p=566173","title":{"rendered":"Con sus traiciones, \u00e9l la mat\u00f3, la crem\u00f3 y enterr\u00f3\u2026 \u00bfy ahora la revive?"},"content":{"rendered":"<h2>Tras la puerta del poder<\/h2>\n<h5>Roberto Vizca\u00edno<\/h5>\n<p>&nbsp;<\/p>\n<p><strong>Alejandro <em>Alito<\/em> Moreno<\/strong>, presidente del PRI, tiene ya quiz\u00e1 10 d\u00edas hablando de la supervivencia de la alianza Va por M\u00e9xico, \u00e9sa que con sus veleidades y traiciones mat\u00f3, crem\u00f3 y enterr\u00f3, al impulsar la iniciativa de extensi\u00f3n de las fuerzas armadas en tareas de seguridad.<\/p>\n<p>La verdad es que por m\u00e1s que es reclamada por intelectuales y otros sectores sociales, los l\u00edderes del PRD, <strong>Jes\u00fas Zambrano,<\/strong> y del PAN, <strong>Marko Cort\u00e9s, <\/strong>ya le extendieron su certificado de defunci\u00f3n al negarse a hablar nunca m\u00e1s con <strong><em>Alito<\/em><\/strong>.<\/p>\n<p>Pero el campechano no les cree.<\/p>\n<p>Y ayer, desde San Miguel de Allende, Guanajuato, al celebrar el 43 aniversario de la Conferencia Permanente de Partidos Pol\u00edticos de Am\u00e9rica Latina y el Caribe, la COPPPAL, rodeado de dirigentes pol\u00edticos de la regi\u00f3n, <strong>Moreno<\/strong> insisti\u00f3 en que la alianza con PAN y PRD sigue adelante.<\/p>\n<p>Indic\u00f3 que con el compromiso de rechazar la reforma electoral del gobierno, que lastima, debilita y da\u00f1a al INE y TEPJF, se dio un paso firme y s\u00f3lido <strong>para otorgarle robustez a la coalici\u00f3n del PRI con el PAN y el PRD.<\/strong><\/p>\n<p>Y ante la cara de \u201cwhat!\u201d de no pocos de los asistentes, agreg\u00f3:<\/p>\n<p>\u201cLa construcci\u00f3n de la alianza <strong>Va por M\u00e9xico<\/strong> de cara a las elecciones en el Estado de M\u00e9xico y Coahuila, que se celebrar\u00e1n el a\u00f1o pr\u00f3ximo, va muy bien y se encuentra en una etapa importante de fortaleza para impulsar su consolidaci\u00f3n hacia el 2024\u201d.<\/p>\n<p>Record\u00f3 que los coordinadores parlamentarios del PRI, PAN y PRD en la C\u00e1mara de Diputados dieron un posicionamiento muy firme, en el sentido de que la alianza legislativa votar\u00e1 en contra de la reforma electoral del gobierno de Morena.<\/p>\n<p>Ese voto en contra, subray\u00f3, surge de que esa iniciativa de reforma electoral lastima, debilita y da\u00f1a al Instituto Nacional Electoral (INE) y al Tribunal Electoral del Poder Judicial de la Federaci\u00f3n (TEPJF).<\/p>\n<p>Con ello, dijo, se dio un paso firme, un paso s\u00f3lido, para darle esa firmeza, esa robustez a nuestra coalici\u00f3n.<\/p>\n<p>Lo que est\u00e1 haciendo ahora la coalici\u00f3n, indic\u00f3, es fortalecer la defensa del r\u00e9gimen democr\u00e1tico.<\/p>\n<p>Hoy queda presentar una buena propuesta a M\u00e9xico.<\/p>\n<p>De hecho, argument\u00f3, los ataques del gobierno a los l\u00edderes opositores, se deben a que \u201cla coalici\u00f3n es potente\u201d.<\/p>\n<p>Moreno dijo:<\/p>\n<p>\u201cCualquier presi\u00f3n, cualquier persecuci\u00f3n \u2014que ya han hecho\u2014, ni me asustan, ni me doblan, ni me echan para atr\u00e1s\u201d<\/p>\n<p>As\u00ed, ante dirigentes y representantes de los m\u00e1s de 70 partidos progresistas de 30 naciones, indic\u00f3 que \u201cpodemos avanzar en la elaboraci\u00f3n de iniciativas legislativas dirigidas<strong> al fortalecimiento democr\u00e1tico de Am\u00e9rica Latina y el Caribe\u201d.<\/strong><\/p>\n<p><strong>Moren<\/strong>o estuvo acompa\u00f1ado por <strong>Porfirio Mu\u00f1oz Ledo,<\/strong> <strong>Sof\u00eda Carvajal Isunza<\/strong>, secretaria ejecutiva de la organizaci\u00f3n e hija de <strong>Gustavo Carvajal<\/strong>; <strong>Alberto Aguilar I\u00f1\u00e1rritu y Jorge C\u00f3rdova,<\/strong> adem\u00e1s de <strong>Ildefonso Guajardo<\/strong>.<\/p>\n<p>Hoy s\u00f3lo falta que en este milagro de revivir la alianza, participen de nuevo <strong>Jes\u00fas Zambrano y Marko Cort\u00e9s<\/strong>.<\/p>\n<p style=\"text-align: center;\"><strong>Senado asediado por hackers<\/strong><\/p>\n<p><strong>Ricardo Monreal<\/strong> revel\u00f3 ayer que los ciberataques se han incrementado a nivel internacional, con un costo en 2022 para la econom\u00eda mundial estimado en 8 trillones de d\u00f3lares, que se incrementar\u00e1 a 10 trillones de d\u00f3lares en 2025.<\/p>\n<p>As\u00ed, al inaugurar el Foro Virtual \u201c<em>Hacia un Ciberespacio m\u00e1s Seguro para M<\/em>\u00e9xico\u201d, organizado por la C\u00e1mara alta, el presidente de la Junta de Coordinaci\u00f3n Pol\u00edtica explic\u00f3 que tan s\u00f3lo en este a\u00f1o, el Senado ha sufrido 300 mil intentos por hackear sus cuentas y fuentes.<\/p>\n<p>El hecho de que los ataques cibern\u00e9ticos est\u00e9n al alza, dijo, es indicativo de la necesidad de contar con un modelo de gobernanza de la ciberseguridad, que responda a las nuevas exigencias con un marco jur\u00eddico s\u00f3lido y moderno.<\/p>\n<p>Consider\u00f3 que tener un ciberespacio seguro es fundamental para el desarrollo adecuado del sector p\u00fablico y privado y la gente se beneficia de un libre flujo de informaci\u00f3n en l\u00ednea.<\/p>\n<p>El l\u00edder de los senadores de Morena advirti\u00f3 que existe un alto riesgo de que puedan ser atacados los sistemas en sectores cr\u00edticos, como es el caso de telecomunicaciones, el sector energ\u00e9tico, el de seguridad, lo que ha ocurrido con la Defensa Nacional o Marina y podr\u00eda tener repercusiones muy severas.<\/p>\n<p>Afirm\u00f3 que regiones como Am\u00e9rica Latina y el Caribe tienden a recibir cada vez m\u00e1s ataques de delincuentes cibern\u00e9ticos, ya que en 2021 sufri\u00f3 m\u00e1s de 298 millones de intentos de ciberataques, un aumento del 600 por ciento, respecto de 2020.<\/p>\n<p>El caso es que en M\u00e9xico y en el mundo se ha acelerado de manera exponencial el uso de las tecnolog\u00edas de la informaci\u00f3n y la comunicaci\u00f3n y los avances tecnol\u00f3gicos, como la red 5G y el Internet, que facilitan una mayor conectividad de las personas, hogares, empresas, industrias y gobiernos, creando as\u00ed un entorno cada vez m\u00e1s digital.<\/p>\n<p>Derivado de esta creciente digitalizaci\u00f3n \u201chemos sido testigos de la proliferaci\u00f3n de los ataques cibern\u00e9ticos perpetrados por grupos criminales, ya sean grupos multinacionales o gobiernos de otros Estados\u201d, se\u00f1al\u00f3.<\/p>\n<p><em><a href=\"mailto:rvizcainoa@gmail.com\" target=\"_blank\" rel=\"noopener noreferrer\">vizcainoa@gmail.com<\/a><a href=\"mailto:rvizcainoa@gmail.com\" target=\"_blank\" rel=\"noopener noreferrer\"><br \/>\n<\/a><a href=\"http:\/\/endirecto.mx\" target=\"_blank\" rel=\"noopener noreferrer\">www.endirecto.mx<\/a><a href=\"mailto:rvizcainoa@gmail.com\" target=\"_blank\" rel=\"noopener noreferrer\"><br \/>\n<\/a><a href=\"https:\/\/twitter.com\/_rvizcaino\" target=\"_blank\" rel=\"noopener noreferrer\">@_RVizcaino<\/a><a href=\"mailto:rvizcainoa@gmail.com\" target=\"_blank\" rel=\"noopener noreferrer\"><br \/>\n<\/a><a href=\"https:\/\/www.facebook.com\/rvizcainoa\" target=\"_blank\" rel=\"noopener noreferrer\">facebook.com\/rvizcainoa<\/a><\/em><\/p>\n","protected":false},"excerpt":{"rendered":"<p><span style=\"color: #005497;\"><strong>Roberto Vizca\u00edno<\/strong><\/span><\/p>\n","protected":false},"author":3,"featured_media":0,"comment_status":"open","ping_status":"open","sticky":false,"template":"","format":"standard","meta":{"_monsterinsights_skip_tracking":false,"_monsterinsights_sitenote_active":false,"_monsterinsights_sitenote_note":"","_monsterinsights_sitenote_category":0,"footnotes":""},"categories":[136],"tags":[43674,93,94],"class_list":["post-566173","post","type-post","status-publish","format-standard","hentry","category-roberto-vizcaino-opinion","tag-opinion","tag-roberto-vizcaino","tag-tras-la-puerta-del-poder"],"_links":{"self":[{"href":"https:\/\/www.diarioimagen.net\/index.php?rest_route=\/wp\/v2\/posts\/566173","targetHints":{"allow":["GET"]}}],"collection":[{"href":"https:\/\/www.diarioimagen.net\/index.php?rest_route=\/wp\/v2\/posts"}],"about":[{"href":"https:\/\/www.diarioimagen.net\/index.php?rest_route=\/wp\/v2\/types\/post"}],"author":[{"embeddable":true,"href":"https:\/\/www.diarioimagen.net\/index.php?rest_route=\/wp\/v2\/users\/3"}],"replies":[{"embeddable":true,"href":"https:\/\/www.diarioimagen.net\/index.php?rest_route=%2Fwp%2Fv2%2Fcomments&post=566173"}],"version-history":[{"count":0,"href":"https:\/\/www.diarioimagen.net\/index.php?rest_route=\/wp\/v2\/posts\/566173\/revisions"}],"wp:attachment":[{"href":"https:\/\/www.diarioimagen.net\/index.php?rest_route=%2Fwp%2Fv2%2Fmedia&parent=566173"}],"wp:term":[{"taxonomy":"category","embeddable":true,"href":"https:\/\/www.diarioimagen.net\/index.php?rest_route=%2Fwp%2Fv2%2Fcategories&post=566173"},{"taxonomy":"post_tag","embeddable":true,"href":"https:\/\/www.diarioimagen.net\/index.php?rest_route=%2Fwp%2Fv2%2Ftags&post=566173"}],"curies":[{"name":"wp","href":"https:\/\/api.w.org\/{rel}","templated":true}]}}