{"id":566200,"date":"2022-11-21T00:02:33","date_gmt":"2022-11-21T06:02:33","guid":{"rendered":"https:\/\/www.diarioimagen.net\/?p=566200"},"modified":"2022-11-21T00:41:14","modified_gmt":"2022-11-21T06:41:14","slug":"hay-alrededor-de-14-millones-de-mexicanos-que-padecen-diabetes","status":"publish","type":"post","link":"https:\/\/www.diarioimagen.net\/?p=566200","title":{"rendered":"Hay alrededor de 14 millones de mexicanos que padecen diabetes"},"content":{"rendered":"<p><strong>\u00a0<\/strong><\/p>\n<h3 style=\"text-align: center;\">Estamos en s\u00e9ptimo lugar a nivel mundial<\/h3>\n<p>&nbsp;<\/p>\n<ul>\n<li><strong><em>En las siguientes dos d\u00e9cadas, la cifra se podr\u00eda duplicar, advierte especialista<\/em><\/strong><\/li>\n<\/ul>\n<p>&nbsp;<\/p>\n<div id=\"attachment_566201\" style=\"width: 470px\" class=\"wp-caption aligncenter\"><img loading=\"lazy\" decoding=\"async\" aria-describedby=\"caption-attachment-566201\" class=\"size-full wp-image-566201\" src=\"https:\/\/www.diarioimagen.net\/wp-content\/uploads\/2022\/11\/MEXICO-DIABETICO1.jpg\" alt=\"\" width=\"460\" height=\"270\" \/><p id=\"caption-attachment-566201\" class=\"wp-caption-text\">M\u00e9xico ocupa el s\u00e9ptimo lugar a nivel mundial por el n\u00famero de personas que tienen diabetes mellitus tipo 2.<\/p><\/div>\n<p>&nbsp;<\/p>\n<p>En M\u00e9xico, hay alrededor de 14 millones de personas que tienen diabetes mellitus tipo 2 y en las siguientes dos d\u00e9cadas la cifra se podr\u00eda duplicar, incluidas las complicaciones graves, advirti\u00f3 Sergio Hern\u00e1ndez Jim\u00e9nez, coordinador del Centro de Atenci\u00f3n Integral del Paciente con Diabetes (Caipadi) del Instituto Nacional de Ciencias M\u00e9dicas y Nutrici\u00f3n Salvador Zubir\u00e1n.<\/p>\n<p>Este padecimiento es un problema que sigue en aumento y de mantener esa tendencia puede \u201ccolapsar cualquier sistema de salud\u201d, se\u00f1al\u00f3 el especialista.<\/p>\n<p>La diabetes mellitus tipo 2 se asocia con el sobrepeso y la obesidad, condici\u00f3n con la que viven m\u00e1s de 70 por ciento de los adultos en el pa\u00eds. Tambi\u00e9n es la segunda causa de muerte prematura.<\/p>\n<p>Debido a la pandemia de Covid-19, se registr\u00f3 un aumento de 50 por ciento en las defunciones, que pasaron de 104 mil 352 en 2019 a 151 mil 19 en 2020, y el a\u00f1o pasado se registraron 140 mil 729 decesos, de acuerdo con el Instituto Nacional de Estad\u00edstica y Geograf\u00eda (Inegi).<\/p>\n<p>En noviembre de 2016, este grave problema llev\u00f3 a la Secretar\u00eda de Salud (Ssa) a declararlo emergencia epidemiol\u00f3gica. Tres a\u00f1os antes se cre\u00f3 el Caipadi, con una propuesta novedosa para abordar el padecimiento.<\/p>\n<p>Hern\u00e1ndez Jim\u00e9nez explic\u00f3 que en el centro se aplica un modelo de atenci\u00f3n integral, el cual ya ha demostrado que, con el fortalecimiento de actividades educativas y prevenci\u00f3n, es posible disminuir las complicaciones, principalmente insuficiencia renal, amputaciones y ceguera que provocan discapacidad y elevados costos econ\u00f3micos para las instituciones y las familias de los enfermos.<\/p>\n<p>La diabetes descontrolada tambi\u00e9n aumenta el riesgo de afecciones cardiovasculares y de muerte. Lo mejor es nunca desarrollar la alteraci\u00f3n metab\u00f3lica, pero cuando ya se tiene, \u201csiempre hay algo que hacer\u201d para prevenir las complicaciones. En algunos casos, se pueden revertir o, por lo menos, retrasar su progresi\u00f3n.<\/p>\n<p>La base est\u00e1 en el control de los niveles de glucosa, que en el Caipadi lo consigue 60 por ciento de los pacientes. Lo mismo pasa con la presi\u00f3n arterial y el colesterol, que tambi\u00e9n se mantienen en niveles adecuados en 70 y 60 por ciento de las personas, respectivamente. A nivel nacional, estos indicadores de control no rebasan 40 por ciento y su descontrol incide en el desarrollo de da\u00f1os colaterales.<\/p>\n<p>Hern\u00e1ndez Jim\u00e9nez resalt\u00f3 que en lo que va de 2022, en el centro no ha habido reportes de amputaciones por pie diab\u00e9tico, efecto del modelo que se aplica e incluye la revisi\u00f3n de pies y la capacitaci\u00f3n a los pacientes sobre el cuidado diario que deben tener para prevenir lesiones que, eventualmente, conducen a la p\u00e9rdida de la extremidad.<\/p>\n<p>El esquema consiste en ir m\u00e1s all\u00e1 de la prescripci\u00f3n de medicamentos y en ofrecer consultas de nueve especialidades: endocrinolog\u00eda, educaci\u00f3n en diabetes, oftalmolog\u00eda, nutrici\u00f3n, psicolog\u00eda, odontolog\u00eda, cuidado de pies, actividad f\u00edsica y psiquiatr\u00eda. Todo en un solo d\u00eda. Los pacientes regresan cada mes hasta completar cuatro sesiones, despu\u00e9s el seguimiento es anual.<\/p>\n<p>As\u00ed funciona el centro con alrededor de 3 mil 500 pacientes, algunos de los cuales se han mantenido constantes desde hace nueve a\u00f1os, aunque otra cantidad similar dej\u00f3 de asistir al centro. El coordinador del Caipadi explic\u00f3 que diversos factores influyen en la deserci\u00f3n, como el cambio de domicilio de las personas y las dificultades que enfrentan para ausentarse del trabajo. Aun as\u00ed, el personal m\u00e9dico tiene alternativas, como la telemedicina, desarrollada durante la pandemia de Covid-19 y a la cual recurren para mantener la continuidad en la atenci\u00f3n de 5 por ciento de los usuarios.<\/p>\n<p>El desaf\u00edo es inmenso, a pesar de que, seg\u00fan el especialista, en el pa\u00eds ha permeado la importancia de la atenci\u00f3n integral y ya existen otros centros como Caipadi. Tambi\u00e9n coment\u00f3 que 40 por ciento de los pacientes que llegan por primera vez tienen menos de un a\u00f1o de diagn\u00f3stico de diabetes y ha sido revelador que una tercera parte de ellos ya presentan ciertas alteraciones en la sensibilidad de los pies (neuropat\u00eda diab\u00e9tica), 15 por ciento llega con lesiones iniciales en la retina y un porcentaje similar reporta alg\u00fan grado de da\u00f1o renal.<\/p>\n<p>Este fen\u00f3meno tambi\u00e9n ocurre a escala global y se explica porque, cuando se hace el diagn\u00f3stico de la alteraci\u00f3n metab\u00f3lica, \u201cno es que haya aparecido de manera s\u00fabita. No da por un susto o un coraje. Es una enfermedad que se desarrolla a lo largo de cinco a 10 a\u00f1os antes de que se manifiesten los s\u00edntomas\u201d, explic\u00f3 Hern\u00e1ndez Jim\u00e9nez.<\/p>\n<p>Subray\u00f3 que si bien hay varios factores de riesgo, el principal generador de diabetes es el sobrepeso y la obesidad. Algunos reportes de investigaci\u00f3n mencionan que desde esa etapa aparecen las primeras se\u00f1ales de afectaci\u00f3n en otros \u00f3rganos.<\/p>\n<p>Otro elemento que incide en la elevada prevalencia de la diabetes es que la poblaci\u00f3n mexicana tiene una alta predisposici\u00f3n gen\u00e9tica, a lo que se suma el exceso de peso corporal.<\/p>\n","protected":false},"excerpt":{"rendered":"<p>En M\u00e9xico, hay alrededor de 14 millones de personas que tienen diabetes mellitus tipo 2 y en las siguientes dos d\u00e9cadas la cifra se podr\u00eda duplicar, incluidas las complicaciones graves, advirti\u00f3 Sergio Hern\u00e1ndez Jim\u00e9nez, coordinador del Centro de Atenci\u00f3n Integral del Paciente con Diabetes (Caipadi) del Instituto Nacional de Ciencias M\u00e9dicas y Nutrici\u00f3n Salvador Zubir\u00e1n.<\/p>\n","protected":false},"author":3,"featured_media":566201,"comment_status":"open","ping_status":"open","sticky":false,"template":"","format":"standard","meta":{"_monsterinsights_skip_tracking":false,"_monsterinsights_sitenote_active":false,"_monsterinsights_sitenote_note":"","_monsterinsights_sitenote_category":0,"footnotes":""},"categories":[877],"tags":[9277,193,6387,43692],"class_list":["post-566200","post","type-post","status-publish","format-standard","has-post-thumbnail","hentry","category-salud","tag-diabetes","tag-inegi","tag-mexicanos","tag-salud"],"_links":{"self":[{"href":"https:\/\/www.diarioimagen.net\/index.php?rest_route=\/wp\/v2\/posts\/566200","targetHints":{"allow":["GET"]}}],"collection":[{"href":"https:\/\/www.diarioimagen.net\/index.php?rest_route=\/wp\/v2\/posts"}],"about":[{"href":"https:\/\/www.diarioimagen.net\/index.php?rest_route=\/wp\/v2\/types\/post"}],"author":[{"embeddable":true,"href":"https:\/\/www.diarioimagen.net\/index.php?rest_route=\/wp\/v2\/users\/3"}],"replies":[{"embeddable":true,"href":"https:\/\/www.diarioimagen.net\/index.php?rest_route=%2Fwp%2Fv2%2Fcomments&post=566200"}],"version-history":[{"count":0,"href":"https:\/\/www.diarioimagen.net\/index.php?rest_route=\/wp\/v2\/posts\/566200\/revisions"}],"wp:featuredmedia":[{"embeddable":true,"href":"https:\/\/www.diarioimagen.net\/index.php?rest_route=\/wp\/v2\/media\/566201"}],"wp:attachment":[{"href":"https:\/\/www.diarioimagen.net\/index.php?rest_route=%2Fwp%2Fv2%2Fmedia&parent=566200"}],"wp:term":[{"taxonomy":"category","embeddable":true,"href":"https:\/\/www.diarioimagen.net\/index.php?rest_route=%2Fwp%2Fv2%2Fcategories&post=566200"},{"taxonomy":"post_tag","embeddable":true,"href":"https:\/\/www.diarioimagen.net\/index.php?rest_route=%2Fwp%2Fv2%2Ftags&post=566200"}],"curies":[{"name":"wp","href":"https:\/\/api.w.org\/{rel}","templated":true}]}}