{"id":566230,"date":"2022-11-21T00:03:00","date_gmt":"2022-11-21T06:03:00","guid":{"rendered":"https:\/\/www.diarioimagen.net\/?p=566230"},"modified":"2022-11-21T03:17:43","modified_gmt":"2022-11-21T09:17:43","slug":"trabaja-cuautitlan-izcalli-por-espacios-publicos-seguros-en-beneficio-de-la-poblacion","status":"publish","type":"post","link":"https:\/\/www.diarioimagen.net\/?p=566230","title":{"rendered":"Trabaja Cuautitl\u00e1n Izcalli por espacios p\u00fablicos seguros en beneficio de la poblaci\u00f3n"},"content":{"rendered":"<p>&nbsp;<\/p>\n<p><img loading=\"lazy\" decoding=\"async\" class=\"aligncenter size-full wp-image-566284\" src=\"https:\/\/www.diarioimagen.net\/wp-content\/uploads\/2022\/11\/trabaja-izcalli.jpg\" alt=\"\" width=\"460\" height=\"270\" \/><\/p>\n<p>&nbsp;<\/p>\n<p><strong>Cuautitl\u00e1n Izcalli, Estado de M\u00e9xico.\u2014 <\/strong>A fin de rescatar espacios p\u00fablicos y brindar M\u00e1s Seguridad a las familias izcallenses, la presidenta municipal Karla Fiesco Garc\u00eda inaugur\u00f3 la rehabilitaci\u00f3n de los Parques Deportivos en la Unidad Fidel Vel\u00e1zquez y en el pueblo San Juan Atlamica, as\u00ed como la instalaci\u00f3n de un M\u00f3dulo de Juegos Infantiles en la Explanada Municipal.<\/p>\n<p>De esta manera, la alcaldesa coment\u00f3 que con estas acciones se busca tener espacios m\u00e1s seguros de recreaci\u00f3n para que las familias lo disfruten.<\/p>\n","protected":false},"excerpt":{"rendered":"<p>A fin de rescatar espacios p\u00fablicos y brindar M\u00e1s Seguridad a las familias izcallenses, la presidenta municipal Karla Fiesco Garc\u00eda inaugur\u00f3 la rehabilitaci\u00f3n de los Parques Deportivos en la Unidad Fidel Vel\u00e1zquez y en el pueblo San Juan Atlamica, as\u00ed como la instalaci\u00f3n de un M\u00f3dulo de Juegos Infantiles en la Explanada Municipal.<\/p>\n","protected":false},"author":3,"featured_media":566284,"comment_status":"open","ping_status":"open","sticky":false,"template":"","format":"standard","meta":{"_monsterinsights_skip_tracking":false,"_monsterinsights_sitenote_active":false,"_monsterinsights_sitenote_note":"","_monsterinsights_sitenote_category":0,"footnotes":""},"categories":[5],"tags":[34028,971,43675,7017],"class_list":["post-566230","post","type-post","status-publish","format-standard","has-post-thumbnail","hentry","category-estado-de-mexico","tag-beneficio","tag-cuautitlan-izcalli","tag-estado-de-mexico","tag-poblacion"],"_links":{"self":[{"href":"https:\/\/www.diarioimagen.net\/index.php?rest_route=\/wp\/v2\/posts\/566230","targetHints":{"allow":["GET"]}}],"collection":[{"href":"https:\/\/www.diarioimagen.net\/index.php?rest_route=\/wp\/v2\/posts"}],"about":[{"href":"https:\/\/www.diarioimagen.net\/index.php?rest_route=\/wp\/v2\/types\/post"}],"author":[{"embeddable":true,"href":"https:\/\/www.diarioimagen.net\/index.php?rest_route=\/wp\/v2\/users\/3"}],"replies":[{"embeddable":true,"href":"https:\/\/www.diarioimagen.net\/index.php?rest_route=%2Fwp%2Fv2%2Fcomments&post=566230"}],"version-history":[{"count":0,"href":"https:\/\/www.diarioimagen.net\/index.php?rest_route=\/wp\/v2\/posts\/566230\/revisions"}],"wp:featuredmedia":[{"embeddable":true,"href":"https:\/\/www.diarioimagen.net\/index.php?rest_route=\/wp\/v2\/media\/566284"}],"wp:attachment":[{"href":"https:\/\/www.diarioimagen.net\/index.php?rest_route=%2Fwp%2Fv2%2Fmedia&parent=566230"}],"wp:term":[{"taxonomy":"category","embeddable":true,"href":"https:\/\/www.diarioimagen.net\/index.php?rest_route=%2Fwp%2Fv2%2Fcategories&post=566230"},{"taxonomy":"post_tag","embeddable":true,"href":"https:\/\/www.diarioimagen.net\/index.php?rest_route=%2Fwp%2Fv2%2Ftags&post=566230"}],"curies":[{"name":"wp","href":"https:\/\/api.w.org\/{rel}","templated":true}]}}