{"id":566297,"date":"2022-11-21T00:02:02","date_gmt":"2022-11-21T06:02:02","guid":{"rendered":"https:\/\/www.diarioimagen.net\/?p=566297"},"modified":"2022-11-21T03:29:10","modified_gmt":"2022-11-21T09:29:10","slug":"que-mexico-no-sea-deformado-por-division-y-encono-ricardo-monreal","status":"publish","type":"post","link":"https:\/\/www.diarioimagen.net\/?p=566297","title":{"rendered":"Que M\u00e9xico no sea deformado por divisi\u00f3n y encono: Ricardo Monreal"},"content":{"rendered":"<h2>La Retaguardia<\/h2>\n<h5>Adriana Moreno Cordero<\/h5>\n<p>&nbsp;<\/p>\n<ul>\n<li><strong><em>Jam\u00e1s apoyaremos iniciativa que pretenda debilitar autoridades electorales: \u201cAlito\u201d<\/em><\/strong><\/li>\n<\/ul>\n<p><strong><em>\u00a0<\/em><\/strong><\/p>\n<p>En este fin de semana, el presidente de la Junta de Coordinaci\u00f3n Pol\u00edtica del Senado de la Rep\u00fablica, <strong>Ricardo Monreal Avila<\/strong>, mostr\u00f3 m\u00fasculo en un multitudinario evento que se llev\u00f3\u00a0 cabo en la Arena M\u00e9xico y, con ello, refrend\u00f3 sus intenciones de no bajarse de la carrera presidencial, lo que seguramente le provoc\u00f3 un serio disgusto ni m\u00e1s ni menos que a la jefa de Gobierno de la Ciudad de M\u00e9xico, <strong>Claudia Sheinbaum<\/strong>, que lo m\u00e1s probable, es que vuelva a echar mano de su aliada m\u00e1s incondicional y cercana, la gobernadora de Campeche, Layda Sansores.<\/p>\n<p>Se calcula que asistieron alrededor de 16 mil personas de todo el pa\u00eds, y otros miles, siguieron dicho evento en redes sociales, en el que el legislador zacatecano present\u00f3 su Plan de Reconciliaci\u00f3n Nacional como una plataforma ciudadana que busca eliminar el \u201cveneno de la polarizaci\u00f3n\u201d, reconocer la pluralidad de nuestro pa\u00eds y construir un M\u00e9xico inclusivo, pr\u00f3spero, con justicia social e igualdad de oportunidades.<\/p>\n<p>En el encuentro, el senador Monreal advirti\u00f3 que no se podr\u00e1 lograr un M\u00e9xico mejor y m\u00e1s fuerte si estamos divididos, pues un pa\u00eds que est\u00e1 en batalla contra s\u00ed mismo y cuyos habitantes luchan unos contra otros, definitivamente no puede avanzar.<\/p>\n<p>Agreg\u00f3 el tambi\u00e9n coordinador de Morena en la C\u00e1mara alta que estamos en un momento definitorio para toda la Rep\u00fablica, pero \u201cno somos grupos opuestos\u201d, sino ciudadanos que buscan que nuestro pa\u00eds no sea \u201cdeformado por la divisi\u00f3n y el encono\u201d, pues somos un pueblo con valores, respeto, inteligencia y creatividad; \u201cque nada ni nadie nos achique\u201d.<\/p>\n<p>La esencia de nuestro movimiento \u2014explic\u00f3 uno de los fundadores de Morena\u2014, era preocuparse por los dem\u00e1s y hacer algo por ellos, reivindicar al g\u00e9nero humano, formar comunidad y construir ciudadan\u00eda; \u201cel prop\u00f3sito de nuestro movimiento era luchar por el derecho de todos, de todas las mexicanas a ser felices\u201d.<\/p>\n<p>Describi\u00f3 que haber logrado la victoria electoral de 2018, implicaba trabajar por M\u00e9xico, siempre a partir de ese ideal, por lo que \u201cnosotros seguimos defendiendo la esencia original de este movimiento y no nos hemos alejado de ello\u201d.<\/p>\n<p>Sin embargo, Monreal \u00c1vila hizo especial hincapi\u00e9 en que en este clima de polarizaci\u00f3n que se vive no s\u00f3lo en Morena, sino en la sociedad en general, puede desgarrar a nuestro pa\u00eds en pedazos \u201cy esto tiene que terminar, porque cuando crecen la divisi\u00f3n, el encono y los ataques verbales se pierde la visi\u00f3n de lo importante\u201d. O sea, bien se puede inferir qui\u00e9nes son las dos destinatarias principales de este mensaje.<\/p>\n<p>Al abundar sobre su propuesta de reconciliaci\u00f3n, el senador Monreal explic\u00f3 que reconciliar no se trata necesariamente de acuerdos, de tener las mismas opiniones o convicciones pol\u00edticas, ni de ser iguales, al contrario, \u201ces la materia prima con que se puede crear un M\u00e9xico pr\u00f3spero\u201d, con justicia social e igualdad de oportunidades, \u201cdonde el futuro deje de ser preocupante para llenarse de esperanza y de planes para disfrutar una vida mejor\u201d.<\/p>\n<p>Pero, advirti\u00f3 que la reconciliaci\u00f3n real no llegar\u00e1, hasta que la gente en M\u00e9xico tenga piso parejo y eso empieza con la creaci\u00f3n de un pa\u00eds inclusivo, cuya diversidad sea activada para la unidad y la producci\u00f3n\u201d. Sin embargo, existen grupos sociales que libran una lucha diaria contra estereotipos, discriminaci\u00f3n y exclusi\u00f3n social, as\u00ed que consider\u00f3 prioritario reestablecer un di\u00e1logo p\u00fablico y abierto sobre las secuelas de la inseguridad, pues limita nuestra vida y nos roba la libertad.<\/p>\n<p>Asimismo, el legislador zacatecano destac\u00f3 que resulta incongruente que por necesidad la poblaci\u00f3n se haya adaptado a una situaci\u00f3n inaceptable, por lo que se debe reconocer que la estrategia actual de seguridad debe revisarse, para identificar c\u00f3mo se pueden generar condiciones mejores de convivencia. As\u00ed que el m\u00fasculo est\u00e1 mostrado, para incomodidad de otras \u201ccorcholatas y corcholatos\u201d.<\/p>\n<p>Por otra parte, en la semana que inicia, contin\u00faa el debate en torno a la controvertida reforma electoral que quiere imponer el presidente <strong>Andr\u00e9s Manuel L\u00f3pez Obrador<\/strong>, por eso, en la sesi\u00f3n solemne de instalaci\u00f3n del Consejo Pol\u00edtico Nacional del PRI y la LXI Sesi\u00f3n Extraordinaria de esa instancia, el l\u00edder nacional del tricolor, <strong>Alejandro Moreno<\/strong>, reiterar\u00e1 una vez m\u00e1s que, \u201clos priistas ante nada y ante nadie nos vamos a someter. Jam\u00e1s apoyaremos iniciativa alguna que pretenda debilitar a nuestras autoridades electorales\u201d.<\/p>\n<p>Lo anterior, al tiempo que el campechano brind\u00f3 el respaldo absoluto del PRI para el Instituto Nacional Electoral (INE) y el Tribunal Electoral del Poder Judicial de la Federaci\u00f3n (TEPJF) y reiter\u00f3 que estas instancias electorales tienen en el Revolucionario Institucional a un aliado.<\/p>\n<p>En el auditorio \u201cPlutarco El\u00edas Calles\u201d de la sede nacional del PRI, Alito Moreno volvi\u00f3 a hacer el compromiso de que los legisladores del partido votar\u00e1n en contra de la iniciativa de reforma electoral del gobierno, y precis\u00f3 que, adem\u00e1s, \u201csomos tambi\u00e9n un aliado confiable, firme y consecuente impulsor de la alianza hacia los partidos\u201d.<\/p>\n<p>En lo que es sin duda un llamado para que la coalici\u00f3n opositora vuelva a tener vida y fuerza, el l\u00edder del tricolor expres\u00f3 su reconocimiento a militantes y simpatizantes del PRI, PAN y PRD para dejar atr\u00e1s las diferencias at\u00e1vicas y poner primero a M\u00e9xico.<\/p>\n<p>Moreno C\u00e1rdenas estuvo acompa\u00f1ado por <strong>Carolina Viggiano<\/strong>, Secretaria General del CEN, y <strong>Pablo Angulo<\/strong>, quien fue electo Secretario T\u00e9cnico del CPN y record\u00f3 que \u201cVa por M\u00e9xico\u201d contribuy\u00f3 significativamente para arrebatarle la mayor\u00eda calificada al partido del presidente L\u00f3pez Obrador, \u201cmayor\u00eda calificada que el grupo en el poder de entonces, entre los cuales estaban algunos de los actuales vociferantes internos, le entregaron tres a\u00f1os antes\u201d.<\/p>\n<p style=\"text-align: center;\"><strong>Municiones<\/strong><\/p>\n<p>*** As\u00ed como para ir preparando el terreno para lo que por las \u201cex benditas redes sociales\u201d se conoce como la marcha del ardor que tendr\u00e1 lugar el 27 de noviembre, durante la ceremonia con motivo del 112 aniversario del inicio de la Revoluci\u00f3n Mexicana<em>,<\/em> el presidente L\u00f3pez Obrador declar\u00f3 que, \u201csi no estuvi\u00e9ramos respaldados por la mayor\u00eda de los mexicanos y en especial por los pobres, ya nos hab\u00edan derrotado los conservadores o habr\u00edamos tenido que someternos a sus caprichos\u201d. Bueno, tal parece que en esta errada y llamada Cuarta Transformaci\u00f3n, hay que someterse a los caprichos de un s\u00f3lo hombre, que ha tomado el Palacio Nacional como suyo, \u00bfo no?\u00a0 Dentro de lo destacable de esta ceremonia, es que ahora s\u00ed estuvo presente el presidente de la Mesa Directiva de la C\u00e1mara de Diputados, <strong>Santiago Creel<\/strong> y no como en el aniversario de los Ni\u00f1os H\u00e9roes, como cuando <strong>Beatriz Guti\u00e9rrez<\/strong>, sinti\u00e9ndose due\u00f1a y se\u00f1ora, de plano corri\u00f3 al panista. En esta ocasi\u00f3n no lo hizo porque no estuvo presente. \u00a1Qu\u00e9 tal!<\/p>\n<p><u><a href=\"mailto:morcora@gmail.com\" target=\"_blank\" rel=\"noopener noreferrer\"><em>morcora@gmail.com<\/em><\/a><\/u><\/p>\n","protected":false},"excerpt":{"rendered":"<p><span style=\"color: #005497;\"><strong>Adriana Moreno Cordero<\/strong><\/span><\/p>\n","protected":false},"author":3,"featured_media":0,"comment_status":"open","ping_status":"open","sticky":false,"template":"","format":"standard","meta":{"_monsterinsights_skip_tracking":false,"_monsterinsights_sitenote_active":false,"_monsterinsights_sitenote_note":"","_monsterinsights_sitenote_category":0,"footnotes":""},"categories":[69370],"tags":[69369,69368,43674],"class_list":["post-566297","post","type-post","status-publish","format-standard","hentry","category-adriana-moreno-cordero","tag-adriana-moreno-cordero","tag-la-retaguardia","tag-opinion"],"_links":{"self":[{"href":"https:\/\/www.diarioimagen.net\/index.php?rest_route=\/wp\/v2\/posts\/566297","targetHints":{"allow":["GET"]}}],"collection":[{"href":"https:\/\/www.diarioimagen.net\/index.php?rest_route=\/wp\/v2\/posts"}],"about":[{"href":"https:\/\/www.diarioimagen.net\/index.php?rest_route=\/wp\/v2\/types\/post"}],"author":[{"embeddable":true,"href":"https:\/\/www.diarioimagen.net\/index.php?rest_route=\/wp\/v2\/users\/3"}],"replies":[{"embeddable":true,"href":"https:\/\/www.diarioimagen.net\/index.php?rest_route=%2Fwp%2Fv2%2Fcomments&post=566297"}],"version-history":[{"count":0,"href":"https:\/\/www.diarioimagen.net\/index.php?rest_route=\/wp\/v2\/posts\/566297\/revisions"}],"wp:attachment":[{"href":"https:\/\/www.diarioimagen.net\/index.php?rest_route=%2Fwp%2Fv2%2Fmedia&parent=566297"}],"wp:term":[{"taxonomy":"category","embeddable":true,"href":"https:\/\/www.diarioimagen.net\/index.php?rest_route=%2Fwp%2Fv2%2Fcategories&post=566297"},{"taxonomy":"post_tag","embeddable":true,"href":"https:\/\/www.diarioimagen.net\/index.php?rest_route=%2Fwp%2Fv2%2Ftags&post=566297"}],"curies":[{"name":"wp","href":"https:\/\/api.w.org\/{rel}","templated":true}]}}