{"id":566302,"date":"2023-01-04T00:08:15","date_gmt":"2023-01-04T06:08:15","guid":{"rendered":"https:\/\/www.diarioimagen.net\/?p=566302"},"modified":"2023-01-04T01:24:09","modified_gmt":"2023-01-04T07:24:09","slug":"revisar-estrategia-de-seguridad","status":"publish","type":"post","link":"https:\/\/www.diarioimagen.net\/?p=566302","title":{"rendered":"Revisar estrategia de seguridad"},"content":{"rendered":"<h2>Punto por punto<\/h2>\n<h5>Augusto Corro<\/h5>\n<p>&nbsp;<\/p>\n<p>En una reuni\u00f3n con sus seguidores el l\u00edder morenista en el Senado, Ricardo Monreal \u00c1vila, aspirante a la silla presidencial, pidi\u00f3 que se reconozca que la estrategia actual de seguridad del gobierno \u201cdebe revisarse\u201d. Cabe se\u00f1alar que son cuatro \u201ccorcholatas\u201d de Morena que buscan la candidatura presidencial para 2024: Claudia Sheinbaum, jefa del Gobierno de la CDMX; Marcelo Ebrard, secretario de Relaciones Exteriores (SRE; Ad\u00e1n Augusto L\u00f3pez, titular de Gobernaci\u00f3n y el legislador zacatecano Monreal.<\/p>\n<p>El senador Monreal \u00c1vila present\u00f3 su proyecto de reconciliaci\u00f3n en la Arena M\u00e9xico ante sus seguidores que coreaban \u201cpresidente, presidente\u201d. El planteamiento fue directamente a tratar uno de los problemas m\u00e1s importantes que enfrenta el actual gobierno. Se trata de un tema que sigue sin soluci\u00f3n, pues M\u00e9xico se encuentra sometido a una inseguridad permanente en diferentes partes del territorio, claro, en unos estados es mayor la actividad delictiva.<\/p>\n<p>La espiral de violencia viene de sexenios pasados, pero su incremento definitivo empez\u00f3 en el gobierno del presidente panista Felipe Calder\u00f3n, quien declar\u00f3 la guerra, sin estrategia alguna, a los c\u00e1rteles del narcotr\u00e1fico, que condujo a la multiplicaci\u00f3n de los grupos del crimen organizado con la diversificaci\u00f3n de delitos. Ya no fueron la producci\u00f3n y la lucha por las plazas, sino que empezaron a crecer robos, extorsiones, secuestros y asesinatos, con una dosis importante de impunidad.<\/p>\n<p>Los cr\u00edmenes se produjeron en diferentes sectores con elevado n\u00famero de v\u00edctimas como periodistas, activistas y pol\u00edticos. Los feminicidios se suman a la ola de violencia. Los informes de las autoridades sobre estos asuntos s\u00f3lo revelan que el problema sigue sin posibilidades de erradicarlo. El n\u00famero de personas desaparecidas se volvi\u00f3 una pesadilla; las masacres siguen, etc. En su discurso, el senador Monreal \u00c1vila pidi\u00f3 que se reconozca que la estrategia actual de seguridad del gobierno \u201cdebe revisarse\u201d. Adem\u00e1s, exhort\u00f3 a combatir la impunidad vergonzosa, la violaci\u00f3n sistem\u00e1tica de la ley y la corrupci\u00f3n. El pr\u00f3ximo 27 de noviembre, el presidente L\u00f3pez Obrador rendir\u00e1 su Cuarto Informe de Gobierno y tocar\u00e1 el tema de la violencia, quiz\u00e1s nada halagador, ni nada nuevo. Tendr\u00e1 que hablar de otros asuntos, con diferentes distractores: en la recta final del gobierno lopezobradorista la inseguridad sigue estancada.<\/p>\n<p>En la reuni\u00f3n de la Arena M\u00e9xico, el l\u00edder del Senado present\u00f3 su proyecto de reconciliaci\u00f3n, dijo que se est\u00e1 viendo como \u201cla descalificaci\u00f3n y una lucha sorda para tener raz\u00f3n, generan divisi\u00f3n social en nuestro pa\u00eds, para dividirnos en grupos que hacen referencia como pocas veces en la historia a nuestro tono de piel, a nuestro lugar de nacimiento, nuestros estudios y hasta nuestras aspiraciones en la vida\u201d. Explic\u00f3 que \u201cse genera una percepci\u00f3n de que hay grupos de buenos y malos, ricos y pobres, \u201cmorenos\u201d y g\u00fceros, los correctos y los equivocados. Esta naci\u00f3n tan grande se est\u00e1 encogiendo debajo de las descalificaciones que s\u00f3lo nos hacen m\u00e1s peque\u00f1os, muestran a todas y a todos en su peor versi\u00f3n\u201d.<\/p>\n<p>El legislador zacatecano reiter\u00f3 su aspiraci\u00f3n para competir en la elecci\u00f3n presidencial de 2024. Despu\u00e9s en Twitter dio a conocer un video en el que se\u00f1al\u00f3 que \u201cla polarizaci\u00f3n es veneno para nuestro pa\u00eds. Enciende conflictos y conduce a la violencia. Somos un pueblo de valores, respeto, inteligencia, creatividad y altura. Lograr un M\u00e9xico reconciliado es tener justicia social, y que todas y todos vivamos en igualdad, con piso parejo\u201d. Reiter\u00f3 que \u201cuna vez que lleguen los tiempos legales\u201d se inscribir\u00e1 en la contienda por la presidencia de la Rep\u00fablica. No estamos solos, respondamos a cada provocaci\u00f3n con propuesta de reconciliaci\u00f3n\u201d.<\/p>\n<p>\u00bfUsted qu\u00e9 opina amable lector?<\/p>\n<p><em><a href=\"mailto:aco2742@hotmail.com\" target=\"_blank\" rel=\"noopener noreferrer\">aco2742@hotmail.com<\/a><\/em><\/p>\n","protected":false},"excerpt":{"rendered":"<p><span style=\"color: #005497;\"><strong>Augusto Corro<\/strong><\/span><\/p>\n","protected":false},"author":3,"featured_media":0,"comment_status":"open","ping_status":"open","sticky":false,"template":"","format":"standard","meta":{"_monsterinsights_skip_tracking":false,"_monsterinsights_sitenote_active":false,"_monsterinsights_sitenote_note":"","_monsterinsights_sitenote_category":0,"footnotes":""},"categories":[157],"tags":[43686,43674,11515],"class_list":["post-566302","post","type-post","status-publish","format-standard","hentry","category-augusto-corro","tag-augusto-corro","tag-opinion","tag-punto-por-punto"],"_links":{"self":[{"href":"https:\/\/www.diarioimagen.net\/index.php?rest_route=\/wp\/v2\/posts\/566302","targetHints":{"allow":["GET"]}}],"collection":[{"href":"https:\/\/www.diarioimagen.net\/index.php?rest_route=\/wp\/v2\/posts"}],"about":[{"href":"https:\/\/www.diarioimagen.net\/index.php?rest_route=\/wp\/v2\/types\/post"}],"author":[{"embeddable":true,"href":"https:\/\/www.diarioimagen.net\/index.php?rest_route=\/wp\/v2\/users\/3"}],"replies":[{"embeddable":true,"href":"https:\/\/www.diarioimagen.net\/index.php?rest_route=%2Fwp%2Fv2%2Fcomments&post=566302"}],"version-history":[{"count":0,"href":"https:\/\/www.diarioimagen.net\/index.php?rest_route=\/wp\/v2\/posts\/566302\/revisions"}],"wp:attachment":[{"href":"https:\/\/www.diarioimagen.net\/index.php?rest_route=%2Fwp%2Fv2%2Fmedia&parent=566302"}],"wp:term":[{"taxonomy":"category","embeddable":true,"href":"https:\/\/www.diarioimagen.net\/index.php?rest_route=%2Fwp%2Fv2%2Fcategories&post=566302"},{"taxonomy":"post_tag","embeddable":true,"href":"https:\/\/www.diarioimagen.net\/index.php?rest_route=%2Fwp%2Fv2%2Ftags&post=566302"}],"curies":[{"name":"wp","href":"https:\/\/api.w.org\/{rel}","templated":true}]}}