{"id":566318,"date":"2022-11-21T00:12:06","date_gmt":"2022-11-21T06:12:06","guid":{"rendered":"https:\/\/www.diarioimagen.net\/?p=566318"},"modified":"2022-11-21T03:47:52","modified_gmt":"2022-11-21T09:47:52","slug":"amlo-los-desune-y-vuelve-a-juntar","status":"publish","type":"post","link":"https:\/\/www.diarioimagen.net\/?p=566318","title":{"rendered":"AMLO los desune y vuelve a juntar"},"content":{"rendered":"<h2>Tras la puerta del poder<\/h2>\n<h5>Roberto Vizca\u00edno<\/h5>\n<p>&nbsp;<\/p>\n<p>Con fuertes reticencias y much\u00edsimas dudas, rechazos insalvables dentro de sus equipos, pero <strong>Marko Cort\u00e9s<\/strong> y <strong>Jes\u00fas Zambrano<\/strong>, dirigentes de PAN y PRD ya aceptaron que \u201cpronto\u201d se van a sentar de nuevo con <strong>Alejandro <em>Alito<\/em> Moreno<\/strong> a negociar el regreso del PRI a la alianza Va por M\u00e9xico.<\/p>\n<p>Ninguno de los dos quiere dar el primer paso para la foto de la reconciliaci\u00f3n con el campechano traicionero, pero saben que deber\u00e1n hacerlo si quieren que la alianza sea efectiva en el Estado de M\u00e9xico y Coahuila.<\/p>\n<p>Sabedor de que ya los tiene de nuevo en su elenco, <strong>Alejandro Moreno<\/strong> deja correr los d\u00edas sin exigir el encuentro con <strong>Cort\u00e9s y Zambrano<\/strong>, pero no pierde oportunidad para recordarles que la alianza electoral con la que pueden ganarle a <strong>AMLO<\/strong> y a Morena tiene que consolidarse ya, ahora, sin p\u00e9rdida de tiempo.<\/p>\n<p>En este contexto, este fin de semana el campechano dijo que los priistas \u201cno nos vamos a someter jam\u00e1s ante nada ni ante nadie\u201d, en referencia quienes todav\u00eda dudan de que puedan votar en contra la reforma electoral de <strong>AMLO<\/strong>.<\/p>\n<p>Y agreg\u00f3:<\/p>\n<p>\u201cNo apoyaremos iniciativa alguna que pretenda debilitar a nuestras autoridades electorales. Nuestro respaldo absoluto para el Instituto Nacional Electoral (INE) y para el Tribunal Electoral del Poder Judicial de la Federaci\u00f3n (TEPJF). En el PRI tienen a un aliado\u201d.<\/p>\n<p>As\u00ed, al instalar en el auditorio \u201cPlutarco El\u00edas Calles\u201d el Consejo Pol\u00edtico Nacional del PRI, <strong><em>Alito<\/em><\/strong> asegur\u00f3 que los diputados de su partido votar\u00e1n en contra de la iniciativa de reforma electoral para demostrar que \u201csomos tambi\u00e9n un aliado confiable, firme y consecuente impulsor de la alianza hacia los partidos\u201d.<\/p>\n<p>El campechano expres\u00f3 su reconocimiento a militantes y simpatizantes del PRI, PAN y PRD y pidi\u00f3 \u201cdejar atr\u00e1s las diferencias at\u00e1vicas y poner primero a M\u00e9xico\u201d a trav\u00e9s de la consolidaci\u00f3n de la alianza Va por M\u00e9xico.<\/p>\n<p>Junto a <strong>Carolina Viggiano<\/strong>, secretaria General del PRI, y de <strong>Pablo Angulo<\/strong>, reci\u00e9n electo Secretario T\u00e9cnico del CPN, el cuestionado dirigente dijo que Va por M\u00e9xico contribuy\u00f3 ya, significativamente, para arrebatarle la mayor\u00eda calificada al partido del Presidente.<\/p>\n<p>\u201cUna mayor\u00eda calificada (dos terceras partes en San L\u00e1zaro) que el grupo en el poder de entonces, entre los cuales estaban algunos de los actuales vociferantes internos, le entregaron tres a\u00f1os antes\u201d.<\/p>\n<p><strong>Triunfalista, Moreno<\/strong> subray\u00f3 que es m\u00e1s que evidente que la coalici\u00f3n \u201cVa por M\u00e9xico\u201d es hasta hoy la \u00fanica alternativa para quitarle a <strong>AMLO<\/strong> y a Morena el poder.<\/p>\n<p>\u201cDe haber fracasado (en las elecciones federales del 2021, dijo), hoy ya no habr\u00eda instituciones ni Estado de Derecho\u201d.<\/p>\n<p>As\u00ed, ante el pleno del Consejo Pol\u00edtico, Moreno consider\u00f3 que a \u00e9l le \u201cha tocado impulsar al PRI en el momento m\u00e1s adverso de su historia\u201d.<\/p>\n<p>Enumer\u00f3:<\/p>\n<p>\u201cEn un contexto de violaci\u00f3n sistem\u00e1tica a las leyes electorales, de descarada compra de votos con dinero p\u00fablico, de intervenci\u00f3n ilegal del aparato burocr\u00e1tico y de la intromisi\u00f3n de las organizaciones criminales en elecciones, el PRI pas\u00f3 de 100 Diputados Locales a m\u00e1s de 200, y de menos de 400 Ayuntamientos a m\u00e1s de 500\u2026<\/p>\n<p>\u201cLos verdaderos priistas estamos llamados a consolidar el r\u00e9gimen democr\u00e1tico del que somos constructores y celosos guardianes. La pretensi\u00f3n de construir una nueva hegemon\u00eda pol\u00edtica para que nos adoctrine y someta, deber\u00e1 ser derrotada. Nuestro destino es el r\u00e9gimen democr\u00e1tico y de justicia social.<\/p>\n<p>\u201cHoy contamos con el est\u00edmulo de saber que el camino adoptado a favor de la alianza Va por M\u00e9xico es el correcto. Pero nos falta librar a\u00fan nuevas batallas, que son ganar con claridad y contundencia las elecciones del Estado de M\u00e9xico y en Coahuila en el 2023, as\u00ed como en la presidencial del 2024. Est\u00e1 en juego el presente y el futuro de la naci\u00f3n\u201d.<\/p>\n<p>As\u00ed que o va o va la alianza, \u00bfno?<\/p>\n<p style=\"text-align: center;\"><strong>Hay que validar compromisos con socios internacionales<\/strong><\/p>\n<p>El fin de la semana anterior, <strong>Ricardo Monreal<\/strong> no s\u00f3lo ratific\u00f3 su intenci\u00f3n de ir por la Presidencia de la Rep\u00fablica en 2024, sino que llam\u00f3 la atenci\u00f3n de los socios internacionales de M\u00e9xico (por ejemplo la Uni\u00f3n Europea y de Estados Unidos y Canad\u00e1) de lo que significar\u00eda para ellos que \u00e9l lo lograra, al indicar que M\u00e9xico necesita comprometerse con sus socios internacionales para garantizar ciberseguridad regional.<\/p>\n<p>As\u00ed, al inaugurar en el Senado el foro virtual: \u201cHacia un ciberespacio m\u00e1s seguro para M\u00e9xico\u201d, indic\u00f3 que ir a un ciberespacio m\u00e1s seguro requiere de contar con un marco legal que garantice la seguridad en Internet, a fin de proteger a usuarios, empresas y la soberan\u00eda de los pa\u00edses.<\/p>\n<p>El presidente de la Junta de Coordinaci\u00f3n Pol\u00edtica del Senado afirm\u00f3 que la ciberseguridad no s\u00f3lo es necesaria para la seguridad nacional de M\u00e9xico, sino que tambi\u00e9n es un factor para el desarrollo social y econ\u00f3mico.<\/p>\n<p>El incremento de los ataques cibern\u00e9ticos es indicativo de que se requiere un modelo de gobernanza que incluya la ciberseguridad, as\u00ed como un marco jur\u00eddico s\u00f3lido y moderno; y en este sentido, los parlamentos desempe\u00f1an un papel central, ya que de ellos emanan las propuestas para crear un modelo adaptado a las nuevas realidades de la era digital, record\u00f3.<\/p>\n<p><em><a href=\"mailto:rvizcainoa@gmail.com\" target=\"_blank\" rel=\"noopener noreferrer\">vizcainoa@gmail.com<\/a><a href=\"mailto:rvizcainoa@gmail.com\" target=\"_blank\" rel=\"noopener noreferrer\"><br \/>\n<\/a><a href=\"http:\/\/endirecto.mx\" target=\"_blank\" rel=\"noopener noreferrer\">www.endirecto.mx<\/a><a href=\"mailto:rvizcainoa@gmail.com\" target=\"_blank\" rel=\"noopener noreferrer\"><br \/>\n<\/a><a href=\"https:\/\/twitter.com\/_rvizcaino\" target=\"_blank\" rel=\"noopener noreferrer\">@_RVizcaino<\/a><a href=\"mailto:rvizcainoa@gmail.com\" target=\"_blank\" rel=\"noopener noreferrer\"><br \/>\n<\/a><a href=\"https:\/\/www.facebook.com\/rvizcainoa\" target=\"_blank\" rel=\"noopener noreferrer\">facebook.com\/rvizcainoa<\/a><\/em><\/p>\n","protected":false},"excerpt":{"rendered":"<p><span style=\"color: #005497;\"><strong>Roberto Vizca\u00edno<\/strong><\/span><\/p>\n","protected":false},"author":3,"featured_media":0,"comment_status":"open","ping_status":"open","sticky":false,"template":"","format":"standard","meta":{"_monsterinsights_skip_tracking":false,"_monsterinsights_sitenote_active":false,"_monsterinsights_sitenote_note":"","_monsterinsights_sitenote_category":0,"footnotes":""},"categories":[136],"tags":[43674,93,94],"class_list":["post-566318","post","type-post","status-publish","format-standard","hentry","category-roberto-vizcaino-opinion","tag-opinion","tag-roberto-vizcaino","tag-tras-la-puerta-del-poder"],"_links":{"self":[{"href":"https:\/\/www.diarioimagen.net\/index.php?rest_route=\/wp\/v2\/posts\/566318","targetHints":{"allow":["GET"]}}],"collection":[{"href":"https:\/\/www.diarioimagen.net\/index.php?rest_route=\/wp\/v2\/posts"}],"about":[{"href":"https:\/\/www.diarioimagen.net\/index.php?rest_route=\/wp\/v2\/types\/post"}],"author":[{"embeddable":true,"href":"https:\/\/www.diarioimagen.net\/index.php?rest_route=\/wp\/v2\/users\/3"}],"replies":[{"embeddable":true,"href":"https:\/\/www.diarioimagen.net\/index.php?rest_route=%2Fwp%2Fv2%2Fcomments&post=566318"}],"version-history":[{"count":0,"href":"https:\/\/www.diarioimagen.net\/index.php?rest_route=\/wp\/v2\/posts\/566318\/revisions"}],"wp:attachment":[{"href":"https:\/\/www.diarioimagen.net\/index.php?rest_route=%2Fwp%2Fv2%2Fmedia&parent=566318"}],"wp:term":[{"taxonomy":"category","embeddable":true,"href":"https:\/\/www.diarioimagen.net\/index.php?rest_route=%2Fwp%2Fv2%2Fcategories&post=566318"},{"taxonomy":"post_tag","embeddable":true,"href":"https:\/\/www.diarioimagen.net\/index.php?rest_route=%2Fwp%2Fv2%2Ftags&post=566318"}],"curies":[{"name":"wp","href":"https:\/\/api.w.org\/{rel}","templated":true}]}}