{"id":566656,"date":"2022-11-22T00:01:20","date_gmt":"2022-11-22T06:01:20","guid":{"rendered":"https:\/\/www.diarioimagen.net\/?p=566656"},"modified":"2022-11-22T23:50:39","modified_gmt":"2022-11-23T05:50:39","slug":"encara-pjcdmx-con-optimismo-tarea-de-lograr-una-justicia-inmediata-palpable-y-eficiente-rafael-guerra-alvarez","status":"publish","type":"post","link":"https:\/\/www.diarioimagen.net\/?p=566656","title":{"rendered":"Encara PJCDMX con optimismo tarea de lograr una justicia inmediata, palpable y eficiente: Rafael Guerra \u00c1lvarez"},"content":{"rendered":"<p>&nbsp;<\/p>\n<ul>\n<li><strong><em>As\u00ed lo subray\u00f3 el presidente del \u00f3rgano judicial, al rendir su Primer Informe de Labores, con la presencia de la jefa de gobierno, Claudia Sheinbaum Pardo, y del presidente de la Mesa Directiva del Congreso, Fausto Zamorano Esparza<\/em><\/strong><\/li>\n<\/ul>\n<p><strong>\u00a0<\/strong><\/p>\n<h6>Gloria Carpio<\/h6>\n<p>&nbsp;<\/p>\n<div id=\"attachment_566739\" style=\"width: 470px\" class=\"wp-caption aligncenter\"><a href=\"https:\/\/www.diarioimagen.net\/?attachment_id=566739\" rel=\"attachment wp-att-566739\"><img loading=\"lazy\" decoding=\"async\" aria-describedby=\"caption-attachment-566739\" class=\"size-full wp-image-566739\" src=\"https:\/\/www.diarioimagen.net\/wp-content\/uploads\/2022\/11\/informe-1.jpg\" alt=\"\" width=\"460\" height=\"467\" \/><\/a><p id=\"caption-attachment-566739\" class=\"wp-caption-text\">El magistrado Rafael Guerra \u00c1lvarez refrend\u00f3 la misi\u00f3n del PJCDMX de democratizar la justicia, con la mejora de servicios, con mayor eficiencia, efectividad y transparencia, mediante el uso de las tecnolog\u00edas de la informaci\u00f3n.<\/p><\/div>\n<p>&nbsp;<\/p>\n<p>El Poder Judicial de la Ciudad de M\u00e9xico (PJCDMX) encara con optimismo la tarea de abrir sus puertas para hacer que la justicia sea una realidad inmediata, palpable, eficiente, proactiva y sensible a las condiciones individuales y colectivas, afirm\u00f3 el presidente del \u00f3rgano judicial, al rendir su primer Informe de Labores.<\/p>\n<p>En sesi\u00f3n p\u00fablica del pleno de magistrados y del pleno de consejeros de la Judicatura local, refrend\u00f3 la misi\u00f3n del PJCDMX de democratizar la justicia, con la mejora de servicios, con mayor eficiencia, efectividad y transparencia, y mediante el uso de las tecnolog\u00edas de la informaci\u00f3n.<\/p>\n<div id=\"attachment_566742\" style=\"width: 470px\" class=\"wp-caption aligncenter\"><a href=\"https:\/\/www.diarioimagen.net\/?attachment_id=566742\" rel=\"attachment wp-att-566742\"><img loading=\"lazy\" decoding=\"async\" aria-describedby=\"caption-attachment-566742\" class=\"size-full wp-image-566742\" src=\"https:\/\/www.diarioimagen.net\/wp-content\/uploads\/2022\/11\/informe-2.jpg\" alt=\"\" width=\"460\" height=\"240\" \/><\/a><p id=\"caption-attachment-566742\" class=\"wp-caption-text\">Con la presencia de la jefa de gobierno de la Ciudad de M\u00e9xico, Claudia Sheinbaum Pardo, y del presidente de la Mesa Directiva del Congreso local, Fausto Zamorano Esparza, Guerra \u00c1lvarez enfatiz\u00f3 que, con orgullo y sentido de pertenencia, refrenda su lealtad incondicional \u201ca esta casa de justicia y a los principios que rigen la carrera judicial\u201d.<\/p><\/div>\n<p>&nbsp;<\/p>\n<p>Con la presencia de la jefa de gobierno de la Ciudad de M\u00e9xico, Claudia Sheinbaum Pardo, y del presidente de la Mesa Directiva del Congreso local, Fausto Zamorano Esparza, Guerra \u00c1lvarez enfatiz\u00f3 que, con orgullo y sentido de pertenencia, refrenda su lealtad incondicional \u201ca esta casa de justicia y a los principios que rigen la carrera judicial\u201d.<\/p>\n<p>Inform\u00f3 que en este primer a\u00f1o de su segunda gesti\u00f3n al frente del \u00f3rgano judicial se cumpli\u00f3 con el 88.5 por ciento de las metas programadas, lo que equivale al 31 por ciento del cumplimiento global del plan institucional proyectado a 2025.<\/p>\n<p>El magistrado destac\u00f3 que en el \u00f3rgano judicial capitalino se comenz\u00f3 una nueva \u00e9poca en la historia de la justicia, al incorporar la materia del trabajo a la funci\u00f3n jurisdiccional con la entrada en operaci\u00f3n de 10 tribunales laborales; nueve dedicados a conflictos individuales y uno a colectivos.<\/p>\n<div id=\"attachment_566744\" style=\"width: 470px\" class=\"wp-caption aligncenter\"><a href=\"https:\/\/www.diarioimagen.net\/?attachment_id=566744\" rel=\"attachment wp-att-566744\"><img loading=\"lazy\" decoding=\"async\" aria-describedby=\"caption-attachment-566744\" class=\"size-full wp-image-566744\" src=\"https:\/\/www.diarioimagen.net\/wp-content\/uploads\/2022\/11\/informe-3.jpg\" alt=\"\" width=\"460\" height=\"340\" \/><\/a><p id=\"caption-attachment-566744\" class=\"wp-caption-text\">Al rendir su Primer Informe de Labores, de su segundo periodo como presidente del PJCDMX, Rafael Guerra \u00c1lvarez destac\u00f3 que este a\u00f1o ingresaron a los juzgados de primera instancia 291 mil 747 expedientes, de los cuales 142 mil 745 fueron relativos a la materia civil. Asimismo, dijo que se concluyeron 164 mil 105 asuntos, lo que concretiza la impartici\u00f3n de justicia como funci\u00f3n primordial de la instituci\u00f3n.<\/p><\/div>\n<p>&nbsp;<\/p>\n<p>\u201cNos inspira el objetivo de consolidar la democracia sindical y a forjar un sistema de justicia pronta, din\u00e1mica y comprometida con la sociedad\u201d, subray\u00f3.<\/p>\n<p>Enfatiz\u00f3 que, en materia de justicia digital, gracias a la visi\u00f3n colectiva de los integrantes del PJCDMX, se dieron pasos importantes en esa materia, mucho antes de que esta se integrara a la Constituci\u00f3n local.<\/p>\n<p>En la instituci\u00f3n \u201cestamos convencidos de que la justicia electr\u00f3nica representa grandes inversiones, pero al mismo tiempo genera grandes recompensas\u201d, dijo Guerra \u00c1lvarez, quien anunci\u00f3 que se mantendr\u00e1 la adopci\u00f3n de nuevas tecnolog\u00edas, herramientas y plataformas, con el fin de evolucionar la impartici\u00f3n de justicia en la ciudad.<\/p>\n<div id=\"attachment_566745\" style=\"width: 470px\" class=\"wp-caption aligncenter\"><a href=\"https:\/\/www.diarioimagen.net\/?attachment_id=566745\" rel=\"attachment wp-att-566745\"><img loading=\"lazy\" decoding=\"async\" aria-describedby=\"caption-attachment-566745\" class=\"size-full wp-image-566745\" src=\"https:\/\/www.diarioimagen.net\/wp-content\/uploads\/2022\/11\/informe-4.jpg\" alt=\"\" width=\"460\" height=\"377\" \/><\/a><p id=\"caption-attachment-566745\" class=\"wp-caption-text\">Momento en que el presidente magistrado del PJCDMX, Rafael Guerra \u00c1lvarez entrega al presidente de la Mesa Directiva del Congreso local, Fausto Zamorano Esparza, su Primer Informe de Labores, de su segunda gesti\u00f3n al frente del \u00f3rgano judicial.<\/p><\/div>\n<p>&nbsp;<\/p>\n<p>\u201cEste a\u00f1o comenzamos la tercera etapa del Sistema de Citas Electr\u00f3nicas en juzgados civiles y familiares, tanto de proceso escrito como oral; esta nueva herramienta nos permiti\u00f3 mitigar el impacto de las incidencias sanitarias, as\u00ed como acelerar procesos y hacerlos m\u00e1s eficientes\u201d, subray\u00f3.<\/p>\n<p>Al dimensionar el trabajo que se realiza en la instituci\u00f3n, indic\u00f3 que en el a\u00f1o se recibieron a 10 millones 435 mil 700 usuarios de los servicios de la justicia, lo que equivale a 41 mil 742 por d\u00eda.<\/p>\n<div id=\"attachment_566746\" style=\"width: 470px\" class=\"wp-caption aligncenter\"><a href=\"https:\/\/www.diarioimagen.net\/?attachment_id=566746\" rel=\"attachment wp-att-566746\"><img loading=\"lazy\" decoding=\"async\" aria-describedby=\"caption-attachment-566746\" class=\"size-full wp-image-566746\" src=\"https:\/\/www.diarioimagen.net\/wp-content\/uploads\/2022\/11\/informe-5.jpg\" alt=\"\" width=\"460\" height=\"462\" \/><\/a><p id=\"caption-attachment-566746\" class=\"wp-caption-text\">El juez 34 Civil del PJCDMX, Juan Carlos L\u00f3pez Gonz\u00e1lez; la magistrada de la Quinta Sala Civil, Rosalba Guerrero Rodr\u00edguez; la Fiscal General de Justicia de la Ciudad de M\u00e9xico, Ernestina Godoy Ramos, y el magistrado de la S\u00e9ptima Sala Civil, Roberto Mart\u00ednez Gonz\u00e1lez.<\/p><\/div>\n<p>&nbsp;<\/p>\n<p>Destac\u00f3 que este a\u00f1o ingresaron a los juzgados de primera instancia 291 mil 747 expedientes, de los cuales 142 mil 745 fueron relativos a la materia civil. Asimismo, dijo que se concluyeron 164 mil 105 asuntos, lo que concretiza la impartici\u00f3n de justicia como funci\u00f3n primordial de la instituci\u00f3n.<\/p>\n<p>Para ilustrar el impacto positivo de la oralidad, precis\u00f3 que, tan s\u00f3lo en la materia penal, se registraron 30 mil 195 juicios iniciados, de los cuales se concluyeron 28 mil 376, es decir, m\u00e1s del 93 por ciento.<\/p>\n<div id=\"attachment_566747\" style=\"width: 470px\" class=\"wp-caption aligncenter\"><a href=\"https:\/\/www.diarioimagen.net\/?attachment_id=566747\" rel=\"attachment wp-att-566747\"><img loading=\"lazy\" decoding=\"async\" aria-describedby=\"caption-attachment-566747\" class=\"size-full wp-image-566747\" src=\"https:\/\/www.diarioimagen.net\/wp-content\/uploads\/2022\/11\/informe-6.jpg\" alt=\"\" width=\"460\" height=\"344\" \/><\/a><p id=\"caption-attachment-566747\" class=\"wp-caption-text\">Magistrados del PJCDMX: Jos\u00e9 G\u00f3mez Gonz\u00e1lez, Eliseo Juan Hern\u00e1ndez, Yaopol P\u00e9rez Amaya Jim\u00e9nez y Jaime Silva Gaxiola.<\/p><\/div>\n<p>&nbsp;<\/p>\n<p>Precis\u00f3 que se efectuaron 104 mil 048 audiencias orales, lo que equivale 8 mil 672 por mes, y que se emitieron 4 millones 419 mil 588 acuerdos en los juzgados de primera instancia, lo que se traduce en 12 mil 108 por d\u00eda.<\/p>\n<p>Se refiri\u00f3 al trabajo jurisdiccional a favor de las mujeres, y mencion\u00f3 que jueces de control del sistema procesal penal acusatorio ratificaron o concedieron 11 mil 952 medidas de protecci\u00f3n a mujeres v\u00edctimas de violencia.<\/p>\n<div id=\"attachment_566748\" style=\"width: 470px\" class=\"wp-caption aligncenter\"><a href=\"https:\/\/www.diarioimagen.net\/?attachment_id=566748\" rel=\"attachment wp-att-566748\"><img loading=\"lazy\" decoding=\"async\" aria-describedby=\"caption-attachment-566748\" class=\"size-full wp-image-566748\" src=\"https:\/\/www.diarioimagen.net\/wp-content\/uploads\/2022\/11\/informe-7.jpg\" alt=\"\" width=\"460\" height=\"562\" \/><\/a><p id=\"caption-attachment-566748\" class=\"wp-caption-text\">Los magistrados del PJCDMX: Ernesto Herrera Tovar y Roberto Mart\u00ednez Gonz\u00e1lez.<\/p><\/div>\n<p>&nbsp;<\/p>\n<p>\u201cParticipamos con entusiasmo y puntualidad en el seguimiento mensual de la Declaratoria de Alerta de G\u00e9nero por Violencia contra las Mujeres por ser un compromiso cardinal en el Poder Judicial de la Ciudad de M\u00e9xico\u201d, subray\u00f3.<\/p>\n<p>Guerra \u00c1lvarez dio cuenta de que m\u00e1s de 9 mil 800 servidores p\u00fablicos de la instituci\u00f3n se capacitaron en programas organizados por el Instituto de Estudios Judiciales como parte de la estrategia para afianzar el car\u00e1cter transversal de la perspectiva de g\u00e9nero en el quehacer jurisdiccional, lo que representa el 91 por ciento del total de la comunidad judicial.<\/p>\n<div id=\"attachment_566750\" style=\"width: 470px\" class=\"wp-caption aligncenter\"><a href=\"https:\/\/www.diarioimagen.net\/?attachment_id=566750\" rel=\"attachment wp-att-566750\"><img loading=\"lazy\" decoding=\"async\" aria-describedby=\"caption-attachment-566750\" class=\"size-full wp-image-566750\" src=\"https:\/\/www.diarioimagen.net\/wp-content\/uploads\/2022\/11\/informe-8.jpg\" alt=\"\" width=\"460\" height=\"322\" \/><\/a><p id=\"caption-attachment-566750\" class=\"wp-caption-text\">El juez Juez 57 Civil del PJCDMX, Mario Salgado Hern\u00e1ndez, y el el juez 74 Civil del PJCDMX, Guillermo \u00c1lvarez Miranda.<\/p><\/div>\n<p>&nbsp;<\/p>\n<p>Respecto al trabajo en el Instituto de Servicios Periciales y Ciencias Forenses, destac\u00f3 que en este periodo se realizaron 5 mil 289 necropsias, es decir, un promedio de 14 por d\u00eda, adem\u00e1s de que se efectuaron 4 mil 229 estudios qu\u00edmico toxicol\u00f3gicos.<\/p>\n<div id=\"attachment_566751\" style=\"width: 470px\" class=\"wp-caption aligncenter\"><a href=\"https:\/\/www.diarioimagen.net\/?attachment_id=566751\" rel=\"attachment wp-att-566751\"><img loading=\"lazy\" decoding=\"async\" aria-describedby=\"caption-attachment-566751\" class=\"size-full wp-image-566751\" src=\"https:\/\/www.diarioimagen.net\/wp-content\/uploads\/2022\/11\/informe-9.jpg\" alt=\"\" width=\"460\" height=\"519\" \/><\/a><p id=\"caption-attachment-566751\" class=\"wp-caption-text\">La magistrada de la Segunda Sala Civil, Laura Elena Rosales Rosales; la consejera Irma Guadalupe Garc\u00eda Mendoza y la magistrada de la Cuarta Sala Penal, Leticia Rocha Licea.<\/p><\/div>\n<p>&nbsp;<\/p>\n<p>\u201cEl Poder Judicial de la Ciudad de M\u00e9xico es una instituci\u00f3n que evoluciona vertiginosamente, y me siento orgulloso de reportar que el estado de nuestra instituci\u00f3n es testimonio de la fuerza, determinaci\u00f3n y profesionalismo de nuestra comunidad\u201d, dijo hacia al final de su alocuci\u00f3n en la que subray\u00f3 el trabajo de consejeros de la Judicatura, magistrados y jueces; de las \u00e1reas administrativas, de apoyo judicial, as\u00ed como de la base trabajadora.<\/p>\n<p>&nbsp;<\/p>\n<blockquote><p><strong>Inform\u00f3 que en este primer a\u00f1o de su segunda gesti\u00f3n al frente del \u00f3rgano judicial se cumpli\u00f3 con el 88.5 por ciento de las metas programadas, lo que equivale al 31 por ciento del cumplimiento global del plan institucional proyectado a 2025<\/strong><\/p><\/blockquote>\n<p>&nbsp;<\/p>\n<div id=\"attachment_566752\" style=\"width: 470px\" class=\"wp-caption aligncenter\"><a href=\"https:\/\/www.diarioimagen.net\/?attachment_id=566752\" rel=\"attachment wp-att-566752\"><img loading=\"lazy\" decoding=\"async\" aria-describedby=\"caption-attachment-566752\" class=\"size-full wp-image-566752\" src=\"https:\/\/www.diarioimagen.net\/wp-content\/uploads\/2022\/11\/informe-10.jpg\" alt=\"\" width=\"460\" height=\"345\" \/><\/a><p id=\"caption-attachment-566752\" class=\"wp-caption-text\">Ivonne Chincoya, secretaria de la Ni\u00f1ez y Enlace Tur\u00edstico de Sindicato del PJCDMX; el juez 34 Civil, Juan Carlos L\u00f3pez Gonz\u00e1lez; el magistrado de la S\u00e9ptima Sala Civil, Roberto Mart\u00ednez Gonz\u00e1lez; la magistrada de la Quinta Sala Civil, Rosalba Guerrero Rodr\u00edguez; la jueza 21 Familiar, Alejandra Sol\u00f3rzano, y la jueza Primero Civil, Miel Anet Silva Garc\u00eda.<\/p><\/div>\n","protected":false},"excerpt":{"rendered":"<p><span style=\"color: #005497;\"><strong>Gloria Carpio<\/strong><\/span><br \/>\n<br \/>\nEl Poder Judicial de la Ciudad de M\u00e9xico (PJCDMX) encara con optimismo la tarea de abrir sus puertas para hacer que la justicia sea una realidad inmediata, palpable, eficiente, proactiva y sensible a las condiciones individuales y colectivas, afirm\u00f3 el presidente del \u00f3rgano judicial, al rendir su primer Informe de Labores.<\/p>\n","protected":false},"author":3,"featured_media":566741,"comment_status":"open","ping_status":"open","sticky":false,"template":"","format":"standard","meta":{"_monsterinsights_skip_tracking":false,"_monsterinsights_sitenote_active":false,"_monsterinsights_sitenote_note":"","_monsterinsights_sitenote_category":0,"footnotes":""},"categories":[6],"tags":[96855,4696,87379,79994],"class_list":["post-566656","post","type-post","status-publish","format-standard","has-post-thumbnail","hentry","category-cd-de-mexico","tag-inmediata","tag-justicia","tag-pjcdmx","tag-rafael-guerra-alvarez"],"_links":{"self":[{"href":"https:\/\/www.diarioimagen.net\/index.php?rest_route=\/wp\/v2\/posts\/566656","targetHints":{"allow":["GET"]}}],"collection":[{"href":"https:\/\/www.diarioimagen.net\/index.php?rest_route=\/wp\/v2\/posts"}],"about":[{"href":"https:\/\/www.diarioimagen.net\/index.php?rest_route=\/wp\/v2\/types\/post"}],"author":[{"embeddable":true,"href":"https:\/\/www.diarioimagen.net\/index.php?rest_route=\/wp\/v2\/users\/3"}],"replies":[{"embeddable":true,"href":"https:\/\/www.diarioimagen.net\/index.php?rest_route=%2Fwp%2Fv2%2Fcomments&post=566656"}],"version-history":[{"count":0,"href":"https:\/\/www.diarioimagen.net\/index.php?rest_route=\/wp\/v2\/posts\/566656\/revisions"}],"wp:featuredmedia":[{"embeddable":true,"href":"https:\/\/www.diarioimagen.net\/index.php?rest_route=\/wp\/v2\/media\/566741"}],"wp:attachment":[{"href":"https:\/\/www.diarioimagen.net\/index.php?rest_route=%2Fwp%2Fv2%2Fmedia&parent=566656"}],"wp:term":[{"taxonomy":"category","embeddable":true,"href":"https:\/\/www.diarioimagen.net\/index.php?rest_route=%2Fwp%2Fv2%2Fcategories&post=566656"},{"taxonomy":"post_tag","embeddable":true,"href":"https:\/\/www.diarioimagen.net\/index.php?rest_route=%2Fwp%2Fv2%2Ftags&post=566656"}],"curies":[{"name":"wp","href":"https:\/\/api.w.org\/{rel}","templated":true}]}}