{"id":566726,"date":"2022-11-22T00:02:00","date_gmt":"2022-11-22T06:02:00","guid":{"rendered":"https:\/\/www.diarioimagen.net\/?p=566726"},"modified":"2022-11-22T01:05:24","modified_gmt":"2022-11-22T07:05:24","slug":"amlolandia-no-se-puede-extender-mas-alla-de-nuestras-fronteras","status":"publish","type":"post","link":"https:\/\/www.diarioimagen.net\/?p=566726","title":{"rendered":"\u201cAmlolandia\u201d no se puede extender\u00a0m\u00e1s all\u00e1 de nuestras fronteras"},"content":{"rendered":"<h2>La Retaguardia<\/h2>\n<h5>Adriana Moreno Cordero<\/h5>\n<p><em>\u00a0<\/em><\/p>\n<ul>\n<li><strong><em>El presidente L\u00f3pez Obrador arremete contra diputados peruanos<\/em><\/strong><\/li>\n<\/ul>\n<p>&nbsp;<\/p>\n<p>No cabe duda que el presidente <strong>Andr\u00e9s Manuel L\u00f3pez Obrador<\/strong> ha perdido la dimensi\u00f3n de todo y cree que su delirante reino llamado \u201cAmlolandia\u201d, lo puede extender m\u00e1s all\u00e1 de nuestras fronteras y ah\u00ed est\u00e1 como \u201cbot\u00f3n\u201d de muestra que ahora las cr\u00edticas fueron ni m\u00e1s ni menos que a la yugular del Banco Interamericano del Desarrollo, (BID), cuando vio que su candidato para presidirlo, el subgobernador del Banco de M\u00e9xico, <strong>Gerardo Esquivel<\/strong>, perdi\u00f3 la votaci\u00f3n y se fue hasta un tercer sitio, obteniendo la victoria el\u00a0brasile\u00f1o<strong>\u00a0Ilan Goldfajn<\/strong>, que a los ojos de esta errada y llamada Cuarta Transformaci\u00f3n, es \u201cm\u00e1s de lo mismo\u201d.<\/p>\n<p>Bueno, ni siquiera el subgobernador Esquive hizo el berrinche que manifest\u00f3 ayer el presidente. El al contrario, felicit\u00f3 al nuevo titular del BID y destac\u00f3 las coincidencias que tiene con el nuevo titular del BID.<\/p>\n<p>Espec\u00edficamente, el de Tepetit\u00e1n se\u00f1al\u00f3 visiblemente molesto: \u201cEs lamentable que esto siga pasando (o sea, que su candidato no haya ganado), no hay cambios y vamos a buscar opciones, desde luego, consultando a Gerardo (Esquivel), que es un buen servidor p\u00fablico, preparado, de los economistas con m\u00e1s sensibilidad social, creo que de los \u00fanicos que en el periodo neoliberal se atrevieron a hacer an\u00e1lisis sobre la desigualdad econ\u00f3mica y social en M\u00e9xico, de modo que le mandamos saludos- No sabemos, vamos a explorar otras posibilidades\u201d.<\/p>\n<p>Lo m\u00e1s probable es que Gerardo Esquivel rechace meterse en esos bretes en los que L\u00f3pez Obrador quiere que se haga su voluntad en el exterior. No,\u00a0 eso no puede ser, m\u00e1s a\u00fan si nos atenemos que a nivel nacional, la popularidad del tabasque\u00f1o va a la baja, con todo a su marcha del ya pr\u00f3ximo 27 de noviembre, que ha sido \u201cbautizada\u201d perfectamente bien como la \u201cmarcha del ardor\u201d, dados los humores del inquilino de Palacio Nacional.<\/p>\n<p>Goldfajn fue electo por el 80 por ciento de los votos y no hay que soslayar que al presidente del BID se le elige de acuerdo a la participaci\u00f3n accionaria que cada pa\u00eds tiene en el Banco Interamericano de Desarrollo.<\/p>\n<p>Sin embargo, no faltan los analistas que coinciden que se trat\u00f3 de un asunto en el que jugaron las traiciones, sobre todo, luego de que el inquilino de Palacio Nacional, cuando <strong>Luiz In\u00e1cio Lula da Silva<\/strong> gan\u00f3 la presidencia de Brasil, se deshizo en elogios y lo llam\u00f3 hermano y lo invit\u00f3 a visitar M\u00e9xico.<\/p>\n<p>A lo mejor el cabildeo que intent\u00f3 L\u00f3pez Obrador no le vali\u00f3 de nada, pero no deja de comentarse en los corrillos pol\u00edticos que el poco empe\u00f1o que puso el secretario de Relaciones Exteriores, Marcelo Ebrard, en las negociaciones con el BID, influy\u00f3 para que no se lograra lo que quer\u00eda el Presidente porque en el fondo -seg\u00fan se sabe-, pretend\u00eda deshacerse de Gerardo Esquivel porque ya le estorba.\u00a0 Hay que recordar que algo similar hizo ni m\u00e1s ni menos que con el exsecretario de Hacienda, <strong>Arturo Herrera<\/strong>, al que ilusion\u00f3 diciendo que lo nombrar\u00eda gobernador del Banco de M\u00e9xico y al final, podr\u00eda decirse que el tabasque\u00f1o lo traicion\u00f3 para desaparecerlo del panorama.<\/p>\n<p style=\"text-align: center;\"><strong>Municiones<\/strong><\/p>\n<p>*** Finalmente, L\u00f3pez Obrador dio por cancelada la Cumbre del Pac\u00edfico, foro en el que el tabasque\u00f1o le iba a pasar la estafeta al presidente del Per\u00fa, <strong>Pedro Castillo<\/strong>. Sin embargo el Congreso peruano no le dio permiso a Castillo de viajar y luego de arremeter y despotricar en contra de los diputados de ese pa\u00eds, decidi\u00f3 cancelar dicha reuni\u00f3n. Para variar, L\u00f3pez Obrador los llam\u00f3 racistas y subray\u00f3 que los diputados peruanos s\u00f3lo quieren conservar sus privilegios. Aqu\u00ed lo que no entiende el tabasque\u00f1o es que tampoco puede imponer su \u201csanta\u201d voluntad por aquellas tierras y menos a\u00fan, interferir en los asuntos internos, en este caso, de Per\u00fa, porque de que ha querido meter las narices en todos lados, no hay duda. Lo cierto es que el mandatario peruano trae una situaci\u00f3n pol\u00edtica muy complicada. Cuesti\u00f3n de recordar que hace apenas unos meses Pedro Castillo renunci\u00f3 al partido que lo postul\u00f3 a la presidencia, Per\u00fa Libre, porque dicho instituto pol\u00edtico pidi\u00f3 que el presidente Castillo, dejara ese cargo, debido a sus constantes errores que lo han llevado al desastre total (\u00bfd\u00f3nde hemos o\u00eddo eso?). En sondeos recientes, el 66 por ciento de los peruanos desaprueba la gesti\u00f3n de Pedro Castillo. Lo que s\u00ed es que el mandatario mexicano se reunir\u00e1 el jueves con el presidente de Chile, <strong>Gabriel Bori,<\/strong> y despu\u00e9s con <strong>Xiomara Castro<\/strong>, presidenta de la Rep\u00fablica de Honduras; y <strong>Rodrigo Ch\u00e1ves<\/strong> presidente de Costa Rica.<\/p>\n<p>*** La senadora panista <strong>Kenia L\u00f3pez Rabad\u00e1n<\/strong>, en su conferencia de prensa conocida como la \u201cContrama\u00f1anera\u201d, exigi\u00f3 a la jefa de gobierno de la Ciudad de M\u00e9xico, <strong>Claudia Sheinbaum<\/strong>, esclarecer de inmediato la tragedia en la que perdieron la vida dos j\u00f3venes en la alcald\u00eda de Iztacalco, ocasionadas por la negligencia de su administraci\u00f3n y que deje de hacer actos anticipados de campa\u00f1a con recursos de los mexicanos. \u201cA la jefa de gobierno, se le olvid\u00f3 r\u00e1pidamente que apenas hace 11 d\u00edas, el 10 de noviembre, las hermanas Sof\u00eda y Esmeralda perdieron la vida por la negligencia de su administraci\u00f3n. Murieron porque Morena tiene abandonada a la capital, sin luminarias, sin coladeras, sin seguridad. Es dolorosa su muerte y es preocupante que al gobierno de la Ciudad no le importe\u201d. Efectivamente, vecinos de la alcald\u00eda Iztacalco, informaron -como se recordar\u00e1-, que desde hace un a\u00f1o hab\u00edan venido reportando dicha coladera y nadie les hac\u00eda caso. El alcalde de dicha circunscripci\u00f3n, <strong>Armando Quintero<\/strong>, anda m\u00e1s ocupado pintando bardas en las que pone que su \u201cgallo\u201d para 2024, es el flamante secretario de Gobernaci\u00f3n, <strong>Ad\u00e1n Augusto L\u00f3pez<\/strong>, adem\u00e1s de que ya no halla c\u00f3mo \u201cmarcar su rayita\u201d del tr\u00e1gico acontecimiento en el que perdieron la vida Esmeralda y Sof\u00eda. Dice que lo de las tapaderas de las coladeras, no le corresponde a su alcald\u00eda. Que no se haga el se\u00f1or Quintero. En su conferencia de prensa indic\u00f3 la senadora panista que el pasado fin de semana y como si la Ciudad de M\u00e9xico no se estuviera cayendo a pedazos, la se\u00f1ora Sheinbaum, se volvi\u00f3 a ir de campa\u00f1a al estado de Chiapas. \u201cNuevamente se fue a realizar actos anticipados de campa\u00f1a con total descaro. Ojal\u00e1 alguien le explicara que no hay mejor campa\u00f1a que hacer un buen gobierno y que si por resultados vamos, no ha dado ninguno\u201d, asegur\u00f3.<\/p>\n<p><u><a href=\"mailto:morcora@gmail.com\" target=\"_blank\" rel=\"noopener noreferrer\"><em>morcora@gmail.com<\/em><\/a><\/u><\/p>\n","protected":false},"excerpt":{"rendered":"<p><span style=\"color: #005497;\"><strong>Adriana Moreno Cordero<\/strong><\/span><\/p>\n","protected":false},"author":3,"featured_media":0,"comment_status":"open","ping_status":"open","sticky":false,"template":"","format":"standard","meta":{"_monsterinsights_skip_tracking":false,"_monsterinsights_sitenote_active":false,"_monsterinsights_sitenote_note":"","_monsterinsights_sitenote_category":0,"footnotes":""},"categories":[69370],"tags":[69369,69368,43674],"class_list":["post-566726","post","type-post","status-publish","format-standard","hentry","category-adriana-moreno-cordero","tag-adriana-moreno-cordero","tag-la-retaguardia","tag-opinion"],"_links":{"self":[{"href":"https:\/\/www.diarioimagen.net\/index.php?rest_route=\/wp\/v2\/posts\/566726","targetHints":{"allow":["GET"]}}],"collection":[{"href":"https:\/\/www.diarioimagen.net\/index.php?rest_route=\/wp\/v2\/posts"}],"about":[{"href":"https:\/\/www.diarioimagen.net\/index.php?rest_route=\/wp\/v2\/types\/post"}],"author":[{"embeddable":true,"href":"https:\/\/www.diarioimagen.net\/index.php?rest_route=\/wp\/v2\/users\/3"}],"replies":[{"embeddable":true,"href":"https:\/\/www.diarioimagen.net\/index.php?rest_route=%2Fwp%2Fv2%2Fcomments&post=566726"}],"version-history":[{"count":0,"href":"https:\/\/www.diarioimagen.net\/index.php?rest_route=\/wp\/v2\/posts\/566726\/revisions"}],"wp:attachment":[{"href":"https:\/\/www.diarioimagen.net\/index.php?rest_route=%2Fwp%2Fv2%2Fmedia&parent=566726"}],"wp:term":[{"taxonomy":"category","embeddable":true,"href":"https:\/\/www.diarioimagen.net\/index.php?rest_route=%2Fwp%2Fv2%2Fcategories&post=566726"},{"taxonomy":"post_tag","embeddable":true,"href":"https:\/\/www.diarioimagen.net\/index.php?rest_route=%2Fwp%2Fv2%2Ftags&post=566726"}],"curies":[{"name":"wp","href":"https:\/\/api.w.org\/{rel}","templated":true}]}}