{"id":566817,"date":"2022-11-23T00:01:05","date_gmt":"2022-11-23T06:01:05","guid":{"rendered":"https:\/\/www.diarioimagen.net\/?p=566817"},"modified":"2022-11-24T00:21:38","modified_gmt":"2022-11-24T06:21:38","slug":"pese-a-mundial-aun-no-se-registra-repunte-de-ventas-en-restaurantes","status":"publish","type":"post","link":"https:\/\/www.diarioimagen.net\/?p=566817","title":{"rendered":"Pese a Mundial, a\u00fan no se registra repunte de ventas en restaurantes"},"content":{"rendered":"<h2>Derecho de r\u00e9plica<\/h2>\n<h5>Jos\u00e9 Luis Monta\u00f1ez<\/h5>\n<p>&nbsp;<\/p>\n<ul>\n<li><strong><em>Prev\u00e9n mayor afluencia conforme avance la justa en Qatar<\/em><\/strong><\/li>\n<\/ul>\n<p>&nbsp;<\/p>\n<div id=\"attachment_566884\" style=\"width: 470px\" class=\"wp-caption aligncenter\"><img loading=\"lazy\" decoding=\"async\" aria-describedby=\"caption-attachment-566884\" class=\"size-full wp-image-566884\" src=\"https:\/\/www.diarioimagen.net\/wp-content\/uploads\/2022\/11\/Derecho-6.jpg\" alt=\"\" width=\"460\" height=\"270\" \/><p id=\"caption-attachment-566884\" class=\"wp-caption-text\">Restauranteros reconocen que no han notado un aumento de ventas importante con la celebraci\u00f3n del mundial de futbol.<\/p><\/div>\n<p>&nbsp;<\/p>\n<p>Pese al arranque del Mundial de Futbol Qatar 2022, el nivel de ventas reportado en distintos restaurantes de Canc\u00fan se mantiene bastante similar a lo visto en los dos meses anteriores, es decir, que no hubo un repunte como se esperaba al menos en los primeros partidos celebrados.<\/p>\n<p>Los locales de la zona centro reportaron un nivel de operaciones como el de octubre y noviembre, cuando la C\u00e1mara Nacional de la Industria de Restaurantes y Alimentos Condimentados (Canirac) hab\u00eda anticipado un incremento de al menos el 50% en m\u00e1s de mil locales tan solo en el Caribe mexicano, lo cual a\u00fan no se ha reflejado.<\/p>\n<p>El gerente general de un negocio de comida sobre la avenida Tulum, quien se identific\u00f3 como Albert Giovanny Rivas, explic\u00f3 que desde el domingo lleg\u00f3 un estimado de 200 personas para el primer partido de la justa mundialista, cifra que no difiere de lo que normalmente reciben.<\/p>\n<p>\u201cNuestra venta normal s\u00ed estuvo, pero nadie vino a ver futbol, pese a que fue domingo. Este martes tuvimos programado un cambio de horario, para abrir desde las 10 de la ma\u00f1ana en las cinco sucursales de la ciudad, para cuadrar con el partido de M\u00e9xico y tambi\u00e9n se hicieron din\u00e1micas para cada juego de otras selecciones, pero debieron acudir con la playera del equipo que apoyaron\u201d, coment\u00f3.<\/p>\n<p>Por su parte, Julio Villarreal Zapata, director de Canirac Canc\u00fan, inform\u00f3 que muchos establecimientos presentaron ocupaciones del 100%, inclusive con listas de espera, lo que representa un incremento del 30 o 35 por ciento, a\u00fan por debajo de las estimaciones anticipadas.<\/p>\n<p>\u201cEstos son buenos n\u00fameros, sobre todo tras una operaci\u00f3n de alrededor del 70% durante la temporada de verano, y se espera que el ritmo se mantenga as\u00ed hasta el fin del torneo. No todos los restaurantes transmiten todos los partidos porque hay algunos que son exclusivos de un canal, pero se espera que estos repuntes marquen el inicio de la temporada vacacional 2023\u201d, dijo.<\/p>\n<p>No obstante, Marcy Bezaleel Pacheco, presidente de Canirac Quintana Roo, dijo que los aproximadamente tres mil 800 establecimientos del sector restaurantero en Canc\u00fan no tendr\u00e1n problemas para adaptarse a la mayor\u00eda de los partidos, sobre todo los de la Selecci\u00f3n Mexicana, que son los de principal inter\u00e9s para los comensales, aunque se debe tomar en cuenta que los que se disputan antes de las 10 de la ma\u00f1ana, s\u00f3lo podr\u00e1n verse desde los hogares u hoteles.<\/p>\n<p>Villareal Zapata sugiri\u00f3 a la clientela preguntar si el restaurante cuenta con un sistema de reservaciones, o llegar con hasta 40 minutos de antelaci\u00f3n, sobre todo para los partidos de M\u00e9xico para no quedarse sin lugar.<\/p>\n<p style=\"text-align: center;\"><strong>Celebran nueva Ley de Movilidad en el estado<\/strong><\/p>\n<p>Moto-diligencieros y empresarios celebran que dentro de la nueva Ley de Movilidad anunciada por las autoridades estatales, se podr\u00edan establecer diversos puntos regulatorios para los trabajadores de este sector, con el objetivo de que tengan seguridad tanto los operadores, como los usuarios de este servicio.<\/p>\n<p>El representante de la Agrupaci\u00f3n de Transportistas del Sur de Quintana Roo, que responde al nombre de H\u00e9ctor Alpiche Paj\u00f3n, declar\u00f3 que una de las propuestas que hicieron al Instituto de Movilidad obligar\u00eda a los moto-repartidores a cumplir con diversas exigencias.<\/p>\n<p>Inicialmente deber\u00e1n adquirir un seguro de vida, asimismo incluir un sistema GPS en sus unidades y facilitar la identificaci\u00f3n de cada chofer y sus veh\u00edculos \u201cEsto es por la seguridad de todos. Si la Ley de Movilidad va a considerar esta figura en la ley, en lugar de tener un fin meramente recaudatorio bien se pueden aplicar medidas para garantizar el orden en este sector\u201d, asever\u00f3.<\/p>\n<p>Por su parte, Lorenzo Caamal Herrera, l\u00edder de la \u201cUni\u00f3n de Moto-repartidores Chactemal\u201d; que agrupa a cerca de 40 motociclistas de la capital del estado, declar\u00f3 que el GPS no implicar\u00eda un gasto mayor, ya que esto puede resolverse a trav\u00e9s de una aplicaci\u00f3n m\u00f3vil en el celular.<\/p>\n<p>En cuanto al seguro de vida, dijo que muchos operadores ya cuentan con uno y adelant\u00f3 que, incluso, podr\u00eda gestionarse con las autoridades la adquisici\u00f3n de estos servicios a precios m\u00e1s accesibles a fin de que todos cumplan con el requisito.<\/p>\n<p>Asimismo, Samuel G\u00f3ngora Tun, l\u00edder de la organizaci\u00f3n \u201cMoto-repartidores Canc\u00fan A.C.\u201d, agrega que los m\u00e1s de dos mil integrantes estar\u00edan de acuerdo en las nuevas disposiciones de ser aprobadas \u201cClaro que todav\u00eda son propuestas que emanan de los propios trabajadores, pero que nos gustar\u00eda que las autoridades tomen en cuenta. Sabemos que muchos de nosotros estamos en riesgo no s\u00f3lo por los accidentes, sino tambi\u00e9n por la infiltraci\u00f3n del crimen organizado. Por eso, cerrarles la entrada a los delincuentes siempre ser\u00e1 la mejor opci\u00f3n\u201d, coment\u00f3.<\/p>\n<p>Finalmente, Luis Rodrigo Alc\u00e1zar Urrutia, director general del Imoveqroo, anunci\u00f3 que el Gobierno del estado se encuentra trabajando una nueva Ley de Movilidad que incluye la regulaci\u00f3n de moto-diligencieros y mototaxistas, no obstante, no dio detalles sobre cu\u00e1ndo ser\u00eda presentada.<\/p>\n<p style=\"text-align: center;\"><strong>Gobierno respalda a Uber <\/strong><\/p>\n<p>Choferes de Uber protagonizaron el cierre de la zona hotelera de Canc\u00fan por m\u00e1s de ocho horas y m\u00e1s tarde fueron atendidos por la secretar\u00eda de Gobierno, Cristina Torres, a quien expusieron que son acosados y violentados por parte de taxistas del Sindicato \u201cAndr\u00e9s Quintana Roo\u201d, raz\u00f3n por la que exigen que los dejen trabajar en paz.<\/p>\n<p>La vocera de los conductores de la plataforma de transporte, \u00c1gueda Esperilla, destac\u00f3 que Torres se comprometi\u00f3 a revisar las acusaciones interpuestas por agresi\u00f3n ante la Fiscal\u00eda General del Estado (FGE), y que aquellos agresores ser\u00e1n sancionados, asimismo, dijo que los conductores de Uber pueden solicitar el auxilio de las autoridades en caso de ser v\u00edctimas de cualquier agresi\u00f3n.<\/p>\n<p><em>Escr\u00edbame a mi mail: <a href=\"mailto:montanezaguilar@gmail.com\" target=\"_blank\" rel=\"noopener noreferrer\">montanezaguilar@gmail.com<\/a><\/em><\/p>\n","protected":false},"excerpt":{"rendered":"<p><span style=\"color: #005497;\"><strong>Jos\u00e9 Luis Monta\u00f1ez<\/strong><\/span><br \/>\n<br \/>\nPese al arranque del Mundial de Futbol Qatar 2022, el nivel de ventas reportado en distintos restaurantes de Canc\u00fan se mantiene bastante similar a lo visto en los dos meses anteriores, es decir, que no hubo un repunte como se esperaba al menos en los primeros partidos celebrados.<\/p>\n","protected":false},"author":3,"featured_media":566884,"comment_status":"open","ping_status":"open","sticky":false,"template":"","format":"standard","meta":{"_monsterinsights_skip_tracking":false,"_monsterinsights_sitenote_active":false,"_monsterinsights_sitenote_note":"","_monsterinsights_sitenote_category":0,"footnotes":""},"categories":[11622,25512],"tags":[47840,54579,43674],"class_list":["post-566817","post","type-post","status-publish","format-standard","has-post-thumbnail","hentry","category-jose-luis-montanez-aguilar","category-nacional-nacional","tag-derecho-de-replica","tag-jose-luis-montanez","tag-opinion"],"_links":{"self":[{"href":"https:\/\/www.diarioimagen.net\/index.php?rest_route=\/wp\/v2\/posts\/566817","targetHints":{"allow":["GET"]}}],"collection":[{"href":"https:\/\/www.diarioimagen.net\/index.php?rest_route=\/wp\/v2\/posts"}],"about":[{"href":"https:\/\/www.diarioimagen.net\/index.php?rest_route=\/wp\/v2\/types\/post"}],"author":[{"embeddable":true,"href":"https:\/\/www.diarioimagen.net\/index.php?rest_route=\/wp\/v2\/users\/3"}],"replies":[{"embeddable":true,"href":"https:\/\/www.diarioimagen.net\/index.php?rest_route=%2Fwp%2Fv2%2Fcomments&post=566817"}],"version-history":[{"count":0,"href":"https:\/\/www.diarioimagen.net\/index.php?rest_route=\/wp\/v2\/posts\/566817\/revisions"}],"wp:featuredmedia":[{"embeddable":true,"href":"https:\/\/www.diarioimagen.net\/index.php?rest_route=\/wp\/v2\/media\/566884"}],"wp:attachment":[{"href":"https:\/\/www.diarioimagen.net\/index.php?rest_route=%2Fwp%2Fv2%2Fmedia&parent=566817"}],"wp:term":[{"taxonomy":"category","embeddable":true,"href":"https:\/\/www.diarioimagen.net\/index.php?rest_route=%2Fwp%2Fv2%2Fcategories&post=566817"},{"taxonomy":"post_tag","embeddable":true,"href":"https:\/\/www.diarioimagen.net\/index.php?rest_route=%2Fwp%2Fv2%2Ftags&post=566817"}],"curies":[{"name":"wp","href":"https:\/\/api.w.org\/{rel}","templated":true}]}}