{"id":566832,"date":"2022-11-23T00:01:29","date_gmt":"2022-11-23T06:01:29","guid":{"rendered":"https:\/\/www.diarioimagen.net\/?p=566832"},"modified":"2022-11-23T02:06:27","modified_gmt":"2022-11-23T08:06:27","slug":"anulan-el-x-consejo-estatal-del-prd-en-cdmx-por-errores-e-inconsistencias-graves","status":"publish","type":"post","link":"https:\/\/www.diarioimagen.net\/?p=566832","title":{"rendered":"Anulan el X Consejo Estatal del PRD\u00a0en CDMX por errores e inconsistencias graves"},"content":{"rendered":"<p>&nbsp;<\/p>\n<ul>\n<li><strong><em>Se efectuaron nombramientos sin consultar a la militancia, ni a los consejeros<\/em><\/strong><\/li>\n<\/ul>\n<p>&nbsp;<\/p>\n<h6>Luis Mu\u00f1oz<\/h6>\n<p>&nbsp;<\/p>\n<div id=\"attachment_566900\" style=\"width: 470px\" class=\"wp-caption aligncenter\"><img loading=\"lazy\" decoding=\"async\" aria-describedby=\"caption-attachment-566900\" class=\"size-full wp-image-566900\" src=\"https:\/\/www.diarioimagen.net\/wp-content\/uploads\/2022\/11\/NOTA-LUIS-PORTAL.jpg\" alt=\"\" width=\"460\" height=\"270\" \/><p id=\"caption-attachment-566900\" class=\"wp-caption-text\">Nora Arias Contreras, presidenta del sol azteca en la capital, anunci\u00f3 que se anul\u00f3 el X Consejo Estatal del PRD de la Ciudad de M\u00e9xico.<\/p><\/div>\n<p>&nbsp;<\/p>\n<p>El \u00d3rgano de Justicia Intrapartidaria del Partido de la Revoluci\u00f3n Democr\u00e1tica (PRD) anul\u00f3 el X Consejo Estatal del PRD de la Ciudad de M\u00e9xico, ante la serie de \u201cerrores e inconsistencias sustanciales y graves\u201d, inform\u00f3 la presidenta del sol azteca en la capital, Nora Arias Contreras.<\/p>\n<p>A trav\u00e9s de su cuenta de Twitter, la dirigente perredista inform\u00f3 en torno a la resoluci\u00f3n del \u00f3rgano interno de justicia del PRD. \u201cYa emiti\u00f3 la resoluci\u00f3n y nos da la raz\u00f3n\u201d, afirm\u00f3.<\/p>\n<p>\u201cEl\u00a0 X Consejo Estatal del @PRD_CDMX, no tiene validez; todos los actos y resolutivos se revocan ante los \u00b4errores e inconsistencias sustanciales y graves\u00b4\u201d, se\u00f1al\u00f3 Arias Contreras.<\/p>\n<p>Mencion\u00f3 que el pasado 9 de octubre se celebr\u00f3 el X Consejo Estatal del PRD, donde se efectuaron nombramientos sin consultar a la militancia, ni a los consejeros, quienes impugnaron la sesi\u00f3n, la cual \u201cno tiene validez\u201d, seg\u00fan determin\u00f3 el \u00d3rgano de Justicia Intrapartidaria.<\/p>\n","protected":false},"excerpt":{"rendered":"<p>El \u00d3rgano de Justicia Intrapartidaria del Partido de la Revoluci\u00f3n Democr\u00e1tica (PRD) anul\u00f3 el X Consejo Estatal del PRD de la Ciudad de M\u00e9xico, ante la serie de \u201cerrores e inconsistencias sustanciales y graves\u201d, inform\u00f3 la presidenta del sol azteca en la capital, Nora Arias Contreras.<\/p>\n","protected":false},"author":3,"featured_media":566900,"comment_status":"open","ping_status":"open","sticky":false,"template":"","format":"standard","meta":{"_monsterinsights_skip_tracking":false,"_monsterinsights_sitenote_active":false,"_monsterinsights_sitenote_note":"","_monsterinsights_sitenote_category":0,"footnotes":""},"categories":[6],"tags":[34444,96877,211],"class_list":["post-566832","post","type-post","status-publish","format-standard","has-post-thumbnail","hentry","category-cd-de-mexico","tag-cdmx","tag-nora-arias-contreras","tag-prd"],"_links":{"self":[{"href":"https:\/\/www.diarioimagen.net\/index.php?rest_route=\/wp\/v2\/posts\/566832","targetHints":{"allow":["GET"]}}],"collection":[{"href":"https:\/\/www.diarioimagen.net\/index.php?rest_route=\/wp\/v2\/posts"}],"about":[{"href":"https:\/\/www.diarioimagen.net\/index.php?rest_route=\/wp\/v2\/types\/post"}],"author":[{"embeddable":true,"href":"https:\/\/www.diarioimagen.net\/index.php?rest_route=\/wp\/v2\/users\/3"}],"replies":[{"embeddable":true,"href":"https:\/\/www.diarioimagen.net\/index.php?rest_route=%2Fwp%2Fv2%2Fcomments&post=566832"}],"version-history":[{"count":0,"href":"https:\/\/www.diarioimagen.net\/index.php?rest_route=\/wp\/v2\/posts\/566832\/revisions"}],"wp:featuredmedia":[{"embeddable":true,"href":"https:\/\/www.diarioimagen.net\/index.php?rest_route=\/wp\/v2\/media\/566900"}],"wp:attachment":[{"href":"https:\/\/www.diarioimagen.net\/index.php?rest_route=%2Fwp%2Fv2%2Fmedia&parent=566832"}],"wp:term":[{"taxonomy":"category","embeddable":true,"href":"https:\/\/www.diarioimagen.net\/index.php?rest_route=%2Fwp%2Fv2%2Fcategories&post=566832"},{"taxonomy":"post_tag","embeddable":true,"href":"https:\/\/www.diarioimagen.net\/index.php?rest_route=%2Fwp%2Fv2%2Ftags&post=566832"}],"curies":[{"name":"wp","href":"https:\/\/api.w.org\/{rel}","templated":true}]}}