{"id":566835,"date":"2022-11-23T00:01:26","date_gmt":"2022-11-23T06:01:26","guid":{"rendered":"https:\/\/www.diarioimagen.net\/?p=566835"},"modified":"2022-11-23T02:05:44","modified_gmt":"2022-11-23T08:05:44","slug":"con-inversion-superior-a-los-150-millones-de-dolares-grupo-murano-presento-i421-live-district","status":"publish","type":"post","link":"https:\/\/www.diarioimagen.net\/?p=566835","title":{"rendered":"Con inversi\u00f3n superior a los 150 millones de d\u00f3lares, Grupo Murano present\u00f3: <em>i421 Live District<\/em>"},"content":{"rendered":"<h2>De cinco estrellas<\/h2>\n<h5>Victoria Gonz\u00e1lez Prado<\/h5>\n<p>&nbsp;<\/p>\n<ul>\n<li><strong><em>El\u00a0Aeropuerto Internacional de Chetumal\u00a0se posiciona como\u00a0uno de los que m\u00e1s ha crecido en el pa\u00eds<\/em><\/strong><\/li>\n<\/ul>\n<p>&nbsp;<\/p>\n<div id=\"attachment_566898\" style=\"width: 470px\" class=\"wp-caption aligncenter\"><img loading=\"lazy\" decoding=\"async\" aria-describedby=\"caption-attachment-566898\" class=\"size-full wp-image-566898\" src=\"https:\/\/www.diarioimagen.net\/wp-content\/uploads\/2022\/11\/turismo-8.jpg\" alt=\"\" width=\"460\" height=\"270\" \/><p id=\"caption-attachment-566898\" class=\"wp-caption-text\">Marcos Sacal en su intervenci\u00f3n. Corte de list\u00f3n de la pre-apertura del complejo hotelero.<\/p><\/div>\n<p>&nbsp;<\/p>\n<p>Con inversi\u00f3n superior a los 150 millones de d\u00f3lares, Grupo Murano present\u00f3: <em>i421 Live District<\/em> espacio que integra a dos importantes marcas hoteleras: <em>Mondrian Mexico City Condesa<\/em> y <em>Andaz Mexico City Condesa<\/em>, combinaci\u00f3n de este nuevo distrito vivo del corredor Roma-Condesa que hace referencia a la ic\u00f3nica avenida de los Insurgentes, donde el Conjunto Aristos fue parte del desarrollo de la Ciudad de M\u00e9xico.<\/p>\n<p>Cabe recordar que este espacio de usos m\u00faltiples alberg\u00f3 durante d\u00e9cadas, oficinas y comercios alrededor de patio interior. Su dise\u00f1o original a\u00fan se conserva a pesar de las d\u00e9cadas que han pasado. Ubicado en el cruce de dos de los barrios m\u00e1s atractivos de la ciudad: La Roma, centro para la escena art\u00edstica y cultural de la nueva era de la Ciudad de M\u00e9xico, y La Condesa, famosa por sus exuberantes avenidas arboladas e ic\u00f3nica arquitectura <em>art deco.<\/em><\/p>\n<p>El edificio abri\u00f3 oficialmente en 1961 y destac\u00f3 por sus proporciones y se hizo con la idea de conectar la arquitectura con el entorno urbano, y en el cruce de avenida Insurgentes y Aguascalientes con patio central, dise\u00f1ado como plaza p\u00fablica que otorgaba a la ciudad fuentes, corredores y espejos de agua. <strong>La<\/strong> estructura arquitect\u00f3nica fue catalogada como Patrimonio de la Ciudad de M\u00e9xico y obra maestra de la arquitectura mexicana.<\/p>\n<p>As\u00ed, el Conjunto Aristos fue lugar elegido para el nuevo \u00edcono <em>i421 Live District. <\/em>gracias a la obra arquitect\u00f3nica vanguardista de <strong>Jos\u00e9 Luis Beniliure<\/strong>, que comprende arte habitable e integraci\u00f3n al entorno circundante<em>.<\/em><\/p>\n<p>En la pre-inauguraci\u00f3n estuvieron presentes como invitados especiales: <strong>Nathalie Desplas Puel<\/strong>, secretaria de Turismo de la Ciudad de M\u00e9xico, en representaci\u00f3n de <strong>Claudia Sheinbaum Pardo<\/strong>; jefa de Gobierno de la Ciudad de M\u00e9xico; <strong>Miguel Torruco Marqu\u00e9s<\/strong>, secretario de Turismo Federal; <strong>Luis Antonio Ram\u00edrez Pineda<\/strong>, director general de Nacional Financiera y del Banco Nacional de Comercio Exterior (Bancomext); y <strong>Germ\u00e1n Gonz\u00e1lez Berna<\/strong>l, presidente de la Canirac.<\/p>\n<p>Al hacer uso de la palabra <strong>Marcos Sacal<\/strong>, propietario director general y de Operaciones de Grupo Murano dijo: \u201ctenemos muy clara la visi\u00f3n a futuro al traer a <em>i421 Live District. <\/em>Es un honor presentar el proyecto que conecta en muchos sentidos a estas dos importantes marcas que gracias al apoyo de quienes han apostado por consolidar este desarrollo se generaron hasta ahora 5 mil empleos y se produjo impacto directo en la econom\u00eda local ya que tiene enfoque de proveedur\u00eda nacional por arriba de 90 por ciento\u201d, asegur\u00f3.<\/p>\n<p>Con las 400 habitaciones y suites de las marcas Mondrian y Andaz, <em>i421 Live District <\/em>aporta m\u00e1s de 50 por ciento de crecimiento al inventario de habitaciones de hotel en el corredor Roma-Condesa, zona en constante crecimiento y cada vez con m\u00e1s demanda nacional e internacional\u201d.<\/p>\n<p><strong>Sacal <\/strong>destac\u00f3 la sustentabilidad\u00a0 del proyecto, con base en la obtenci\u00f3n de la Certificaci\u00f3n Preliminar EGDE avalada por el Banco Mundial, que lo apalanca como marca de responsabilidad corporativa y de excelencia ambiental: \u201cesta certificaci\u00f3n comprueba que es posible generar desarrollos de usos mixtos atractivos y rentables, con compromiso con la sustentabilidad y el medio ambiente\u201d, se\u00f1al\u00f3 el directivo quien para concluir agradeci\u00f3 \u201cel apoyo que recibimos por parte del Banco Nacional de comercio Exterior por el importante acompa\u00f1amiento brindado para que este proyecto lograra catalizarse\u201d.<\/p>\n<p>La titular de turismo de la capital del pa\u00eds, <strong>Nathalie Desplas<\/strong>, indic\u00f3 que <strong><em>i421 Live District<\/em><\/strong><strong> es clara muestra de la confianza<\/strong> que tienen los inversionistas por la Ciudad de M\u00e9xico y dijo que el proyecto llegar\u00e1 en momento clave en el que <strong>la<\/strong> <strong>infraestructura de la capital crece<\/strong><strong>.<\/strong> Desde este complejo, los visitantes podr\u00e1n llegar m\u00e1s r\u00e1pido a todas las zonas tur\u00edsticas, con nuevos transportes como el Cableb\u00fas\u201d, indic\u00f3.<\/p>\n<p>En su oportunidad, <strong>Miguel Torruco Marqu\u00e9s<\/strong>, secretario de Turismo federal se refiri\u00f3 a la importancia del sector hotelero a nivel nacional e indic\u00f3: \u201ces columna vertebral de la actividad tur\u00edstica de nuestro pa\u00eds, por la inversi\u00f3n que representa, la derrama econ\u00f3mica que provoca y los empleos que genera, y est\u00e1 en un proceso de franca recuperaci\u00f3n. Al cierre del 2022 se estima una ocupaci\u00f3n hotelera promedio anual de 56 por ciento, apenas 4.3 puntos porcentuales por debajo de lo obtenido en 2019\u201d, concluy\u00f3.<\/p>\n<p>Es importante se\u00f1alar que el inmueble est\u00e1 decorado con elegancia mostrando detalles de los a\u00f1os 60 interpretados de forma contempor\u00e1nea, dando como resultado espacio acogedor y c\u00f3modo para los visitantes. Cuenta con restaurantes, cafeter\u00edas, bares, chocolater\u00eda, florer\u00eda, salas de juntas, auditorio, sal\u00f3n de fiestas hasta para 500 personas, spa, sal\u00f3n de belleza y novedoso <em>\u2018<\/em><em>Petbar<\/em><em>\u2019<\/em> con amenidades para las mascotas.<\/p>\n<p>Incluye alberca exterior \u2014que ser\u00e1 la m\u00e1s alta de la ciudad\u2014, terrazas jardinadas y hermoso patio interior con espacios para relajarse. Los colores, materiales, texturas y dise\u00f1os son de clase internacional. El desarrollo no solo es para los turistas que se alojen, ya que los restaurantes y bares, as\u00ed como las tiendas, est\u00e1n disponibles para todas las personas que deseen disfrutarlos.<\/p>\n<p>El hotel <em>Mondrian<\/em> de <em>Ennismore<\/em><em> es el <\/em>primero en Am\u00e9rica Latin, es moderno y de dise\u00f1o para los viajeros \u00e1vidos de inspiraci\u00f3n, sorpresa y creatividad mientras que Andaz de Hyatt celebra la cultura mexicana con elementos, colores t\u00edpicos y toque de <em>art d<\/em><em>e<\/em><em>co<\/em>. Esta \u00e1rea de la ciudad se ha convertido en \u201cdistrito vivo\u201d, donde convergen expresiones culturales diversas; desde arte, m\u00fasica, ciencia, dise\u00f1o, moda, negocios, gastronom\u00eda, salud y m\u00e1s.<\/p>\n<p>Durante la pre-inauguraci\u00f3n destac\u00f3 la presencia de la ilustradora mexicana <strong>Sof\u00eda N\u00fa\u00f1ez<\/strong> quien elabor\u00f3 lienzo representativo de este corredor Roma-Condesa, con la utilizaci\u00f3n de valores tonales con contraste arm\u00f3nico de colores que resaltan algunos elementos que caracterizan a ambas colonias.<\/p>\n<p>\u2730\u2730\u2730\u2730\u2730 El <strong>Aeropuerto Internacional de Chetumal<\/strong> se ha posicionado como <strong>uno de los <\/strong><strong>q<\/strong><strong>ue m\u00e1s ha crecido en el pa\u00eds<\/strong><strong> y se ha<\/strong> colocado como la sexta de todo M\u00e9xico donde m\u00e1s se ha incrementado el n\u00famero de pasajeros entre enero y agosto de este a\u00f1o.<\/p>\n<p>Entre enero y octubre, <strong>el n\u00famero de pasajeros <\/strong><strong>creci\u00f3<\/strong><strong> 50<\/strong><strong>.<\/strong><strong>7<\/strong><strong> por ciento<\/strong> con respecto al mismo periodo de 2021. Durante los primeros diez meses de este a\u00f1o transitaron por dicho aer\u00f3dromo 320 mil 589 pasajeros.<\/p>\n<p>En cuanto a las <strong>operaciones a\u00e9reas<\/strong>, en ese mismo periodo, creci\u00f3 26.6 por ciento respecto al a\u00f1o anterior.<\/p>\n<p>De acuerdo con datos de la C\u00e1mara Nacional de Comercio, Servicios y Turismo (Canaco-Servytur), despu\u00e9s de dos a\u00f1os, <strong>los negocios locales <\/strong><strong>recuperaron<\/strong><strong> 60<\/strong><strong> por ciento<\/strong><strong> de las ventas<\/strong> gracias, en parte, por el incremento de turistas internacionales.<\/p>\n<p>Chetumal es localidad peque\u00f1a y, aunque tambi\u00e9n <strong>recibe turistas internacionales<\/strong>\u00a0\u2013la frontera con Belice se encuentra muy cerca\u2013, lo hace en menor medida que Canc\u00fan o Riviera Maya. Aunque <strong>Chetumal cuenta con ruta directa desde Miami<\/strong><strong>.<\/strong><\/p>\n<p>&nbsp;<\/p>\n<blockquote>\n<p style=\"text-align: right;\">\u201c<strong>El<\/strong> <strong>\u00e1ngel de la fama tiene sus alas hechas de papel&#8230; peri\u00f3dico\u201d.<br \/>\n<\/strong><\/p>\n<\/blockquote>\n<p>&nbsp;<\/p>\n<p><em><span class=\"Apple-converted-space\"><a href=\"mailto:victoriagprado@gmail.com\" target=\"_blank\" rel=\"noopener noreferrer\">victoriagprado@gmail.com<\/a><br \/>\nTwitter: <a href=\"https:\/\/twitter.com\/victoriagprado\" target=\"_blank\" rel=\"noopener noreferrer\">@victoriagprado<\/a><\/span><\/em><\/p>\n","protected":false},"excerpt":{"rendered":"<p>Con inversi\u00f3n superior a los 150 millones de d\u00f3lares, Grupo Murano present\u00f3: <em>i421 Live District<\/em> espacio que integra a dos importantes marcas hoteleras: <em>Mondrian Mexico City Condesa<\/em> y <em>Andaz Mexico City Condesa<\/em>, combinaci\u00f3n de este nuevo distrito vivo del corredor Roma-Condesa que hace referencia a la ic\u00f3nica avenida de los Insurgentes, donde el Conjunto Aristos fue parte del desarrollo de la Ciudad de M\u00e9xico.<\/p>\n","protected":false},"author":3,"featured_media":566898,"comment_status":"open","ping_status":"open","sticky":false,"template":"","format":"standard","meta":{"_monsterinsights_skip_tracking":false,"_monsterinsights_sitenote_active":false,"_monsterinsights_sitenote_note":"","_monsterinsights_sitenote_category":0,"footnotes":""},"categories":[11],"tags":[107,43674,43681,106],"class_list":["post-566835","post","type-post","status-publish","format-standard","has-post-thumbnail","hentry","category-turismo","tag-de-cinco-estrellas","tag-opinion","tag-turismo","tag-victoria-gonzalez-prado"],"_links":{"self":[{"href":"https:\/\/www.diarioimagen.net\/index.php?rest_route=\/wp\/v2\/posts\/566835","targetHints":{"allow":["GET"]}}],"collection":[{"href":"https:\/\/www.diarioimagen.net\/index.php?rest_route=\/wp\/v2\/posts"}],"about":[{"href":"https:\/\/www.diarioimagen.net\/index.php?rest_route=\/wp\/v2\/types\/post"}],"author":[{"embeddable":true,"href":"https:\/\/www.diarioimagen.net\/index.php?rest_route=\/wp\/v2\/users\/3"}],"replies":[{"embeddable":true,"href":"https:\/\/www.diarioimagen.net\/index.php?rest_route=%2Fwp%2Fv2%2Fcomments&post=566835"}],"version-history":[{"count":0,"href":"https:\/\/www.diarioimagen.net\/index.php?rest_route=\/wp\/v2\/posts\/566835\/revisions"}],"wp:featuredmedia":[{"embeddable":true,"href":"https:\/\/www.diarioimagen.net\/index.php?rest_route=\/wp\/v2\/media\/566898"}],"wp:attachment":[{"href":"https:\/\/www.diarioimagen.net\/index.php?rest_route=%2Fwp%2Fv2%2Fmedia&parent=566835"}],"wp:term":[{"taxonomy":"category","embeddable":true,"href":"https:\/\/www.diarioimagen.net\/index.php?rest_route=%2Fwp%2Fv2%2Fcategories&post=566835"},{"taxonomy":"post_tag","embeddable":true,"href":"https:\/\/www.diarioimagen.net\/index.php?rest_route=%2Fwp%2Fv2%2Ftags&post=566835"}],"curies":[{"name":"wp","href":"https:\/\/api.w.org\/{rel}","templated":true}]}}