{"id":566839,"date":"2022-11-23T00:02:19","date_gmt":"2022-11-23T06:02:19","guid":{"rendered":"https:\/\/www.diarioimagen.net\/?p=566839"},"modified":"2022-11-23T00:30:36","modified_gmt":"2022-11-23T06:30:36","slug":"oportunista-rosario-piedra-ibarra-se-queja-con-diputados","status":"publish","type":"post","link":"https:\/\/www.diarioimagen.net\/?p=566839","title":{"rendered":"Oportunista, Rosario Piedra Ibarra se queja con diputados"},"content":{"rendered":"<h2>La Retaguardia<\/h2>\n<h5>Adriana Moreno Cordero<\/h5>\n<p>&nbsp;<\/p>\n<ul>\n<li><strong><em>Ricardo Monreal hace votos para que prevalezca sensatez en marcha<\/em><\/strong><\/li>\n<\/ul>\n<p>&nbsp;<\/p>\n<p>La que aprovech\u00f3 por manera por dem\u00e1s oportunista que todas las atenciones estuvieron centradas ayer en el partido inaugural de la Selecci\u00f3n Nacional en contra de Polonia y la manera en c\u00f3mo se salv\u00f3 M\u00e9xico, fue ni m\u00e1s ni menos que la flamante presidenta de la Comisi\u00f3n Nacional de los Derechos Humanos, <strong>Rosario Piedra Ibarra<\/strong> que, as\u00ed como antes evit\u00f3 por todos los medios a su alcance acudir al Senado de la Rep\u00fablica, donde tuvo la descortes\u00eda de dejar \u201ccolgados\u201d hasta a los legisladores hasta de su partido, en la C\u00e1mara de Diputados la situaci\u00f3n le pint\u00f3 distinta, pero a\u00fan as\u00ed, la Piedra, se dedic\u00f3 a quejarse amargamente de las agresiones que la pobrecita ha sufrido y eso que le recordaron que por la ley, no se puede meter en cuestiones electorales.<\/p>\n<p>La presidenta de la respectiva Comisi\u00f3n en la C\u00e1mara Baja, la tambi\u00e9n morenista <strong>Nelly<\/strong> <strong>Minerva Carrasco God\u00ednez<\/strong>, la escuch\u00f3 con toda atenci\u00f3n y dir\u00edase que hasta la consol\u00f3, porque en el centro del debate, estaban las recomendaciones que la CNDH hizo en torno al Instituto Nacional Electoral, en una abierta intromisi\u00f3n de un asunto que no le corresponde. La se\u00f1ora Piedra -seg\u00fan ella-, advirti\u00f3 sobre los riesgos en la elecci\u00f3n de los pr\u00f3ximos consejeros del INE -cuatro ser\u00e1n-, al asegurar que ella misma result\u00f3 elegida por un m\u00e9todo similar y ahora recibe presiones.<\/p>\n<p>No, bueno, cuando Rosario Piedra fue electa al frente de la CNDH, como se recordar\u00e1, se dio toda una confrontaci\u00f3n en la que muchos de sus correligionarios no la defendieron y ayer, la oposici\u00f3n le dijo que la titular de la CNDH preside \u201cun elefante blanco\u201d, que seguramente competir\u00e1 con los otros elefantes de ese color b\u00e1sico como la refiner\u00eda de Dos Bocas, el Tren Maya y el Aeropuerto Internacional Felipe \u00c1ngeles en el que no viaja ni el presidente.<\/p>\n<p>El que no se dej\u00f3 llevar por el partido inaugural de M\u00e9xico, fue el presidente de la Junta de Coordinaci\u00f3n Pol\u00edtica del Senado de la Rep\u00fablica, <strong>Ricardo Monreal<\/strong>, que en su momento, censur\u00f3 la posici\u00f3n de Piedra Ibarra con sus recomendaciones al INE, todo, para complacer al presidente <strong>Andr\u00e9s Manuel L\u00f3pez Obrador<\/strong>.<\/p>\n<p>Monreal \u00c1vila hizo votos para que la sensatez prevalezca en dicha movilizaci\u00f3n y explic\u00f3 que no se puede legislar en una ley reglamentaria sin haber modificado la Constituci\u00f3n, no se podr\u00eda; y ese asunto no habr\u00eda ministro de la Corte que votara a favor de la constitucionalidad y una norma que infringe la disposici\u00f3n constitucional. Tambi\u00e9n previ\u00f3 que dicha reforma no alcanzar\u00e1 la mayor\u00eda calificada.<\/p>\n<p>Al rechazar que el Presidente se equivoc\u00f3 con su controvertida reforma electoral, el tambi\u00e9n coordinador morenista estim\u00f3 que no son momentos oportunos de modificaciones trascendentes. El Presidente decidi\u00f3 hacerlo en la segunda mitad, es su derecho y el legislador tendr\u00e1 que decidir si acepta o no la propuesta del Presidente.<\/p>\n<p>Al anunciar que no asistir\u00e1 a la marcha del 27 de noviembre, Monreal hizo un llamado a que todos los acudan, lo hagan con responsabilidad y tolerancia y pidi\u00f3 que no se involucren sectores y permitan que sea la marcha pac\u00edfica. No conviene porque ese tipo de manifestaciones siempre son muy vulnerables y obviamente ojal\u00e1 y esto no provoque mayor polarizaci\u00f3n.<\/p>\n<p>Hizo sus propios c\u00e1lculos y estim\u00f3 que la asistencia a dicho evento rebasar\u00e1 el mill\u00f3n de personas, \u201cpero aun cuando no viniera ese mill\u00f3n de personas el presidente va a mantener su nivel de aceptaci\u00f3n y popularidad; no va a ganar m\u00e1s ni menos\u201d. \u00bfSer\u00e1?<\/p>\n<p style=\"text-align: center;\"><strong>Municiones<\/strong><\/p>\n<p>*** A ra\u00edz de la emergencia sanitaria, la implementaci\u00f3n del trabajo remoto y el crecimiento de la educaci\u00f3n en l\u00ednea, M\u00e9xico ha logrado colocarse en el sitio 57 de 121 naciones que aprovechan la tecnolog\u00eda digital. En solamente 24 meses, M\u00e9xico ha logrado avanzar una d\u00e9cada en este rubro; as\u00ed lo dio a conocer la UNAM despu\u00e9s de que analizara informaci\u00f3n proveniente de la Organizaci\u00f3n Internacional del Trabajo, (OIT). De acuerdo con el portal de estad\u00edsticas alem\u00e1n Statista, en este 2022, se registraron 98.6 millones de mexicanos con acceso a internet, que representa un incremento de 16 millones de personas si se compara con las cifras de 2021. Adicionalmente, el registro de audiencia digital elaborado por ComScore indica que los usuarios de aparatos electr\u00f3nicos favorecen el uso de celulares por encima de las computadoras para obtener informaci\u00f3n, lo que obliga a poner la lupa en las estrategias que los medios de comunicaci\u00f3n llevan a cabo enfocadas a sus audiencias digitales. En el rubro de los medios informativos, destaca por ejemplo caso de Radioformula.mx, que alcanz\u00f3 un crecimiento de lectores de hasta 56% en el periodo de diciembre a agosto del presente a\u00f1o.<\/p>\n<p>*** El \u00d3rgano de Justicia Intrapartidaria del PRD, anul\u00f3 el X Consejo Estatal de este instituto pol\u00edtico en la Ciudad de M\u00e9xico, ante la serie de \u201cerrores e inconsistencias sustanciales y graves\u201d, inform\u00f3 la presidenta del Sol Azteca en la capital, <strong>Nora Arias Contreras<\/strong>. A trav\u00e9s de su cuenta de\u00a0<em>Twitter<\/em>, la dirigente perredista, Nora Arias, inform\u00f3 en torno a la resoluci\u00f3n que emiti\u00f3 el \u00f3rgano interno de justicia del PRD. \u201cYa emiti\u00f3 la resoluci\u00f3n y nos da la raz\u00f3n\u201d, afirm\u00f3. \u00a0\u201cEl\u00a0 X Consejo Estatal del @PRD_CDMX, NO tiene validez; todos los actos y resolutivos se revocan ante los \u00b4errores e inconsistencias sustanciales y graves\u00b4\u201d, public\u00f3 Arias Contreras. El pasado 9 de octubre, se celebr\u00f3 el X Consejo Estatal del PRD, donde se efectuaron nombramientos sin consultar a la militancia, ni a los consejeros, quienes impugnaron la sesi\u00f3n, la cual \u201cno tiene validez\u201d, seg\u00fan determin\u00f3 el \u00d3rgano de Justicia Intrapartidaria.<\/p>\n<p>*** Pues nada, resulta que la siempre agradable senadora morenista <strong>Citlalli Hern\u00e1ndez<\/strong> utiliza un supuesto apoyo a migrantes para urgirle a que se discuta la reforma electoral, (la de L\u00f3pez Obrador, le falt\u00f3 a\u00f1adir, y a que no se pierda el enfoque de que hay millones de mexicanas y mexicanos en el exterior, que por un lado s\u00ed presumimos y decimos que las remesas, que su trabajo, que su esfuerzo fortalecen la econom\u00eda de nuestro pa\u00eds; pero por otro lado es fecha que no cuentan con todos los derechos pol\u00edtico-electorales como mexicanas y mexicanos.\u00a0Se equivoca la radical legisladora e imita a su jefe con eso de que las remesas son un logro de esta errada y llamada Cuarta Transformaci\u00f3n. Nada m\u00e1s falso.<\/p>\n<p>*** Y por cierto si alguien duda que el inquilino de Palacio Nacional no hace m\u00e1s que polarizar, hay que ver que en el partido de Monday Night que jugaron hace dos d\u00edas los 49\u2019s de San Francisco contra los Cardenales, en el medio tiempo, a la hora que apareci\u00f3 el famoso grupo Firme, fueron recibidos con tremenda rechifla. Pues, \u00bfqu\u00e9 imaginaba la flamante jefa de Gobierno de la CDMX, <strong>Claudia Shenbaum<\/strong>, que se iba a aceptar su proselitismo adelantado? Pues no, ella tampoco es la due\u00f1a de la capital de la Rep\u00fablica, como err\u00f3neamente supone.<\/p>\n<p><u><a href=\"mailto:morcora@gmail.com\" target=\"_blank\" rel=\"noopener noreferrer\"><em>morcora@gmail.com<\/em><\/a><\/u><\/p>\n","protected":false},"excerpt":{"rendered":"<p><span style=\"color: #005497;\"><strong>Adriana Moreno Cordero<\/strong><\/span><\/p>\n","protected":false},"author":3,"featured_media":0,"comment_status":"open","ping_status":"open","sticky":false,"template":"","format":"standard","meta":{"_monsterinsights_skip_tracking":false,"_monsterinsights_sitenote_active":false,"_monsterinsights_sitenote_note":"","_monsterinsights_sitenote_category":0,"footnotes":""},"categories":[69370],"tags":[69369,69368,43674],"class_list":["post-566839","post","type-post","status-publish","format-standard","hentry","category-adriana-moreno-cordero","tag-adriana-moreno-cordero","tag-la-retaguardia","tag-opinion"],"_links":{"self":[{"href":"https:\/\/www.diarioimagen.net\/index.php?rest_route=\/wp\/v2\/posts\/566839","targetHints":{"allow":["GET"]}}],"collection":[{"href":"https:\/\/www.diarioimagen.net\/index.php?rest_route=\/wp\/v2\/posts"}],"about":[{"href":"https:\/\/www.diarioimagen.net\/index.php?rest_route=\/wp\/v2\/types\/post"}],"author":[{"embeddable":true,"href":"https:\/\/www.diarioimagen.net\/index.php?rest_route=\/wp\/v2\/users\/3"}],"replies":[{"embeddable":true,"href":"https:\/\/www.diarioimagen.net\/index.php?rest_route=%2Fwp%2Fv2%2Fcomments&post=566839"}],"version-history":[{"count":0,"href":"https:\/\/www.diarioimagen.net\/index.php?rest_route=\/wp\/v2\/posts\/566839\/revisions"}],"wp:attachment":[{"href":"https:\/\/www.diarioimagen.net\/index.php?rest_route=%2Fwp%2Fv2%2Fmedia&parent=566839"}],"wp:term":[{"taxonomy":"category","embeddable":true,"href":"https:\/\/www.diarioimagen.net\/index.php?rest_route=%2Fwp%2Fv2%2Fcategories&post=566839"},{"taxonomy":"post_tag","embeddable":true,"href":"https:\/\/www.diarioimagen.net\/index.php?rest_route=%2Fwp%2Fv2%2Ftags&post=566839"}],"curies":[{"name":"wp","href":"https:\/\/api.w.org\/{rel}","templated":true}]}}