{"id":566840,"date":"2022-11-23T00:01:09","date_gmt":"2022-11-23T06:01:09","guid":{"rendered":"https:\/\/www.diarioimagen.net\/?p=566840"},"modified":"2022-11-23T00:35:05","modified_gmt":"2022-11-23T06:35:05","slug":"la-reconstruccion-nacional","status":"publish","type":"post","link":"https:\/\/www.diarioimagen.net\/?p=566840","title":{"rendered":"La reconstrucci\u00f3n nacional"},"content":{"rendered":"<h2>De pe a pa<\/h2>\n<h5>Alberto Vieyra G.<\/h5>\n<p>&nbsp;<\/p>\n<p>La Cuarta Transformaci\u00f3n fue para M\u00e9xico la destrucci\u00f3n y la desilusi\u00f3n.<\/p>\n<p>La marcha del 13 de noviembre en defensa del INE fue la derrota contra AMLO, cuyo indolente r\u00e9gimen se ha caracterizado por el desprecio a la constituci\u00f3n y las leyes que de ella emanan, por pisotear y destruir las instituciones nacionales, comenzando por la instituci\u00f3n presidencial para la que tantas veces ha exigido respeto; por el genocidio registrado durante la pandemia del coronavirus, a raz\u00f3n de la negligencia criminal del gobierno; por el M\u00e9xico macabro a raz\u00f3n de la incontenible criminalidad que campea en el pa\u00eds, sin que el Ej\u00e9rcito y la Guardia Nacional puedan contenerla y por la indolente \u201cestrategia\u201d si as\u00ed se le puede llamar, a la infame pol\u00edtica de simulaci\u00f3n de \u201cabrazos, no balazos\u201d; por la dilapidaci\u00f3n de millones y millones de nuestros dineros p\u00fablicos en obras p\u00fablicas convertidas en gigantescos <em>elefantes blancos<\/em> como el Aeropuerto de Santa Luc\u00eda, la refiner\u00eda de Dos Bocas o el Tren Maya que incluye la destrucci\u00f3n de la selva y el patrimonio hist\u00f3rico; por la criminal indolencia de tener a los hospitales de M\u00e9xico sin medicamentos y sin vacunas para la poblaci\u00f3n infantil; por la cancelaci\u00f3n de las estancias infantiles que conden\u00f3 a que miles de mujeres dejaran sus trabajos o encarguen a sus hijos con el evidente peligro de ser abusados y por la infame pol\u00edtica de odio contra las mujeres de M\u00e9xico que ha constituido que hasta hoy, hayan ca\u00eddo v\u00edctimas de feminicidios casi 15 mil mujeres en M\u00e9xico, pues el g\u00e9nero femenino tiene en la Presidencia de la Rep\u00fablica a un verdugo mis\u00f3gino y por muchas razones m\u00e1s, urge que la rep\u00fablica sea reconstruida y en esa reconstrucci\u00f3n, las mujeres de M\u00e9xico que son mayor\u00eda en el padr\u00f3n electoral federal jugar\u00e1n un papel toral evitando que <em>el falso mes\u00edas tropical<\/em> consume un monstruoso fraude electoral que ya comenz\u00f3 a fraguar desde el p\u00falpito ma\u00f1anero, utilizando todos los recursos del Estado para favorecer a su partido.<\/p>\n<p>No lo dice este \u00e1tomo de la comunicaci\u00f3n, lo dicen las propias palabras de AMLO que ha venido usando durante la \u00faltima semana que hecho a andar la elecci\u00f3n de Estado no solamente contra el INE y el Tribunal Federal Electoral, sino en la forma c\u00ednica y descarada como debe fraguarse esa elecci\u00f3n de Estado.<\/p>\n<p>AMLO est\u00e1 pidiendo con vehemencia que sus adictos voten por el <em>carro completo<\/em> para que no tenga el pr\u00f3ximo gobierno las derrotas pol\u00edticas como la que \u00e9l tuvo con la monumental marcha del 13 de noviembre en la que, por cierto, fue la sociedad la que rebas\u00f3 a los partidos pol\u00edticos y les pidi\u00f3 que despierten de su letargo para que marchen juntos o de lo contrario el pueblo marchar\u00e1 por su lado. Dice el cinismo de AMLO:<\/p>\n<p>\u201cNo s\u00f3lo votes por el Presidente o por la Presidenta. Si quieres que haya una transformaci\u00f3n o se mantenga la transformaci\u00f3n, ap\u00f3yale tambi\u00e9n votando por los candidatos al Congreso (\u2026). En el caso de nosotros, ganamos la mayor\u00eda, pero para llevar a cabo las reformas constitucionales se requieren dos terceras partes (\u2026). Entonces, hacia adelante tiene que ser una avalancha de votos (\u2026) Hay que votar por la transformaci\u00f3n, por el proyecto de naci\u00f3n. Eso es lo m\u00e1s importante\u2026\u201d.<\/p>\n<p>\u00bfVerdad que estamos ante una descarada elecci\u00f3n de Estado?<\/p>\n<p>Recordar\u00e9 que en el porfiriato las mujeres tuvieron un papel estelar, aunque olvidado por la historia y apenas estudiado. Y hoy, ante la destrucci\u00f3n del pa\u00eds, la reconstrucci\u00f3n de la patria mexicana pasa por las manos de las mujeres. Es hora de que el matriarcado ponga orden en M\u00e9xico.<\/p>\n<p><em><a href=\"mailto:info@agenciamn.com\" target=\"_blank\" rel=\"noopener noreferrer\">info@agenciamn.com<\/a><\/em><\/p>\n","protected":false},"excerpt":{"rendered":"<p><span style=\"color: #005497;\"><strong>Alberto Vieyra G.<\/strong><\/span><\/p>\n","protected":false},"author":3,"featured_media":0,"comment_status":"open","ping_status":"open","sticky":false,"template":"","format":"standard","meta":{"_monsterinsights_skip_tracking":false,"_monsterinsights_sitenote_active":false,"_monsterinsights_sitenote_note":"","_monsterinsights_sitenote_category":0,"footnotes":""},"categories":[4596],"tags":[43697,4597,43674],"class_list":["post-566840","post","type-post","status-publish","format-standard","hentry","category-alberto-vieyra-g","tag-alberto-vieyra-g","tag-de-pe-a-pa","tag-opinion"],"_links":{"self":[{"href":"https:\/\/www.diarioimagen.net\/index.php?rest_route=\/wp\/v2\/posts\/566840","targetHints":{"allow":["GET"]}}],"collection":[{"href":"https:\/\/www.diarioimagen.net\/index.php?rest_route=\/wp\/v2\/posts"}],"about":[{"href":"https:\/\/www.diarioimagen.net\/index.php?rest_route=\/wp\/v2\/types\/post"}],"author":[{"embeddable":true,"href":"https:\/\/www.diarioimagen.net\/index.php?rest_route=\/wp\/v2\/users\/3"}],"replies":[{"embeddable":true,"href":"https:\/\/www.diarioimagen.net\/index.php?rest_route=%2Fwp%2Fv2%2Fcomments&post=566840"}],"version-history":[{"count":0,"href":"https:\/\/www.diarioimagen.net\/index.php?rest_route=\/wp\/v2\/posts\/566840\/revisions"}],"wp:attachment":[{"href":"https:\/\/www.diarioimagen.net\/index.php?rest_route=%2Fwp%2Fv2%2Fmedia&parent=566840"}],"wp:term":[{"taxonomy":"category","embeddable":true,"href":"https:\/\/www.diarioimagen.net\/index.php?rest_route=%2Fwp%2Fv2%2Fcategories&post=566840"},{"taxonomy":"post_tag","embeddable":true,"href":"https:\/\/www.diarioimagen.net\/index.php?rest_route=%2Fwp%2Fv2%2Ftags&post=566840"}],"curies":[{"name":"wp","href":"https:\/\/api.w.org\/{rel}","templated":true}]}}