{"id":566845,"date":"2022-11-23T00:04:57","date_gmt":"2022-11-23T06:04:57","guid":{"rendered":"https:\/\/www.diarioimagen.net\/?p=566845"},"modified":"2022-11-23T01:04:48","modified_gmt":"2022-11-23T07:04:48","slug":"futbol-y-polarizacion","status":"publish","type":"post","link":"https:\/\/www.diarioimagen.net\/?p=566845","title":{"rendered":"Futbol y polarizaci\u00f3n"},"content":{"rendered":"<h2>Desde el portal<\/h2>\n<h5>\u00c1ngel Soriano<\/h5>\n<p>&nbsp;<\/p>\n<p>Mientras el mundo celebra el Mundial de Futbol en Qatar y Arabia Saudita decreta d\u00eda nacional por el triunfo de su selecci\u00f3n contra Argentina, en nuestro pa\u00eds se debate y se polarizan las posturas pol\u00edticas y se corre el riesgo de divisi\u00f3n y enfrentamiento entre quienes defiendan o no intereses econ\u00f3micos, recurren a la violencia para su causa.<\/p>\n<p>Esto llevar\u00eda a la reflexi\u00f3n de que en M\u00e9xico se requieren ideales en torno a un solo prop\u00f3sito, cuando menos fomentar el deporte si es que \u00e9ste trae la unidad hacia la camiseta, el apoyo al equipo y a instarlo al triunfo colectivo o comunitario, sin que se llegue al choque violento que, no est\u00e1 del todo descartado en el deporte.<\/p>\n<p>Sin embargo, deber\u00eda restarse la pasi\u00f3n desbordada entre uno y otro bando en favor o en contra del INE, para esclarecer cuales son los prop\u00f3sitos reales: Reducir su mega presupuesto y hacer de la pol\u00edtica-electoral una actividad honorable en la que el manejo de los recursos p\u00fablicos no sea el principal atractivo, como ocurre ahora.<\/p>\n<p>En las comunidades el servicio a la sociedad es honorario; los habitantes est\u00e1n obligados a servir al pueblo y los recursos son manejados honestamente, con la vigilancia superior de los principales. El modelo democr\u00e1tico creado para este fin se corrompi\u00f3: ni el Congreso cumple con su funci\u00f3n ni el Ejecutivo pone el ejemplo, menos el Judicial. As\u00ed no hay honestidad.<\/p>\n<p style=\"text-align: center;\"><strong>TURBULENCIAS<br \/>\nGerardo Esquivel, en la banca<\/strong><\/p>\n<p>\u00a0El economista Gerardo Esquivel, luego de buscar la dirigencia del BID, quedar\u00e1 en la banca mientras habla con Rogelio de la O, secretario de Hacienda, para ver qu\u00e9 encomienda le dan, una vez que sali\u00f3 del Banco de M\u00e9xico en su aventura internacional, en tanto el gobernador Alejandro Murat se alista ya para buscar la candidatura presidencial del PRI, aunque por ahora no figura en las encuestas de ninguna clase. Los m\u00e1s entusiastas promotores son sus m\u00e1s cercanos colaboradores que ya se ven en puestos de importancia en el gobierno federal\u2026 Un nuevo tiroteo, ahora en la plaza Mitikah de la Ciudad de M\u00e9xico, ha prendido los focos de alerta en el sistema de seguridad nacional. En los estacionamientos de estos complejos comerciales de distintas ciudades del pa\u00eds han ocurrido hechos similares, lo que indica que las v\u00edctimas son perseguidas o detectadas por el volumen de sus compras aunque el com\u00fan denominador es que se trata de ajustes de cuentas simulados de asaltos\u2026 El presidente Andr\u00e9s Manuel L\u00f3pez Obrador rechaz\u00f3 que en M\u00e9xico haya polarizaci\u00f3n como lo afirm\u00f3 el presidente de la Jucopo del Senado, Ricardo Monreal, en la Arena M\u00e9xico, quien dijo que la divisi\u00f3n es veneno para M\u00e9xico y se present\u00f3 como el candidato de la conciliaci\u00f3n nacional. El tabasque\u00f1o por su parte inform\u00f3 que la marcha del 27 ser\u00e1 festiva: Llegar\u00e1n grupos musicales de diversas regiones del pa\u00eds con m\u00fasica folkl\u00f3rica y latinoamericana, tambi\u00e9n las bandas del norte y la m\u00fasica cl\u00e1sica de los migrantes mexicanos. Ser\u00e1 una gran movilizaci\u00f3n de partidarios con sus propios recursos, afirm\u00f3 el Ejecutivo federal\u2026 En Oaxaca, el tema de la basura es el que viven todos los d\u00edas los habitantes y los turistas: Ni las autoridades saben d\u00f3nde depositarla pues en todos lados la rechazan. No se encuentra el lugar adecuado y cuando \u00e9ste se elija pasar\u00e1n cuando menos 3 meses en el acondicionamiento para que est\u00e9 en condiciones de operar, por lo que el problema va para largo\u2026 Lo inexplicable es c\u00f3mo ninguna autoridad previ\u00f3 esta crisis; es decir, todos dejaron pasar el problema hasta que explot\u00f3 sin que exista un programa emergente para enfrentar el problema y, tampoco, ni el sector p\u00fablico ni el privado tiene una soluci\u00f3n de corto plazo. Lamentable situaci\u00f3n.<\/p>\n<p><u><a href=\"mailto:asorianocarrasco@yahoo.com\" target=\"_blank\" rel=\"noopener noreferrer\"><em>asorianocarrasco@yahoo.com<\/em><\/a><br \/>\n<em><a href=\"https:\/\/revistabrecha.com\" target=\"_blank\" rel=\"noopener noreferrer\">www.revistabrecha.com<\/a><br \/>\n<\/em><\/u><em>facebook oficial <a href=\"https:\/\/es-la.facebook.com\/RevistaBrecha.Oficial\" target=\"_blank\" rel=\"noopener\">@BrechaRevista<\/a><\/em><\/p>\n","protected":false},"excerpt":{"rendered":"<p><span style=\"color: #005497;\"><strong>\u00c1ngel Soriano<\/strong><\/span><\/p>\n","protected":false},"author":3,"featured_media":0,"comment_status":"open","ping_status":"open","sticky":false,"template":"","format":"standard","meta":{"_monsterinsights_skip_tracking":false,"_monsterinsights_sitenote_active":false,"_monsterinsights_sitenote_note":"","_monsterinsights_sitenote_category":0,"footnotes":""},"categories":[135],"tags":[85,86,43674],"class_list":["post-566845","post","type-post","status-publish","format-standard","hentry","category-angel-soriano-opinion","tag-angel-soriano","tag-desde-el-portal","tag-opinion"],"_links":{"self":[{"href":"https:\/\/www.diarioimagen.net\/index.php?rest_route=\/wp\/v2\/posts\/566845","targetHints":{"allow":["GET"]}}],"collection":[{"href":"https:\/\/www.diarioimagen.net\/index.php?rest_route=\/wp\/v2\/posts"}],"about":[{"href":"https:\/\/www.diarioimagen.net\/index.php?rest_route=\/wp\/v2\/types\/post"}],"author":[{"embeddable":true,"href":"https:\/\/www.diarioimagen.net\/index.php?rest_route=\/wp\/v2\/users\/3"}],"replies":[{"embeddable":true,"href":"https:\/\/www.diarioimagen.net\/index.php?rest_route=%2Fwp%2Fv2%2Fcomments&post=566845"}],"version-history":[{"count":0,"href":"https:\/\/www.diarioimagen.net\/index.php?rest_route=\/wp\/v2\/posts\/566845\/revisions"}],"wp:attachment":[{"href":"https:\/\/www.diarioimagen.net\/index.php?rest_route=%2Fwp%2Fv2%2Fmedia&parent=566845"}],"wp:term":[{"taxonomy":"category","embeddable":true,"href":"https:\/\/www.diarioimagen.net\/index.php?rest_route=%2Fwp%2Fv2%2Fcategories&post=566845"},{"taxonomy":"post_tag","embeddable":true,"href":"https:\/\/www.diarioimagen.net\/index.php?rest_route=%2Fwp%2Fv2%2Ftags&post=566845"}],"curies":[{"name":"wp","href":"https:\/\/api.w.org\/{rel}","templated":true}]}}