{"id":566846,"date":"2022-11-23T00:05:08","date_gmt":"2022-11-23T06:05:08","guid":{"rendered":"https:\/\/www.diarioimagen.net\/?p=566846"},"modified":"2022-11-25T02:31:41","modified_gmt":"2022-11-25T08:31:41","slug":"ahora-se-calienta-la-iglesia","status":"publish","type":"post","link":"https:\/\/www.diarioimagen.net\/?p=566846","title":{"rendered":"Ahora se calienta la Iglesia"},"content":{"rendered":"<h2>Perfil de M\u00e9xico<\/h2>\n<h5>Armando R\u00edos Ruiz<\/h5>\n<p>&nbsp;<\/p>\n<p>De acuerdo con el Inegi, el censo de 2020 arroj\u00f3 el dato de poco m\u00e1s de 77.7 por ciento de mexicanos que son cat\u00f3licos. O 19 puntos menos desde 1980 y 10.2 menos desde 2000. Como quiera que sea, una cifra demasiado alta, que forzosamente debe haber aumentado, de acuerdo con el incremento de la poblaci\u00f3n. Dicha cantidad es menor a la del padr\u00f3n de votantes, que a la fecha suma casi 95 millones en las listas del INE.<\/p>\n<p>Tampoco es un n\u00famero para nada despreciable. Ya quisieran los pol\u00edticos contar con ellos. Esos cat\u00f3licos creen en Dios y en la palabra de los sacerdotes que predican la palabra de Cristo y orientan a la poblaci\u00f3n religiosa, respecto a las mejores reglas para vivir, con recomendaci\u00f3n de apegarse lo mejor posible a los designios divinos. Muchos van a misa y los que no, ofrecen en su mayor\u00eda una devoci\u00f3n al Creador, con ciertos esfuerzos por cumplirle.<\/p>\n<p>La relaci\u00f3n del Presidente y de los cat\u00f3lico se volvi\u00f3 tensa, desde que dos jesuitas fueron asesinados en la sierra Tarahumara, en junio pasado. Mientras los segundos le pidieron cambiar sus estrategias de seguridad, debido al rotundo fracaso desde el principio de este r\u00e9gimen, sin cambio y sin un s\u00f3lo resultado qu\u00e9 festejar, el primero, como el peor de peleoneros del barrio los acus\u00f3 de ser hip\u00f3critas y de callar ante masacres de gobiernos pasados.<\/p>\n<p>Desde entonces, los sacerdotes optaron por llenar sus misas con se\u00f1alamientos ingeniosos, pero sarc\u00e1sticos, chistosos y cr\u00edticos para el tabasque\u00f1o. Hace apenas unos d\u00edas, la Iglesia cat\u00f3lica llam\u00f3 a los mexicanos a unirse en oraci\u00f3n para pedir que no haya m\u00e1s impunidad en el pa\u00eds. Lo que hoy ocurre en M\u00e9xico no es para menos. Hasta un buen sector de chairos, que ya es mucho decir, clama por seguridad, un fen\u00f3meno que cada d\u00eda se agrava y que no inquieta al gobierno.<\/p>\n<p>La Iglesia es s\u00f3lo otro frente abierto por el Presidente, que se suma al de los empresarios, al de los periodistas, al de las madres de ni\u00f1os con c\u00e1ncer y a much\u00edsimos m\u00e1s. Hay que recordar que, con todo y sus mermas, es poderosa. Su palabra es seguida en todo el pa\u00eds, en mayor cuant\u00eda que la de seguidores del Ejecutivo. Tiene el don de convencer sin ofrecimientos de ninguna especie. De voltear las superfluas estrategias del m\u00e1s necio entre los necios.<\/p>\n<p>El domingo pasado, dicha comunidad anunci\u00f3 a trav\u00e9s de la Conferencia del Episcopado, que se suma a la convocatoria de los obispos del pa\u00eds, para realizar oraci\u00f3n por la erradicaci\u00f3n de la impunidad y de la corrupci\u00f3n que prevalecen en los tres niveles del sistema judicial. Mientras, el mandatario dice que ya erradic\u00f3 ese fen\u00f3meno en todas sus manifestaciones.<\/p>\n<p>\u00bfY si comienzan a concientizar respecto a la incursi\u00f3n de m\u00e1s inconformes en las protestas que van a comenzar a menudear, no para competir, sino para exponer su repudio a la forma de gobierno adoptada por el actual mandam\u00e1s, que trata de acabar con todo lo que a trav\u00e9s de los a\u00f1os y con mucho esfuerzo se ha logrado para el real bienestar? \u00bfTendr\u00e1 la fuerza para someterlos? Por lo que vemos, s\u00f3lo con el concurso de las fuerzas armadas, que habr\u00eda de derivar en una matanza o en una revoluci\u00f3n.<\/p>\n<p>Hay quienes no dudan de que ser\u00eda capaz: Por su car\u00e1cter irreflexivo y porque cuenta con el Ej\u00e9rcito y con la Armada de M\u00e9xico, ya no al servicio de los mexicanos, sino de un s\u00f3lo hombre, que no ha escatimado incrementar su presupuesto y confiarle mucho m\u00e1s de cien tareas que no le corresponden, pero que, alejadas del motivo por el que existen, divierten bastante.<\/p>\n<p>\u201cEn el editorial del semanario Desde la Fe, la Iglesia explic\u00f3 que la corrupci\u00f3n es uno de los principales problemas de M\u00e9xico. resalt\u00f3 que 19.5% de los ciudadanos lo considera el m\u00e1s importante del pa\u00eds, seg\u00fan lo revelado por la \u00faltima Encuesta Nacional de Opini\u00f3n P\u00fablica, realizada por M\u00e9xico Elige.<\/p>\n<p>Enfatiz\u00f3 que las cifras respaldan esta percepci\u00f3n, pues, de acuerdo con el Inegi, se denuncia solamente uno de cada 10 delitos perpetrados y se inicia la investigaci\u00f3n correspondiente en menos de 7% de ellos. En pocas palabras, 93% de los delitos denunciados quedan en la impunidad\u201d.<\/p>\n<p>Pues, mientras los religiosos rezan, la ciudadan\u00eda se expresa en las calles, inaugurada esta estrategia masiva, el pasado 13 del presente mes.<\/p>\n<p><a href=\"mailto:ariosruiz@gmail.com\" target=\"_blank\" rel=\"noopener noreferrer\"><em>ariosruiz@gmail.com<\/em><\/a><\/p>\n","protected":false},"excerpt":{"rendered":"<p><span style=\"color: #005497;\"><strong>Armando R\u00edos Ruiz<\/strong><\/span><\/p>\n","protected":false},"author":3,"featured_media":0,"comment_status":"open","ping_status":"open","sticky":false,"template":"","format":"standard","meta":{"_monsterinsights_skip_tracking":false,"_monsterinsights_sitenote_active":false,"_monsterinsights_sitenote_note":"","_monsterinsights_sitenote_category":0,"footnotes":""},"categories":[88405],"tags":[88407,43674,91193],"class_list":["post-566846","post","type-post","status-publish","format-standard","hentry","category-armando-rios-ruiz","tag-armando-rios-ruiz","tag-opinion","tag-perfil-de-mexico"],"_links":{"self":[{"href":"https:\/\/www.diarioimagen.net\/index.php?rest_route=\/wp\/v2\/posts\/566846","targetHints":{"allow":["GET"]}}],"collection":[{"href":"https:\/\/www.diarioimagen.net\/index.php?rest_route=\/wp\/v2\/posts"}],"about":[{"href":"https:\/\/www.diarioimagen.net\/index.php?rest_route=\/wp\/v2\/types\/post"}],"author":[{"embeddable":true,"href":"https:\/\/www.diarioimagen.net\/index.php?rest_route=\/wp\/v2\/users\/3"}],"replies":[{"embeddable":true,"href":"https:\/\/www.diarioimagen.net\/index.php?rest_route=%2Fwp%2Fv2%2Fcomments&post=566846"}],"version-history":[{"count":0,"href":"https:\/\/www.diarioimagen.net\/index.php?rest_route=\/wp\/v2\/posts\/566846\/revisions"}],"wp:attachment":[{"href":"https:\/\/www.diarioimagen.net\/index.php?rest_route=%2Fwp%2Fv2%2Fmedia&parent=566846"}],"wp:term":[{"taxonomy":"category","embeddable":true,"href":"https:\/\/www.diarioimagen.net\/index.php?rest_route=%2Fwp%2Fv2%2Fcategories&post=566846"},{"taxonomy":"post_tag","embeddable":true,"href":"https:\/\/www.diarioimagen.net\/index.php?rest_route=%2Fwp%2Fv2%2Ftags&post=566846"}],"curies":[{"name":"wp","href":"https:\/\/api.w.org\/{rel}","templated":true}]}}