{"id":566852,"date":"2022-11-23T00:08:59","date_gmt":"2022-11-23T06:08:59","guid":{"rendered":"https:\/\/www.diarioimagen.net\/?p=566852"},"modified":"2022-11-23T23:12:01","modified_gmt":"2022-11-24T05:12:01","slug":"silencio-de-cortes-y-zambrano","status":"publish","type":"post","link":"https:\/\/www.diarioimagen.net\/?p=566852","title":{"rendered":"Silencio de Cort\u00e9s y Zambrano"},"content":{"rendered":"<h2>Punto por punto<\/h2>\n<h5>Augusto Corro<\/h5>\n<p>&nbsp;<\/p>\n<p>Los l\u00edderes del PAN y PRD no quieren saber nada del dirigente priista y ex gobernador de Campeche, Alejandro \u201cAlito\u201d Moreno.<\/p>\n<p>Trascendi\u00f3 que, tanto Marko Cort\u00e9s como Jes\u00fas Zambrano no responden a los llamados telef\u00f3nicos del tricolor.<\/p>\n<p>Claro, lo que busca \u201cAlito\u201d es continuar con la alianza Va por M\u00e9xico que se encuentra suspendida.<\/p>\n<p>Se lleg\u00f3 a esa situaci\u00f3n porque el dirigente priista no cumpli\u00f3 el compromiso de que su partido rechazara la ley para mantener al Ej\u00e9rcito en las calles.\u00a0 Se trat\u00f3 de una traici\u00f3n del priista a la coalici\u00f3n opositora. Sus adversarios aseguraron que la conducta de el ex mandatario campechano fue para evitar ser llevado ante la justicia.\u00a0 Concretamente que fue presionado para que su partido votar\u00e1 a favor de la citada ley y \u00e9l salvara el pellejo, como se dice coloquialmente.<\/p>\n<p>Los presuntos delitos de que se acusa a \u201cAlito\u201d son los siguientes: Enriquecimiento il\u00edcito, fraude fiscal, tr\u00e1fico de influencias, lavado de dinero y desv\u00edo de fondos federales.<\/p>\n<p>Cargos suficientes para que el ex gobernador se pase una buena temporada en prisi\u00f3n. Sin embargo, parece que a las autoridades no les preocupa la aplicaci\u00f3n de la ley en este caso.<\/p>\n<p>Est\u00e1 pendiente la aprobaci\u00f3n de la controvertida ley de reforma electoral presentada por Morena, y ya \u201cAlito\u201d jur\u00f3 que su partido votar\u00e1 en contra.<\/p>\n<p>Pera esa promesa del priista est\u00e1 en entredicho. Los dirigentes opositores ya no conf\u00edan en su palabra.<\/p>\n<p>Los l\u00edderes del PAN y PRD por el momento no quieren hablar con el dirigente priista. \u00bfCu\u00e1nto tiempo durar\u00e1 el enfriamiento de sus relaciones?<\/p>\n<p style=\"text-align: center;\"><strong>\u00a0Gobernadores con cuentas pendientes<\/strong><\/p>\n<p>Le toca el turno al gobernador saliente de Aguascalientes, el panista Mart\u00edn Orozco Sandoval para aclarar el se\u00f1alamiento de que su administraci\u00f3n dej\u00f3 2.72 mil millones de pesos por aclarar ante la Auditor\u00eda Superior de la Federaci\u00f3n.<\/p>\n<p>Realmente no se trata de un hecho extra\u00f1o. En los \u00faltimos sexenios, varios ex mandatarios estatales se despacharon con la cuchara grande los recursos p\u00fablicos.<\/p>\n<p>En el presente se encuentran en la c\u00e1rcel varios ex gobernadores y otros m\u00e1s que podr\u00edan convertirse en pr\u00f3fugos de la justicia.<\/p>\n<p>Dos que se encuentran presos son el ex gobernador de Veracruz, Javier Duarte; y C\u00e9sar Duarte de Chihuahua. A este \u00faltimo a\u00fan no lo sentencian.\u00a0 Otro que deber\u00e1 rendir cuentas es el mandatario de Michoac\u00e1n, Silvano Aureoles Conejo, quien, seg\u00fan se inform\u00f3, tiene abiertos procesos legales por desfalcos.<\/p>\n<p>Por cierto, el citado ex gobernador perredista ya alz\u00f3 la mano para apuntarse como candidato presidencial para 2024.<\/p>\n<p style=\"text-align: center;\"><strong>Los linchamientos<\/strong><\/p>\n<p>En 2022, se registraron al menos 12 linchamientos en M\u00e9xico.; y son m\u00e1s de 100 los intentos de la poblaci\u00f3n de hacerse justicia por propia mano. Esas cifras de violencia nos muestran que algo no funciona en los aparatos de justicia. \u00bfA qu\u00e9 obedece esa forma de actuar de los ciudadanos?<\/p>\n<p>Seg\u00fan los especialistas, los linchamientos en nuestro pa\u00eds suceden porque los gobiernos no atienden la emergencia cuando se efect\u00faa un hecho delictivo.<\/p>\n<p>Adem\u00e1s, por el hartazgo ante la impunidad y la falta de justicia en un contexto de permanente inseguridad y altos niveles de criminalidad. En ese tipo de violencia, suele ocurrir que las v\u00edctimas son personas inocentes que estuvieron en el lugar y la hora equivocados.<\/p>\n<p>Erradicar ese problema ser\u00e1 cada vez m\u00e1s dif\u00edcil, sino es que imposible. Se parte de la idea de que en muchos sitios no hay polic\u00edas.<\/p>\n<p>Adem\u00e1s, cualquier extra\u00f1o se hace sospechoso de alg\u00fan delito y sin ser sometido a un juicio es ultimado.\u00a0 Tocamos el tema, porque entre la noche del s\u00e1bado y madrugada del domingo 20 de noviembre, dos adultos y un menor fueron linchados por pobladores de Chalco, Estado de M\u00e9xico (Edomex).<\/p>\n<p>Fue suficiente que los se\u00f1alaran como ladrones para ser atacados por los vecinos enfurecidos.<\/p>\n<p>Los cuerpos de los linchados fueron localizados en un canal de riego: Presentaban signos de violencia y quemaduras.<\/p>\n<p>\u00bfUsted qu\u00e9 opina amable lector?<\/p>\n<p><em><a href=\"mailto:aco2742@hotmail.com\" target=\"_blank\" rel=\"noopener noreferrer\">aco2742@hotmail.com<\/a><\/em><\/p>\n","protected":false},"excerpt":{"rendered":"<p><span style=\"color: #005497;\"><strong>Augusto Corro<\/strong><\/span><\/p>\n","protected":false},"author":3,"featured_media":0,"comment_status":"open","ping_status":"open","sticky":false,"template":"","format":"standard","meta":{"_monsterinsights_skip_tracking":false,"_monsterinsights_sitenote_active":false,"_monsterinsights_sitenote_note":"","_monsterinsights_sitenote_category":0,"footnotes":""},"categories":[157],"tags":[43686,43674,11515],"class_list":["post-566852","post","type-post","status-publish","format-standard","hentry","category-augusto-corro","tag-augusto-corro","tag-opinion","tag-punto-por-punto"],"_links":{"self":[{"href":"https:\/\/www.diarioimagen.net\/index.php?rest_route=\/wp\/v2\/posts\/566852","targetHints":{"allow":["GET"]}}],"collection":[{"href":"https:\/\/www.diarioimagen.net\/index.php?rest_route=\/wp\/v2\/posts"}],"about":[{"href":"https:\/\/www.diarioimagen.net\/index.php?rest_route=\/wp\/v2\/types\/post"}],"author":[{"embeddable":true,"href":"https:\/\/www.diarioimagen.net\/index.php?rest_route=\/wp\/v2\/users\/3"}],"replies":[{"embeddable":true,"href":"https:\/\/www.diarioimagen.net\/index.php?rest_route=%2Fwp%2Fv2%2Fcomments&post=566852"}],"version-history":[{"count":0,"href":"https:\/\/www.diarioimagen.net\/index.php?rest_route=\/wp\/v2\/posts\/566852\/revisions"}],"wp:attachment":[{"href":"https:\/\/www.diarioimagen.net\/index.php?rest_route=%2Fwp%2Fv2%2Fmedia&parent=566852"}],"wp:term":[{"taxonomy":"category","embeddable":true,"href":"https:\/\/www.diarioimagen.net\/index.php?rest_route=%2Fwp%2Fv2%2Fcategories&post=566852"},{"taxonomy":"post_tag","embeddable":true,"href":"https:\/\/www.diarioimagen.net\/index.php?rest_route=%2Fwp%2Fv2%2Ftags&post=566852"}],"curies":[{"name":"wp","href":"https:\/\/api.w.org\/{rel}","templated":true}]}}