{"id":566854,"date":"2022-11-23T00:03:26","date_gmt":"2022-11-23T06:03:26","guid":{"rendered":"https:\/\/www.diarioimagen.net\/?p=566854"},"modified":"2022-11-23T01:32:19","modified_gmt":"2022-11-23T07:32:19","slug":"amlo-del-mazo","status":"publish","type":"post","link":"https:\/\/www.diarioimagen.net\/?p=566854","title":{"rendered":"AMLO-Del Mazo"},"content":{"rendered":"<h2>Espacio Electoral<\/h2>\n<h5>Eleazar Flores<\/h5>\n<p>&nbsp;<\/p>\n<p><strong>SEGOB, CARICATURA-.<\/strong> Antes de detallar el \u00faltimo encuentro AMLO-Del Mazo este fin de semana, imposible olvidar que la marcha EL INE NO SE TOCA fue calificada como CARICATURA por el titular de la Segob, Ad\u00e1n Augusto.<\/p>\n<p>Habiendo tratado y entrevistado a titulares de Gobernaci\u00f3n de la talla de don Jes\u00fas Reyes Heroles, la conclusi\u00f3n de que \u201ccaricatura de secretario\u201d es para Ad\u00e1n Augusto L\u00f3pez por sus continuos cambios de opini\u00f3n: Que investigan a Calder\u00f3n, que no lo dije y muchos ejemplos m\u00e1s. Ahora que si abundamos, cabr\u00eda la pregunta que no siendo ni tabasque\u00f1o ni primo, \u00bfqui\u00e9n m\u00e1s podr\u00eda confiarle tan importante y delicado cargo?.<\/p>\n<p>El pronunciamiento se escucha tan falso como quien dice que en la marcha del domingo 27 no habr\u00e1 acarreados. Once de cada diez dudan, pero su opini\u00f3n es la \u00fanica que vale.<\/p>\n<p>Vayamos a lo realmente importante.<\/p>\n<p><strong>AMLO-DEL MAZO-.<\/strong> En su visita a San Jos\u00e9 Villa de Allende, cerca de Valle de Bravo, para entregar las instalaciones de una Universidad del Bienestar, el presidente Andr\u00e9s Manuel L\u00f3pez Obrador dijo textualmente y con la mirada dirigida\u00a0 hacia \u00e9l, \u201cel gobernador Alfredo del Mazo es \u00edntegro, recto, respetuoso\u201d y muchas cosas m\u00e1s, como el hecho de que con el mandatario ha venido trabajando bien.<\/p>\n<p>En estos momentos seguramente el reconocimiento presidencial hacia el mandatario mexiquense se podr\u00eda tomar como normal, pero en v\u00edsperas de los trabajos previos para que los partidos empiecen a trabajar en seleccionar a sus candidatos a la gubernatura, se dimensionan con otra \u00f3ptica, hasta de malas interpretaciones.<\/p>\n<p>\u00bfCu\u00e1les? que Del Mazo entreg\u00f3 la plaza desde el momento en que apoy\u00f3 a la candidata tricolor m\u00e1s d\u00e9bil y que a eso se debe que nadie proteste por la publicidad lapidaria exterior anticipada, principalmente en espectaculares que se leen por todas las carreteras principales del estado.<\/p>\n<p>Ninguna autoridad, -IEEM, por ejemplo-, pone freno a Morena, que es quien firma los miles de espectaculares no s\u00f3lo con fines electorales, sino hasta pol\u00edticos, pues el partido ya se acredita programas como otorgamiento de becas, construyendo hospitales y dem\u00e1s.<\/p>\n<p>Tan apabullante es la publicidad que hasta pasan desapercibidas las promesas que ya anda haciendo do\u00f1a Delfina G\u00f3mez en el sentido de que terminar\u00e1 de construir hospitales inconclusos.<\/p>\n<p><strong>PRESUPUESTAZO-.<\/strong> Para el ejercicio fiscal 2022-2023, el gobierno del Estado de M\u00e9xico calcula ejercer un PRESUPUESTO de casi 357 MIL MILLONES DE PESOS, pero si cree que es mucho le recuerdo, que entre otras cosas, los emplear\u00e1 para sostener una matr\u00edcula de casi 500 mil estudiantes, siendo la m\u00e1s numerosa de cualquier otra entidad.<\/p>\n<p>Este PRESUPUESTAZO es tambi\u00e9n otro objeto del deseo del comando guinda en busca de la gubernatura para 2023.<\/p>\n<p><em><a href=\"mailto:elefa44@gmail.com\" target=\"_blank\" rel=\"noopener noreferrer\">elefa44@gmail.com<\/a><\/em><\/p>\n","protected":false},"excerpt":{"rendered":"<p><span style=\"color: #005497;\"><strong>Eleazar Flores<\/strong><\/span><\/p>\n","protected":false},"author":3,"featured_media":0,"comment_status":"open","ping_status":"open","sticky":false,"template":"","format":"standard","meta":{"_monsterinsights_skip_tracking":false,"_monsterinsights_sitenote_active":false,"_monsterinsights_sitenote_note":"","_monsterinsights_sitenote_category":0,"footnotes":""},"categories":[81743],"tags":[81744,81776,43674],"class_list":["post-566854","post","type-post","status-publish","format-standard","hentry","category-eleazar-flores","tag-eleazar-flores","tag-espacio-electoral","tag-opinion"],"_links":{"self":[{"href":"https:\/\/www.diarioimagen.net\/index.php?rest_route=\/wp\/v2\/posts\/566854","targetHints":{"allow":["GET"]}}],"collection":[{"href":"https:\/\/www.diarioimagen.net\/index.php?rest_route=\/wp\/v2\/posts"}],"about":[{"href":"https:\/\/www.diarioimagen.net\/index.php?rest_route=\/wp\/v2\/types\/post"}],"author":[{"embeddable":true,"href":"https:\/\/www.diarioimagen.net\/index.php?rest_route=\/wp\/v2\/users\/3"}],"replies":[{"embeddable":true,"href":"https:\/\/www.diarioimagen.net\/index.php?rest_route=%2Fwp%2Fv2%2Fcomments&post=566854"}],"version-history":[{"count":0,"href":"https:\/\/www.diarioimagen.net\/index.php?rest_route=\/wp\/v2\/posts\/566854\/revisions"}],"wp:attachment":[{"href":"https:\/\/www.diarioimagen.net\/index.php?rest_route=%2Fwp%2Fv2%2Fmedia&parent=566854"}],"wp:term":[{"taxonomy":"category","embeddable":true,"href":"https:\/\/www.diarioimagen.net\/index.php?rest_route=%2Fwp%2Fv2%2Fcategories&post=566854"},{"taxonomy":"post_tag","embeddable":true,"href":"https:\/\/www.diarioimagen.net\/index.php?rest_route=%2Fwp%2Fv2%2Ftags&post=566854"}],"curies":[{"name":"wp","href":"https:\/\/api.w.org\/{rel}","templated":true}]}}