{"id":566871,"date":"2022-11-23T00:05:09","date_gmt":"2022-11-23T06:05:09","guid":{"rendered":"https:\/\/www.diarioimagen.net\/?p=566871"},"modified":"2022-11-25T02:45:05","modified_gmt":"2022-11-25T08:45:05","slug":"ultraderecha-al-ataque","status":"publish","type":"post","link":"https:\/\/www.diarioimagen.net\/?p=566871","title":{"rendered":"Ultraderecha al ataque"},"content":{"rendered":"<h2>Aunque pese<\/h2>\n<h5>Salvador Mart\u00ednez Garc\u00eda<\/h5>\n<p>&nbsp;<\/p>\n<p>La Ciudad de M\u00e9xico fue escogida por la ultraderecha internacional para realizar un desesperado c\u00f3nclave ante la visi\u00f3n progresista de la sociedad impulsada en muchas naciones del orbe, como la nuestra.<\/p>\n<p>Sin recato alguno los participantes de la Conferencia de Acci\u00f3n Pol\u00edtica Conservadora (CPAC), entre los que se encontraron personajes tristemente c\u00e9lebres como Steve Bannon, ex asesor de Donald Trump; Edoardo Bolsonaro, hijo del ex presidente Brasile\u00f1o, Jair Bolsonaro; Hermann Tertsch, eurodiputado del partido radical de derecha Vox, y por M\u00e9xico, Eduardo Ver\u00e1stegui, de filiaci\u00f3n panista, entre otros, se pronunciaron en contra del feminismo, la libertad de la mujer de decidir sobre su cuerpo, los derechos de la comunidad l\u00e9sbico-gay y otras posturas, para ellos neomarxistas.<\/p>\n<p>La intolerancia propia del fascismo qued\u00f3 plenamente demostrada con los ataques a la dirigencia actual del PAN, tach\u00e1ndola de \u201cderecha cobarde\u201d, de tibios, que arropa a gente sin percepciones claras. El ala conservadora del clero cat\u00f3lico mundial y nacional, no el Papa Francisco, estuvo presente tambi\u00e9n en el c\u00f3nclave, m\u00e1s que pol\u00edtico, conspiracionista, dici\u00e9ndose atacado por el gobierno del presidente L\u00f3pez Obrador. De manera oficiosa a nombre de la Iglesia, el hijo del l\u00edder del sinarquismo, Salvador Abascal Infante, Salvador Abascal Carranza, sentenci\u00f3: \u201cCuando falta Dios empiezan las problemas en cualquier sociedad\u201d. Obviamente, su principal bandera son la propiedad privada y la libre empresa, escudadas en una moralidad ultraconservadora supuestamente defensora de la vida pero opresora de la mujer, las libertades y derechos sustantivos del ser humano.<\/p>\n<p>Por eso no extra\u00f1a que en el 112 aniversario de la Revoluci\u00f3n Mexicana, el Ejecutivo federal haya se\u00f1alado \u201csin el apoyo de los m\u00e1s pobres, su gobierno hubiera sido derrotado por lo conservadores\u201d, estos que est\u00e1n ardidos y desesperados por el avance de gobiernos de izquierda social en Am\u00e9ricalatina.<\/p>\n<p style=\"text-align: center;\"><strong>Susurros<\/strong><\/p>\n<p>Contradictorio en su mensaje, Ricardo Monreal decidi\u00f3 lanzarse s\u00f3lo como aspirante a ser el candidato a la Presidencia por Morena. Presenta un Plan de Reconciliaci\u00f3n Nacional, cuando no puede ni siquiera lograr la reconciliaci\u00f3n con su partido.<\/p>\n<p>En la Arena M\u00e9xico, el a\u00fan presidente de la Jucopo del Senado de la Rep\u00fablica como militante morenista, sin decirlo, abri\u00f3 un choque con la l\u00ednea seguida por su partido y escud\u00e1ndose en frases atac\u00f3 la pol\u00edtica de la Cuarta Transformaci\u00f3n, de la que seguramente muy pronto se desprender\u00e1.<\/p>\n<p>Evit\u00f3 precisar nombres, pero s\u00f3lo como estrategia para alargar su agon\u00eda como morenista, mejor ser\u00eda que a\u00fan ahora diera la batalla con todo dentro de su partido si en verdad cree tener respaldo popular, antes de aceptar el cobijo, por cierto ya pedido de Movimiento Ciudadano. Pero eso no va a suceder, ni modo.<\/p>\n<p><a href=\"mailto:salvadormartinez@visionmx.com\" target=\"_blank\" rel=\"noopener\"><em>salvadormartinez@visionmx.com<\/em><\/a><br \/>\n<em>Twitter: <a href=\"https:\/\/twitter.com\/salvador_mtz\" target=\"_blank\" rel=\"noopener\">@salvador_mtz<\/a><\/em><\/p>\n","protected":false},"excerpt":{"rendered":"<p><span style=\"color: #005497;\"><strong>Salvador Mart\u00ednez Garc\u00eda<\/strong><\/span><\/p>\n","protected":false},"author":3,"featured_media":0,"comment_status":"open","ping_status":"open","sticky":false,"template":"","format":"standard","meta":{"_monsterinsights_skip_tracking":false,"_monsterinsights_sitenote_active":false,"_monsterinsights_sitenote_note":"","_monsterinsights_sitenote_category":0,"footnotes":""},"categories":[96743],"tags":[96744,43674,96745],"class_list":["post-566871","post","type-post","status-publish","format-standard","hentry","category-salvador-martinez-garcia","tag-aunque-pese","tag-opinion","tag-salvador-martinez-garcia"],"_links":{"self":[{"href":"https:\/\/www.diarioimagen.net\/index.php?rest_route=\/wp\/v2\/posts\/566871","targetHints":{"allow":["GET"]}}],"collection":[{"href":"https:\/\/www.diarioimagen.net\/index.php?rest_route=\/wp\/v2\/posts"}],"about":[{"href":"https:\/\/www.diarioimagen.net\/index.php?rest_route=\/wp\/v2\/types\/post"}],"author":[{"embeddable":true,"href":"https:\/\/www.diarioimagen.net\/index.php?rest_route=\/wp\/v2\/users\/3"}],"replies":[{"embeddable":true,"href":"https:\/\/www.diarioimagen.net\/index.php?rest_route=%2Fwp%2Fv2%2Fcomments&post=566871"}],"version-history":[{"count":0,"href":"https:\/\/www.diarioimagen.net\/index.php?rest_route=\/wp\/v2\/posts\/566871\/revisions"}],"wp:attachment":[{"href":"https:\/\/www.diarioimagen.net\/index.php?rest_route=%2Fwp%2Fv2%2Fmedia&parent=566871"}],"wp:term":[{"taxonomy":"category","embeddable":true,"href":"https:\/\/www.diarioimagen.net\/index.php?rest_route=%2Fwp%2Fv2%2Fcategories&post=566871"},{"taxonomy":"post_tag","embeddable":true,"href":"https:\/\/www.diarioimagen.net\/index.php?rest_route=%2Fwp%2Fv2%2Ftags&post=566871"}],"curies":[{"name":"wp","href":"https:\/\/api.w.org\/{rel}","templated":true}]}}