{"id":566961,"date":"2022-11-24T00:02:40","date_gmt":"2022-11-24T06:02:40","guid":{"rendered":"https:\/\/www.diarioimagen.net\/?p=566961"},"modified":"2022-11-23T23:36:54","modified_gmt":"2022-11-24T05:36:54","slug":"pri-no-aprobara-reforma-electoral-que-signifique-retroceso-a-lo-construido-alito","status":"publish","type":"post","link":"https:\/\/www.diarioimagen.net\/?p=566961","title":{"rendered":"PRI no aprobar\u00e1 reforma electoral que\u00a0signifique retroceso a lo construido: \u201cAlito\u201d"},"content":{"rendered":"<h2>La Retaguardia<\/h2>\n<h5>Adriana Moreno Cordero<\/h5>\n<p>&nbsp;<\/p>\n<p>Resulta que en la C\u00e1mara de Diputados, la bancada de Morena, que coordina <strong>Ignacio Mier Velazco<\/strong>, ya no halla ni c\u00f3mo complacer al presidente <strong>Andr\u00e9s Manuel L\u00f3pez Obrador<\/strong> en eso de que a sus iniciativas ni una coma se les debe quitar y eso, definitivamente, les nubla la raz\u00f3n y suponen que pueden utilizar vulgares artilugios para tratar de meter con calzador, ni m\u00e1s ni menos que la controvertida reforma electoral emergida desde Palacio Nacional.<\/p>\n<p>Y esto lo puso en evidencia, el l\u00edder nacional del PRI, <strong>Alejandro Moreno C\u00e1rdenas<\/strong>, quien en la reuni\u00f3n de la Comisiones Unidas de Reforma Pol\u00edtica-Electoral, Puntos Constitucionales y Gobernaci\u00f3n, y Poblaci\u00f3n advirti\u00f3 que lo que presentaron los morenistas, no fue m\u00e1s que un proyecto que pr\u00e1cticamente es copia fiel -eso s\u00ed-, de la iniciativa que present\u00f3 el Ejecutivo el 28 de abril pasado.<\/p>\n<p>Ante las dudas que se esparcen en el Palacio Legislativo de San L\u00e1zaro, el dirigente del tricolor dej\u00f3 muy en claro que \u00e9l y su bancada rechazan de manera rotunda\u00a0 cualquier propuesta que ponga en riesgo al Instituto Nacional Electoral, (INE); al Tribunal Electoral del Poder Judicial de la Federaci\u00f3n, (TEPJF) y, por ende, a los \u00f3rganos electorales locales e insisti\u00f3 en que en la reuni\u00f3n de las Comisiones, s\u00f3lo se dieron los lineamientos generales y de d\u00f3nde se ha construido este proyecto de dictamen cuya base es la propuesta de reforma electoral del presidente L\u00f3pez Obrador.<\/p>\n<p>Est\u00e1 visto que este proyecto carece -como lo subray\u00f3 Moreno C\u00e1rdenas-, tanto de pertinencia como de oportunidad, porque en primer lugar, s\u00f3lo puede observarse la visi\u00f3n del partido oficial y del gobierno, es decir, no est\u00e1 representada ninguna fuerza pol\u00edtica, adem\u00e1s de que m\u00e1s que el empe\u00f1o, la obsesi\u00f3n y necedad, radica en que L\u00f3pez Obrador y sus fieles y ciegos legisladores, pretenden que esta reforma electoral del tabasque\u00f1o se ponga a\u00a0 prueba justo en las elecciones del 2024.<\/p>\n<p>En este sentido, los ciudadanos requieren certeza, lo que en este momento ni Morena, ni sus r\u00e9moras otorgan, al contrario.<\/p>\n<p>Nuevamente, \u201cAlito\u201d Moreno reiter\u00f3 que el PRI no aprobara ni apoyar\u00e1 ninguna reforma que signifique un retroceso a lo que por a\u00f1os ha construido la ciudadan\u00eda. \u201cHoy estamos obligados a caminar por una ruta que mantenga la solidez en lo electoral\u201d, dijo el ex gobernador campechano, porque no es posible abordar una nueva ruta donde se pretende sustituir caprichosamente instituciones y por ello, se carece de todo an\u00e1lisis objetivo y consenso.<\/p>\n<p>\u201cSi en una materia hemos transitado por la v\u00eda de los consensos, es en la electoral. De ninguna manera podemos hacer de lado que cuando en buena parte de Am\u00e9rica Latina y el Caribe se daban\u00a0 las dictaduras, nosotros \u00edbamos por la v\u00eda opuesta y se presentaba la reforma de 1997. Este fue el paso para consolidar e ir construyendo el sistema pol\u00edtico en materia electoral\u201d.<\/p>\n<p>Y agreg\u00f3 el dirigente priista que \u201csiempre hemos pensado que nuestros afanes democr\u00e1ticos deben expresarse con leyes claras y transparentes. Nuestra democratizaci\u00f3n debe pasar por el perfeccionamiento de nuestras leyes v\u00eda el consenso y la apertura as\u00ed como la presencia de todas las fuerzas pol\u00edticas\u201d.<\/p>\n<p>As\u00ed, el intento que hicieron los de Morena por querer meter a fuerza la controvertida reforma electoral\u00a0 lopezobradorista, fue rechazado tambi\u00e9n por legisladores de Movimiento Ciudadano, el PAN y el PRD, que repudiaron la propuesta y reiteraron el voto en contra cuando dicha reforma se vote tanto en las comisiones como en el pleno, lo que ocurrir\u00e1 la semana entrante.<\/p>\n<p><strong>Municiones<\/strong><\/p>\n<p>*** Cuando no son las tapaderas de las coladeras que hay, tanto en la Ciudad de M\u00e9xico como en su zona conurbada las que desaparecen dejando tragedias como la muerte de Esmeralda y Sof\u00eda, pues ahora se trat\u00f3 de un intento de robo de cable, al parecer de fibra \u00f3ptica en las inmediaciones de la Terminal 2 del Aeropuerto de la Ciudad de M\u00e9xico, lo que ocasion\u00f3 un verdadero caos al afectarse el sistema para el ingreso de pasajeros provenientes del extranjero. Esto fue ocasi\u00f3n para que una vez m\u00e1s, esta errada y llamada Cuarta Transformaci\u00f3n, hiciera evidente su total incapacidad, esta vez, el Instituto Nacional de Migraci\u00f3n, pero tambi\u00e9n puso al descubierto que los planes de inquilino de Palacio Nacional de destruir la Terminal 2 y as\u00ed, a ver si funciona la \u201ccentral avionera\u201d \u201cFelipe \u00c1ngeles\u201d, siguen adelante, pero el caso es que ni \u00e9l viaja por ah\u00ed.<\/p>\n<p>*** Y hablando de asuntos de la CDMX, a la flamante jefa de Gobierno, <strong>Claudia Sheinbaum<\/strong>,\u00a0 no parece importarle nada de esto, pues est\u00e1 m\u00e1s ocupada en que pr\u00f3ximamente contraer\u00e1 nupcias con <strong>Jes\u00fas Mar\u00eda Tarriba Unger<\/strong>. \u00bfQuerr\u00e1 acaso la funcionaria capitalina emular de alguna manera al ex presidente <strong>Vicente Fox<\/strong>? El problema es que el ex mandatario guanajuatense, se cas\u00f3 con <strong>Marta Mar\u00eda Sahag\u00fan<\/strong>, cuando ya hab\u00eda alcanzado la Presidencia de la Rep\u00fablica y\u00a0 aqu\u00ed, la se\u00f1ora Sheinbaum -pr\u00f3ximamente De Tarriba), tambi\u00e9n, al igual que su jefe, podr\u00eda estar adelantando sus tiempos, o, \u00bfacaso se casar\u00e1 con su amado cuando ya sea candidata presidencial de Morena? Esto, si as\u00ed ocurriera, porque hay que ver qu\u00e9 pasar\u00e1 con el secretario de Gobernaci\u00f3n, <strong>Ad\u00e1n Augusto L\u00f3pez,<\/strong> y el de Relaciones Exteriores, <strong>Marcelo Ebrard<\/strong>, no le garantiza ganar las elecciones.<\/p>\n<p>*** \u00bfC\u00f3mo por qu\u00e9 tendr\u00eda el presidente de la Junta de Coordinaci\u00f3n Pol\u00edtica del Senado de la Rep\u00fablica, <strong>Ricardo Monreal<\/strong>, responderle con ciega lealtad al presidente L\u00f3pez Obrador? La pregunta viene a cuento porque el tambi\u00e9n coordinador morenista anunci\u00f3 que asistir\u00e1 a la Reuni\u00f3n Interparlamentaria M\u00e9xico-Espa\u00f1a, por lo que no participar\u00e1 en la marcha que con tanto \u201cbombo y platillo\u201d viene anunciando el tabasque\u00f1o que, y esto es muy importante, s\u00f3lo le ha dedicado desprecios al legislador zacatecano desde que \u00e9ste \u00faltimo tuvo la osad\u00eda de aspirar a la candidatura presidencial de Morena. Por ello, los senadores del partido oficial pertenecientes al ala dura y polarizante, como por ejemplo <strong>C\u00e9sar Cravioto<\/strong> y <strong>Citlalli Hern\u00e1ndez<\/strong>, de inmediato \u201cse pararon de pesta\u00f1as\u201d y le reclamaron a su coordinador que no est\u00e9 leal y ciegamente junto a L\u00f3pez Obrador el pr\u00f3ximo domingo. Si el inquilino de Palacio Nacional supuso que con legisladores como Cravioto y Hern\u00e1ndez podr\u00eda desactivar a Ricardo Monreal, pues qu\u00e9 equivocado est\u00e1.<\/p>\n<p><u><a href=\"mailto:morcora@gmail.com\" target=\"_blank\" rel=\"noopener noreferrer\"><em>morcora@gmail.com<\/em><\/a><\/u><\/p>\n","protected":false},"excerpt":{"rendered":"<p><span style=\"color: #005497;\"><strong>Adriana Moreno Cordero<\/strong><\/span><\/p>\n","protected":false},"author":3,"featured_media":0,"comment_status":"open","ping_status":"open","sticky":false,"template":"","format":"standard","meta":{"_monsterinsights_skip_tracking":false,"_monsterinsights_sitenote_active":false,"_monsterinsights_sitenote_note":"","_monsterinsights_sitenote_category":0,"footnotes":""},"categories":[69370],"tags":[69369,69368,43674],"class_list":["post-566961","post","type-post","status-publish","format-standard","hentry","category-adriana-moreno-cordero","tag-adriana-moreno-cordero","tag-la-retaguardia","tag-opinion"],"_links":{"self":[{"href":"https:\/\/www.diarioimagen.net\/index.php?rest_route=\/wp\/v2\/posts\/566961","targetHints":{"allow":["GET"]}}],"collection":[{"href":"https:\/\/www.diarioimagen.net\/index.php?rest_route=\/wp\/v2\/posts"}],"about":[{"href":"https:\/\/www.diarioimagen.net\/index.php?rest_route=\/wp\/v2\/types\/post"}],"author":[{"embeddable":true,"href":"https:\/\/www.diarioimagen.net\/index.php?rest_route=\/wp\/v2\/users\/3"}],"replies":[{"embeddable":true,"href":"https:\/\/www.diarioimagen.net\/index.php?rest_route=%2Fwp%2Fv2%2Fcomments&post=566961"}],"version-history":[{"count":0,"href":"https:\/\/www.diarioimagen.net\/index.php?rest_route=\/wp\/v2\/posts\/566961\/revisions"}],"wp:attachment":[{"href":"https:\/\/www.diarioimagen.net\/index.php?rest_route=%2Fwp%2Fv2%2Fmedia&parent=566961"}],"wp:term":[{"taxonomy":"category","embeddable":true,"href":"https:\/\/www.diarioimagen.net\/index.php?rest_route=%2Fwp%2Fv2%2Fcategories&post=566961"},{"taxonomy":"post_tag","embeddable":true,"href":"https:\/\/www.diarioimagen.net\/index.php?rest_route=%2Fwp%2Fv2%2Ftags&post=566961"}],"curies":[{"name":"wp","href":"https:\/\/api.w.org\/{rel}","templated":true}]}}